{"id":226952,"date":"2026-09-04T17:40:55","date_gmt":"2026-09-04T23:40:55","guid":{"rendered":"https:\/\/oaxacadiaadia.com\/?p=226952"},"modified":"2026-09-04T17:40:55","modified_gmt":"2026-09-04T23:40:55","slug":"conflicto-interno-en-escuela-lo-llevan-a-las-calles","status":"publish","type":"post","link":"https:\/\/oaxacadiaadia.com\/?p=226952","title":{"rendered":"Conflicto interno en escuela lo llevan a las calles"},"content":{"rendered":"\n<figure class=\"wp-block-image size-full\"><a href=\"https:\/\/oaxacadiaadia.com\/wp-content\/uploads\/2026\/09\/Conflicto-interno-en-escuela-lo-llevan-a-las-calles.jpg\"><img loading=\"lazy\" decoding=\"async\" width=\"416\" height=\"312\" src=\"https:\/\/oaxacadiaadia.com\/wp-content\/uploads\/2026\/09\/Conflicto-interno-en-escuela-lo-llevan-a-las-calles.jpg\" alt=\"\" class=\"wp-image-226953\" srcset=\"https:\/\/oaxacadiaadia.com\/wp-content\/uploads\/2026\/09\/Conflicto-interno-en-escuela-lo-llevan-a-las-calles.jpg 416w, https:\/\/oaxacadiaadia.com\/wp-content\/uploads\/2026\/09\/Conflicto-interno-en-escuela-lo-llevan-a-las-calles-300x225.jpg 300w\" sizes=\"auto, (max-width: 416px) 100vw, 416px\" \/><\/a><\/figure>\n\n\n\n<p>*Protesta y bloqueo en Plaza Bella<\/p>\n\n\n\n<p>*Padres de familia exigen soluci\u00f3n al conflicto en escuela<\/p>\n\n\n\n<!--more-->\n\n\n\n<p>Oaxaca, Oaxaca, Viernes 04 de Septiembre, 2026, (Fuente: Agencias).- Padres de familia y maestros de la escuela primaria \u201cCultural Campesina\u201d, bloquearon este viernes el crucero de la zona comercial denominada Plaza Bella, en la agencia de Montoya, perteneciente al municipio de la capital de Oaxaca, para exigir la intervenci\u00f3n de las autoridades ante un conflicto que, aseguran, ha generado inconformidad dentro de la comunidad escolar.<\/p>\n\n\n\n<p>Los manifestantes se\u00f1alaron que el conflicto involucra a un padre de familia cuyo hijo lleva aproximadamente cuatro a\u00f1os estudiando en la instituci\u00f3n y a quien acusan de negarse de manera constante a participar en actividades comunitarias como asambleas, tequios y cooperaciones, necesarias \u2014afirman\u2014 para atender las necesidades de la escuela.<\/p>\n\n\n\n<p>De acuerdo con los padres inconformes, la situaci\u00f3n se ha agravado debido a diversos desencuentros con el padre de familia, a quien se\u00f1alan de mantener una actitud agresiva durante algunas reuniones.<\/p>\n\n\n\n<p>Asimismo, denunciaron que recientemente dicho padre present\u00f3 una denuncia contra la directora y los integrantes de los comit\u00e9s escolares, lo que habr\u00eda derivado en la intervenci\u00f3n de un juez y en la imposici\u00f3n de una multa.<\/p>\n\n\n\n<p>Ante esta situaci\u00f3n, la comunidad escolar realiz\u00f3 una asamblea y acord\u00f3 llevar a cabo el bloqueo como medida de presi\u00f3n para solicitar que las autoridades correspondientes intervengan y ayuden a resolver el conflicto.<\/p>\n\n\n\n<p>Los padres de familia dejaron claro que su intenci\u00f3n es que el problema sea atendido por las instancias competentes y que se encuentre una soluci\u00f3n mediante el di\u00e1logo, evitando que el conflicto contin\u00fae afectando la convivencia y el funcionamiento de la instituci\u00f3n.<\/p>\n\n\n\n<p>\u201cPedimos una soluci\u00f3n y que las autoridades intervengan\u201d, manifestaron los inconformes.<\/p>\n\n\n\n<p>Finalmente, los padres de familia ofrecieron una disculpa a automovilistas, trabajadores y ciudadanos que resulten afectados por el bloqueo, al reconocer las molestias que genera la interrupci\u00f3n de la circulaci\u00f3n.<\/p>\n\n\n\n<p>La protesta continuar\u00eda hasta que, se\u00f1alaron, exista atenci\u00f3n de las autoridades y una respuesta a sus demandas.<\/p>\n\n\n\n<p><strong>\u201cLlegamos al hartazgo\u201d: padres bloquean Plaza Bella y exigen intervenci\u00f3n del IEEPO ante presunto acoso en la Primaria Cultura Campesina<\/strong><\/p>\n\n\n\n<p>Fue as\u00ed que, padres de familia de la Escuela Primaria \u00abCultura Campesina\u00bb, ubicada en la agencia municipal de Montoya, Oaxaca, realizaron este viernes 4 de septiembre un bloqueo total en el crucero de Plaza Bella, cerrando la circulaci\u00f3n con unidades del transporte p\u00fablico retenidas hacia Atzompa, la colonia Ni\u00f1os H\u00e9roes, el crucero Tecnol\u00f3gico y asentamientos aleda\u00f1os. La manifestaci\u00f3n pac\u00edfica exige atenci\u00f3n inmediata ante el constante hostigamiento, agresiones verbales y m\u00faltiples demandas iniciadas por un padre de familia contra las madres y el personal docente, una problem\u00e1tica que afecta directamente a 270 estudiantes y que se ha prolongado a lo largo de casi tres ciclos escolares.<\/p>\n\n\n\n<p>Arturo Cruz, presidente del Comit\u00e9 de Padres de Familia del plantel, explic\u00f3 que la comunidad lleg\u00f3 al hartazgo tras soportar provocaciones, intimidaciones y la constante negativa del se\u00f1alado a colaborar en las actividades escolares. El representante enfatiz\u00f3 que no se trata de un incidente aislado, pues el tutor en cuesti\u00f3n manej\u00f3 la misma din\u00e1mica conflictiva con dos de sus hijos mayores en el pasado. Ante este escenario, la asamblea decidi\u00f3 poner un alto definitivo para salvaguardar la integridad de la comunidad educativa.<\/p>\n\n\n\n<p>Para destrabar el conflicto, los manifestantes exigen la intervenci\u00f3n de las dependencias correspondientes, espec\u00edficamente del Instituto Estatal de Educaci\u00f3n P\u00fablica de Oaxaca (IEEPO) y de la Defensor\u00eda de los Derechos Humanos del Pueblo de Oaxaca. Aunque ya se present\u00f3 un acercamiento inicial con delegados y embajadoras de paz, advirtieron que mantendr\u00e1n el cierre vial hasta que se instale formalmente una mesa de trabajo en la agencia municipal, con el fin de llegar a un acuerdo definitivo que prevenga mayores afectaciones a los involucrados.<\/p>\n","protected":false},"excerpt":{"rendered":"<p>*Protesta y bloqueo en Plaza Bella *Padres de familia exigen soluci\u00f3n al conflicto en escuela<\/p>\n","protected":false},"author":1,"featured_media":226953,"comment_status":"closed","ping_status":"closed","sticky":false,"template":"","format":"standard","meta":{"footnotes":""},"categories":[11,3,12],"tags":[],"class_list":["post-226952","post","type-post","status-publish","format-standard","has-post-thumbnail","hentry","category-capital","category-las-destacadas","category-lo-de-siempre"],"_links":{"self":[{"href":"https:\/\/oaxacadiaadia.com\/index.php?rest_route=\/wp\/v2\/posts\/226952","targetHints":{"allow":["GET"]}}],"collection":[{"href":"https:\/\/oaxacadiaadia.com\/index.php?rest_route=\/wp\/v2\/posts"}],"about":[{"href":"https:\/\/oaxacadiaadia.com\/index.php?rest_route=\/wp\/v2\/types\/post"}],"author":[{"embeddable":true,"href":"https:\/\/oaxacadiaadia.com\/index.php?rest_route=\/wp\/v2\/users\/1"}],"replies":[{"embeddable":true,"href":"https:\/\/oaxacadiaadia.com\/index.php?rest_route=%2Fwp%2Fv2%2Fcomments&post=226952"}],"version-history":[{"count":1,"href":"https:\/\/oaxacadiaadia.com\/index.php?rest_route=\/wp\/v2\/posts\/226952\/revisions"}],"predecessor-version":[{"id":226954,"href":"https:\/\/oaxacadiaadia.com\/index.php?rest_route=\/wp\/v2\/posts\/226952\/revisions\/226954"}],"wp:featuredmedia":[{"embeddable":true,"href":"https:\/\/oaxacadiaadia.com\/index.php?rest_route=\/wp\/v2\/media\/226953"}],"wp:attachment":[{"href":"https:\/\/oaxacadiaadia.com\/index.php?rest_route=%2Fwp%2Fv2%2Fmedia&parent=226952"}],"wp:term":[{"taxonomy":"category","embeddable":true,"href":"https:\/\/oaxacadiaadia.com\/index.php?rest_route=%2Fwp%2Fv2%2Fcategories&post=226952"},{"taxonomy":"post_tag","embeddable":true,"href":"https:\/\/oaxacadiaadia.com\/index.php?rest_route=%2Fwp%2Fv2%2Ftags&post=226952"}],"curies":[{"name":"wp","href":"https:\/\/api.w.org\/{rel}","templated":true}]}}