{"id":226944,"date":"2026-09-04T17:38:38","date_gmt":"2026-09-04T23:38:38","guid":{"rendered":"https:\/\/oaxacadiaadia.com\/?p=226944"},"modified":"2026-09-04T17:45:50","modified_gmt":"2026-09-04T23:45:50","slug":"energico-rechazo-al-corredor-zapoteco","status":"publish","type":"post","link":"https:\/\/oaxacadiaadia.com\/?p=226944","title":{"rendered":"En\u00e9rgico rechazo al Corredor Zapoteco"},"content":{"rendered":"\n<figure class=\"wp-block-image size-full\"><a href=\"https:\/\/oaxacadiaadia.com\/wp-content\/uploads\/2026\/09\/Energico-rechazo-al-Corredor-Zapoteco.jpg\"><img loading=\"lazy\" decoding=\"async\" width=\"408\" height=\"306\" src=\"https:\/\/oaxacadiaadia.com\/wp-content\/uploads\/2026\/09\/Energico-rechazo-al-Corredor-Zapoteco.jpg\" alt=\"\" class=\"wp-image-226945\" srcset=\"https:\/\/oaxacadiaadia.com\/wp-content\/uploads\/2026\/09\/Energico-rechazo-al-Corredor-Zapoteco.jpg 408w, https:\/\/oaxacadiaadia.com\/wp-content\/uploads\/2026\/09\/Energico-rechazo-al-Corredor-Zapoteco-300x225.jpg 300w\" sizes=\"auto, (max-width: 408px) 100vw, 408px\" \/><\/a><\/figure>\n\n\n\n<!--more-->\n\n\n\n<p>Oaxaca, Oaxaca, Viernes 04 de Septiembre, 2026, (Fuente: Lisbeth Mej\u00eda Reyes \/ Agencia Zona Roja).- Comunidades zapotecas que integran la Coordinadora de Pueblos Unidos por el Cuidado y Defensa del Agua (Copuda) respaldaron a las asambleas de San Mart\u00edn Tilcajete y Santa Ana Zegache, mismas que determinaron rechazar la construcci\u00f3n del Corredor Zapoteco (antes Libramiento Sur) porque \u201cafectar\u00eda sus territorios sagrados, agr\u00edcolas y de recarga del acu\u00edfero\u201d.<\/p>\n\n\n\n<p>Sin embargo, tambi\u00e9n denunciaron que, pese a la negativa, el gobierno estatal busca imponer el proyecto, por lo que exhortaron al Gobierno del Estado y al Gobierno de M\u00e9xico a respetar sus sistemas normativos y la libre determinaci\u00f3n.<\/p>\n\n\n\n<p>En un pronunciamiento publicado este 2 de septiembre, como resultado de la asamblea del 29 de agosto, las 18 comunidades que conforman Copuda, incluidas San Mart\u00edn Tilcajete y Santa Ana Zegache, tambi\u00e9n respaldaron a otras poblaciones de los valles centrales de Oaxaca que \u201cen el ejercicio del derecho de la libre determinaci\u00f3n y autonom\u00eda, han determinado la protecci\u00f3n de sus territorios ind\u00edgenas\u201d.<\/p>\n\n\n\n<p>La Copuda explic\u00f3 que en su asamblea regional el presidente municipal de San Mart\u00edn Tilcajete \u201cdenunci\u00f3 que el gobierno del estado de Oaxaca pretende imponer el corredor vial zapoteco\u201d, a pesar de que en las asambleas del 18 de julio y 22 de agosto, \u201cdonde participaron diversos funcionarios del gobierno del estado de Oaxaca, la comunidad dio un rotundo no al corredor vial zapoteco que afectar\u00eda gran parte de sus territorios\u201d. Entre estos, sus lugares sagrados, que cuentan con una protecci\u00f3n especial \u201cque obliga al Estado a respetar su integridad cultural y espiritual\u201d.<\/p>\n\n\n\n<p>En la asamblea, Santa Ana Zegache tambi\u00e9n denunci\u00f3 que \u201ca pesar de la determinaci\u00f3n de la asamblea comunitaria como m\u00e1xima autoridad de toma de decisiones, el gobierno del estado no descansa y hostiga a las autoridades, pretendiendo generar confusi\u00f3n y divisi\u00f3n en la comunidad para que puedan aceptar y dar su consentimiento para el corredor vial zapoteco\u201d.<\/p>\n\n\n\n<p>Al exigir respeto a sus decisiones, las comunidades se\u00f1alaron que, \u201cbajo el marco constitucional vigente, las decisiones de las asambleas ind\u00edgenas poseen validez jur\u00eddica plena y car\u00e1cter vinculante, por lo que cualquier intento de imposici\u00f3n violenta la legalidad\u201d.<\/p>\n\n\n\n<p>En su pronunciamiento, las comunidades que integran la Copuda solicitaron que cualquier infraestructura que atraviese zonas agr\u00edcolas, \u00e1reas de infiltraci\u00f3n, cauces, espacios de recarga o ecosistemas asociados al funcionamiento de nuestro acu\u00edfero sea evaluada integralmente con un enfoque social, cultural y ambiental antes de adoptarse una decisi\u00f3n irreversible.<\/p>\n\n\n\n<p>Este pronunciamiento se suma a los que han realizado en asambleas y en otras actividades al menos 20 comunidades de los valles centrales en contra del corredor zapoteco, que pretende conectar la carretera federal 135 con la 175 y la 190, en un trayecto de aproximadamente 70 kil\u00f3metros, desde Soledad Etla hasta Tlacochahuaya.<\/p>\n","protected":false},"excerpt":{"rendered":"","protected":false},"author":1,"featured_media":226945,"comment_status":"closed","ping_status":"closed","sticky":false,"template":"","format":"standard","meta":{"footnotes":""},"categories":[11,8,3,7,14],"tags":[],"class_list":["post-226944","post","type-post","status-publish","format-standard","has-post-thumbnail","hentry","category-capital","category-cultura","category-las-destacadas","category-municipal","category-titulares"],"_links":{"self":[{"href":"https:\/\/oaxacadiaadia.com\/index.php?rest_route=\/wp\/v2\/posts\/226944","targetHints":{"allow":["GET"]}}],"collection":[{"href":"https:\/\/oaxacadiaadia.com\/index.php?rest_route=\/wp\/v2\/posts"}],"about":[{"href":"https:\/\/oaxacadiaadia.com\/index.php?rest_route=\/wp\/v2\/types\/post"}],"author":[{"embeddable":true,"href":"https:\/\/oaxacadiaadia.com\/index.php?rest_route=\/wp\/v2\/users\/1"}],"replies":[{"embeddable":true,"href":"https:\/\/oaxacadiaadia.com\/index.php?rest_route=%2Fwp%2Fv2%2Fcomments&post=226944"}],"version-history":[{"count":1,"href":"https:\/\/oaxacadiaadia.com\/index.php?rest_route=\/wp\/v2\/posts\/226944\/revisions"}],"predecessor-version":[{"id":226946,"href":"https:\/\/oaxacadiaadia.com\/index.php?rest_route=\/wp\/v2\/posts\/226944\/revisions\/226946"}],"wp:featuredmedia":[{"embeddable":true,"href":"https:\/\/oaxacadiaadia.com\/index.php?rest_route=\/wp\/v2\/media\/226945"}],"wp:attachment":[{"href":"https:\/\/oaxacadiaadia.com\/index.php?rest_route=%2Fwp%2Fv2%2Fmedia&parent=226944"}],"wp:term":[{"taxonomy":"category","embeddable":true,"href":"https:\/\/oaxacadiaadia.com\/index.php?rest_route=%2Fwp%2Fv2%2Fcategories&post=226944"},{"taxonomy":"post_tag","embeddable":true,"href":"https:\/\/oaxacadiaadia.com\/index.php?rest_route=%2Fwp%2Fv2%2Ftags&post=226944"}],"curies":[{"name":"wp","href":"https:\/\/api.w.org\/{rel}","templated":true}]}}