{"id":226938,"date":"2026-09-04T17:35:13","date_gmt":"2026-09-04T23:35:13","guid":{"rendered":"https:\/\/oaxacadiaadia.com\/?p=226938"},"modified":"2026-09-04T17:35:14","modified_gmt":"2026-09-04T23:35:14","slug":"reconocen-a-las-maestras-mezcaleras-de-oaxaca","status":"publish","type":"post","link":"https:\/\/oaxacadiaadia.com\/?p=226938","title":{"rendered":"Reconocen a las maestras mezcaleras de Oaxaca"},"content":{"rendered":"\n<figure class=\"wp-block-image size-full\"><a href=\"https:\/\/oaxacadiaadia.com\/wp-content\/uploads\/2026\/09\/Reconocen-a-las-maestras-mezcaleras-de-Oaxaca.jpg\"><img loading=\"lazy\" decoding=\"async\" width=\"412\" height=\"164\" src=\"https:\/\/oaxacadiaadia.com\/wp-content\/uploads\/2026\/09\/Reconocen-a-las-maestras-mezcaleras-de-Oaxaca.jpg\" alt=\"\" class=\"wp-image-226939\" srcset=\"https:\/\/oaxacadiaadia.com\/wp-content\/uploads\/2026\/09\/Reconocen-a-las-maestras-mezcaleras-de-Oaxaca.jpg 412w, https:\/\/oaxacadiaadia.com\/wp-content\/uploads\/2026\/09\/Reconocen-a-las-maestras-mezcaleras-de-Oaxaca-300x119.jpg 300w\" sizes=\"auto, (max-width: 412px) 100vw, 412px\" \/><\/a><\/figure>\n\n\n\n<!--more-->\n\n\n\n<p>Oaxaca, Oaxaca, Viernes 04 de Septiembre, 2026, (Fuente: Facebook: ECO 570).- Con una propuesta que busca poner en el centro el trabajo, la tradici\u00f3n y el talento de las mujeres productoras de mezcal, abri\u00f3 sus puertas Naa Mezcaler\u00eda, un nuevo espacio dedicado a celebrar la cultura mezcalera de Oaxaca.<\/p>\n\n\n\n<p>Ubicada en Armenta y L\u00f3pez esquina con Guerrero, en el Centro de Oaxaca de Ju\u00e1rez, al interior del restaurante BR\u00cdO, Naa Mezcaler\u00eda ofrece un punto de encuentro para conocer y disfrutar mezcales elaborados por maestras mezcaleras, reconociendo el trabajo artesanal que existe detr\u00e1s de cada botella.<\/p>\n\n\n\n<p>M\u00e1s que una mezcaler\u00eda, este espacio busca visibilizar el papel de las mujeres en una tradici\u00f3n profundamente arraigada en Oaxaca y fortalecer el consumo responsable y el conocimiento del mezcal.<\/p>\n\n\n\n<p>Naa Mezcaler\u00eda abre sus puertas para compartir el amor por el mezcal, la identidad oaxaque\u00f1a y las historias de quienes lo producen.<\/p>\n","protected":false},"excerpt":{"rendered":"","protected":false},"author":1,"featured_media":226939,"comment_status":"closed","ping_status":"closed","sticky":false,"template":"","format":"standard","meta":{"footnotes":""},"categories":[11,8,3],"tags":[],"class_list":["post-226938","post","type-post","status-publish","format-standard","has-post-thumbnail","hentry","category-capital","category-cultura","category-las-destacadas"],"_links":{"self":[{"href":"https:\/\/oaxacadiaadia.com\/index.php?rest_route=\/wp\/v2\/posts\/226938","targetHints":{"allow":["GET"]}}],"collection":[{"href":"https:\/\/oaxacadiaadia.com\/index.php?rest_route=\/wp\/v2\/posts"}],"about":[{"href":"https:\/\/oaxacadiaadia.com\/index.php?rest_route=\/wp\/v2\/types\/post"}],"author":[{"embeddable":true,"href":"https:\/\/oaxacadiaadia.com\/index.php?rest_route=\/wp\/v2\/users\/1"}],"replies":[{"embeddable":true,"href":"https:\/\/oaxacadiaadia.com\/index.php?rest_route=%2Fwp%2Fv2%2Fcomments&post=226938"}],"version-history":[{"count":1,"href":"https:\/\/oaxacadiaadia.com\/index.php?rest_route=\/wp\/v2\/posts\/226938\/revisions"}],"predecessor-version":[{"id":226940,"href":"https:\/\/oaxacadiaadia.com\/index.php?rest_route=\/wp\/v2\/posts\/226938\/revisions\/226940"}],"wp:featuredmedia":[{"embeddable":true,"href":"https:\/\/oaxacadiaadia.com\/index.php?rest_route=\/wp\/v2\/media\/226939"}],"wp:attachment":[{"href":"https:\/\/oaxacadiaadia.com\/index.php?rest_route=%2Fwp%2Fv2%2Fmedia&parent=226938"}],"wp:term":[{"taxonomy":"category","embeddable":true,"href":"https:\/\/oaxacadiaadia.com\/index.php?rest_route=%2Fwp%2Fv2%2Fcategories&post=226938"},{"taxonomy":"post_tag","embeddable":true,"href":"https:\/\/oaxacadiaadia.com\/index.php?rest_route=%2Fwp%2Fv2%2Ftags&post=226938"}],"curies":[{"name":"wp","href":"https:\/\/api.w.org\/{rel}","templated":true}]}}