{"id":226932,"date":"2026-09-04T17:33:19","date_gmt":"2026-09-04T23:33:19","guid":{"rendered":"https:\/\/oaxacadiaadia.com\/?p=226932"},"modified":"2026-09-04T17:33:20","modified_gmt":"2026-09-04T23:33:20","slug":"ejecutan-a-joven-fisioterapeuta","status":"publish","type":"post","link":"https:\/\/oaxacadiaadia.com\/?p=226932","title":{"rendered":"Ejecutan a joven fisioterapeuta"},"content":{"rendered":"\n<figure class=\"wp-block-image size-full\"><a href=\"https:\/\/oaxacadiaadia.com\/wp-content\/uploads\/2026\/09\/Ejecutan-a-joven-fisioterapeuta.jpg\"><img loading=\"lazy\" decoding=\"async\" width=\"410\" height=\"253\" src=\"https:\/\/oaxacadiaadia.com\/wp-content\/uploads\/2026\/09\/Ejecutan-a-joven-fisioterapeuta.jpg\" alt=\"\" class=\"wp-image-226933\" srcset=\"https:\/\/oaxacadiaadia.com\/wp-content\/uploads\/2026\/09\/Ejecutan-a-joven-fisioterapeuta.jpg 410w, https:\/\/oaxacadiaadia.com\/wp-content\/uploads\/2026\/09\/Ejecutan-a-joven-fisioterapeuta-300x185.jpg 300w\" sizes=\"auto, (max-width: 410px) 100vw, 410px\" \/><\/a><\/figure>\n\n\n\n<!--more-->\n\n\n\n<p>Oaxaca, Oaxaca, Viernes 04 de Septiembre, 2026, (Fuente: Agencia Zona Roja).- Como Luis Andr\u00e9s L. P., de 28 a\u00f1os de edad y con domicilio en el fraccionamiento Los R\u00edos de la capital, fue identificada la persona asesinada a balazos la noche del pasado mi\u00e9rcoles en la capital de Oaxaca.<\/p>\n\n\n\n<p>El crimen se perpetr\u00f3 poco despu\u00e9s de las 19 horas en la calle Pensamientos, casi esquina con Sabinos, en la colonia Reforma; el joven fue atacado a balazos a bordo de su veh\u00edculo marca Chevrolet tipo Aveo, con placas de circulaci\u00f3n THH-639-A, color amarillo.<\/p>\n\n\n\n<p>Al parecer intent\u00f3 huir, pero unos pasos m\u00e1s adelante cay\u00f3 abatido; param\u00e9dicos confirmaron que ya no contaba con signos vitales.<\/p>\n\n\n\n<p>La Fiscal\u00eda General del Estado contin\u00faa con la investigaci\u00f3n y hasta el momento se desconoce el m\u00f3vil del crimen.<\/p>\n\n\n\n<p>Con el pasar de las horas se pudo establecer que, Luis Andr\u00e9s, de 28 a\u00f1os de edad, era de profesi\u00f3n fisioterapeuta.<\/p>\n\n\n\n<p>Es importante mencionar que, semanas antes, la v\u00edctima hab\u00eda denunciado da\u00f1os a su veh\u00edculo, por lo que las autoridades investigan tambi\u00e9n este hecho, sin descartar otras l\u00edneas.<\/p>\n\n\n\n<p>Hoy familiares y amigos lloran su partida y exigen justicia, para el joven terapeuta.<\/p>\n\n\n\n<p>\u201cHoy despedimos con tristeza a quien dej\u00f3 huellas imborrables en nuestras vidas. Agradecemos su cari\u00f1o y apoyo en este momento tan dif\u00edcil\u201d. Con estas palabras, familiares y seres queridos despiden a Luis Andr\u00e9s, joven fisioterapeuta que perdi\u00f3 la vida la noche del mi\u00e9rcoles en la colonia Reforma, en la capital de Oaxaca.<\/p>\n\n\n\n<p>Luis Andr\u00e9s fue atacado alrededor de las 19 horas en el cruce de las calles Pensamientos y Sabinos, cuando se dispon\u00eda a abordar su autom\u00f3vil.<\/p>\n\n\n\n<p>De acuerdo con reportes, recibi\u00f3 al menos tres impactos de arma de fuego y, pese a la llegada de los cuerpos de emergencia, los param\u00e9dicos confirmaron que ya no contaba con signos vitales.<\/p>\n\n\n\n<p>El joven era vecino del fraccionamiento Los R\u00edos, en la agencia de Dolores, y era egresado de la Universidad La Salle Oaxaca, de acuerdo con informaci\u00f3n difundida tras su identificaci\u00f3n.<\/p>\n\n\n\n<p>Mientras familiares y amigos comienzan a despedirlo, la Fiscal\u00eda General del Estado mantiene las investigaciones para esclarecer lo ocurrido y determinar el m\u00f3vil del ataque. Hasta el momento, no se ha informado p\u00fablicamente de personas detenidas por este caso.<\/p>\n\n\n\n<p>Durante la noche de ese mi\u00e9rcoles, luego de las diligencias del personal de la Fiscal\u00eda General de Oaxaca, minutos despu\u00e9s lleg\u00f3 uno de los momentos m\u00e1s dolorosos: familiares del joven arribaron al lugar y reconocieron su cuerpo, confirmando que se trataba de Luis Andr\u00e9s.<\/p>\n\n\n\n<p>Sus familiares informaron que el joven ejerc\u00eda como fisioterapeuta y brindaba atenci\u00f3n a domicilio, por lo que constantemente se desplazaba a distintos puntos de la ciudad para atender a sus pacientes.<\/p>\n\n\n\n<p>Los familiares tambi\u00e9n revelaron que anteriormente Luis Andr\u00e9s hab\u00eda presentado una denuncia debido a da\u00f1os ocasionados a su veh\u00edculo. Este antecedente forma parte de las l\u00edneas que deber\u00e1n ser analizadas por la autoridad ministerial para establecer si existe alguna relaci\u00f3n con el asesinato.<\/p>\n\n\n\n<p>De manera preliminar tambi\u00e9n se contempla un posible m\u00f3vil de car\u00e1cter pasional; sin embargo, esta hip\u00f3tesis no ha sido confirmada y ser\u00e1 la Fiscal\u00eda la encargada de determinar si tiene sustento conforme avancen las investigaciones.<\/p>\n\n\n\n<p>Peritos de la FGEO realizaron en ese momento la b\u00fasqueda, fijaci\u00f3n y levantamiento de indicios, adem\u00e1s de las diligencias necesarias para reconstruir la mec\u00e1nica del ataque y establecer la identidad de los responsables.<\/p>\n\n\n\n<p>Una vez concluidos los trabajos ministeriales, el cuerpo fue trasladado al Servicio M\u00e9dico Forense (SEMEFO) para los estudios correspondientes y posteriormente fuera entregado a sus familiares.<\/p>\n\n\n\n<p>Por otra parte, en Juchit\u00e1n de Zaragoza fue asesinado un adulto mayor y su cuerpo fue localizado la ma\u00f1ana del mi\u00e9rcoles en la carretera local hacia Uni\u00f3n Hidalgo, cerca del \u201cEstero\u201d.<\/p>\n\n\n\n<p>La v\u00edctima fue identificada esta noche como Rafael \u201cN\u201d, quien ten\u00eda su domicilio en la Sexta Secci\u00f3n de la ciudad juchiteca; presenta disparos de arma de fuego en el cuerpo.<\/p>\n\n\n\n<p>Apenas la noche del martes balearon el domicilio de un funcionario del IEEPO, en la Quinta Secci\u00f3n de Juchit\u00e1n; tampoco se conoce el motivo que originaron estos hechos violentos.<\/p>\n\n\n\n<p><strong>Identifican a padre y su hijo adolescente asesinados en Ejutla<\/strong><\/p>\n\n\n\n<p>Por otra parte, un padre de familia y su hijo adolescente fueron asesinados a balazos en Ejutla de Crespo, regi\u00f3n Valles Centrales de Oaxaca.<\/p>\n\n\n\n<p>Las v\u00edctimas fueron identificadas como Pedro M. A., de 46 a\u00f1os de edad, y V. M. N. V., de 16 a\u00f1os.<\/p>\n\n\n\n<p>Los hechos sucedieron la noche del pasado mi\u00e9rcoles, cuando ambas personas se trasladaban a bordo de su motocicleta y fueron atacadas a balazos a la altura del barrio El Mezquite, perteneciente a la comunidad de La Escalera, Ejutla.<\/p>\n\n\n\n<p>Fue en los primeros minutos del jueves en que culminaron las diligencias por parte de personal de la Fiscal\u00eda General del Estado de Oaxaca y hasta el momento se desconoce el m\u00f3vil del ataque.<\/p>\n\n\n\n<p>Por otra parte, tambi\u00e9n el jueves, pero en la comunidad de Arroyo Tigre, municipio de San Miguel Soyaltepec, del distrito de Tuxtepec, en la regi\u00f3n Cuenca de Oaxaca, presuntamente se registr\u00f3 un enfrentamiento entre polic\u00edas y civiles.<\/p>\n\n\n\n<p>El saldo preliminar fue de una persona del sexo masculino fallecida; sin embargo, hasta el momento no hay mayores detalles de estos hechos.<\/p>\n\n\n\n<p>Y como se inform\u00f3, durante la ma\u00f1ana del jueves, en la agencia municipal de Puerto Escondido (del distrito de Juquila, regi\u00f3n Costa de Oaxaca), fue asesinada a balazos una mujer, cuyas causas del probable feminicidio a\u00fan se desconocen.<\/p>\n\n\n\n<p>En todos los casos, hasta el momento no hay reporte de personas detenidas, por parte de las autoridades policiacas o ministeriales.<\/p>\n\n\n\n<p><strong>Crimen otra vez en Puerto Escondido, ahora de una mujer<\/strong><\/p>\n\n\n\n<p>En otra acci\u00f3n, mientras el agente municipal de Puerto Escondido, Iv\u00e1n Mijangos Pe\u00f1a, pasea en la Ciudad de M\u00e9xico, la violencia arrecia en ese destino tur\u00edstico del distrito de Juquila, regi\u00f3n Costa de Oaxaca.<\/p>\n\n\n\n<p>Este jueves asesinaron a balazos a una mujer, curato crimen que ocurre en un periodo de una semana.<\/p>\n\n\n\n<p>El m\u00e1s reciente caso ocurri\u00f3 en la calle Arena del fraccionamiento Granjas del Pescador, donde se escucharon m\u00faltiples disparos de arma de fuego.<\/p>\n\n\n\n<p>Al llegar polic\u00edas y param\u00e9dicos, corroboraron la existencia de un cuerpo sin vida de una persona del sexo femenino, con varios impactos de bala.<\/p>\n\n\n\n<p>De manera preliminar fue identificada como T. C., de aproximadamente 40 a\u00f1os de edad y hasta el momento se desconoce el m\u00f3vil del crimen.<\/p>\n\n\n\n<p>Como lo ha informado ZONA ROJA, el pasado martes ultimaron a balazos a un individuo, cerca del aeropuerto internacional; otros dos cr\u00edmenes ocurrieron el viernes y jueves de la semana pasada.<\/p>\n\n\n\n<p><strong>En Pe\u00f1asco<\/strong><\/p>\n\n\n\n<p>Por otra parte, el pasado mi\u00e9rcoles por la noche un individuo fue asesinado a balazos en San Jos\u00e9 del Pe\u00f1asco, perteneciente al distrito de Miahuatl\u00e1n, en la regi\u00f3n Sierra Sur del estado.<\/p>\n\n\n\n<p>De manera preliminar se dio a conocer que la v\u00edctima fue identificada como Ren\u00e9 R., de aproximadamente 40 a\u00f1os de edad, cuyo cuerpo presentaba varios impactos de bala.<\/p>\n","protected":false},"excerpt":{"rendered":"","protected":false},"author":1,"featured_media":226933,"comment_status":"closed","ping_status":"closed","sticky":false,"template":"","format":"standard","meta":{"footnotes":""},"categories":[11,3,7,4],"tags":[],"class_list":["post-226932","post","type-post","status-publish","format-standard","has-post-thumbnail","hentry","category-capital","category-las-destacadas","category-municipal","category-policiaca"],"_links":{"self":[{"href":"https:\/\/oaxacadiaadia.com\/index.php?rest_route=\/wp\/v2\/posts\/226932","targetHints":{"allow":["GET"]}}],"collection":[{"href":"https:\/\/oaxacadiaadia.com\/index.php?rest_route=\/wp\/v2\/posts"}],"about":[{"href":"https:\/\/oaxacadiaadia.com\/index.php?rest_route=\/wp\/v2\/types\/post"}],"author":[{"embeddable":true,"href":"https:\/\/oaxacadiaadia.com\/index.php?rest_route=\/wp\/v2\/users\/1"}],"replies":[{"embeddable":true,"href":"https:\/\/oaxacadiaadia.com\/index.php?rest_route=%2Fwp%2Fv2%2Fcomments&post=226932"}],"version-history":[{"count":1,"href":"https:\/\/oaxacadiaadia.com\/index.php?rest_route=\/wp\/v2\/posts\/226932\/revisions"}],"predecessor-version":[{"id":226934,"href":"https:\/\/oaxacadiaadia.com\/index.php?rest_route=\/wp\/v2\/posts\/226932\/revisions\/226934"}],"wp:featuredmedia":[{"embeddable":true,"href":"https:\/\/oaxacadiaadia.com\/index.php?rest_route=\/wp\/v2\/media\/226933"}],"wp:attachment":[{"href":"https:\/\/oaxacadiaadia.com\/index.php?rest_route=%2Fwp%2Fv2%2Fmedia&parent=226932"}],"wp:term":[{"taxonomy":"category","embeddable":true,"href":"https:\/\/oaxacadiaadia.com\/index.php?rest_route=%2Fwp%2Fv2%2Fcategories&post=226932"},{"taxonomy":"post_tag","embeddable":true,"href":"https:\/\/oaxacadiaadia.com\/index.php?rest_route=%2Fwp%2Fv2%2Ftags&post=226932"}],"curies":[{"name":"wp","href":"https:\/\/api.w.org\/{rel}","templated":true}]}}