{"id":226919,"date":"2026-09-04T17:29:03","date_gmt":"2026-09-04T23:29:03","guid":{"rendered":"https:\/\/oaxacadiaadia.com\/?p=226919"},"modified":"2026-09-04T17:29:04","modified_gmt":"2026-09-04T23:29:04","slug":"eligen-a-la-america-en-la-capital-de-oaxaca","status":"publish","type":"post","link":"https:\/\/oaxacadiaadia.com\/?p=226919","title":{"rendered":"Eligen a la Am\u00e9rica en la capital de Oaxaca"},"content":{"rendered":"\n<figure class=\"wp-block-image size-full\"><a href=\"https:\/\/oaxacadiaadia.com\/wp-content\/uploads\/2026\/09\/Eligen-a-la-America-en-la-capital-de-Oaxaca-1.jpg\"><img loading=\"lazy\" decoding=\"async\" width=\"425\" height=\"284\" src=\"https:\/\/oaxacadiaadia.com\/wp-content\/uploads\/2026\/09\/Eligen-a-la-America-en-la-capital-de-Oaxaca-1.jpg\" alt=\"\" class=\"wp-image-226920\" srcset=\"https:\/\/oaxacadiaadia.com\/wp-content\/uploads\/2026\/09\/Eligen-a-la-America-en-la-capital-de-Oaxaca-1.jpg 425w, https:\/\/oaxacadiaadia.com\/wp-content\/uploads\/2026\/09\/Eligen-a-la-America-en-la-capital-de-Oaxaca-1-300x200.jpg 300w\" sizes=\"auto, (max-width: 425px) 100vw, 425px\" \/><\/a><\/figure>\n\n\n\n<!--more-->\n\n\n\n<p>Oaxaca, Oaxaca, Viernes 04 de Septiembre, 2026, (Fuente: Comunicado).- Como parte de las actividades encaminadas a fomentar los valores c\u00edvicos, el Ayuntamiento de Oaxaca de Ju\u00e1rez (la capital de Oaxaca), a trav\u00e9s de la Secretar\u00eda Municipal, llev\u00f3 a cabo en el segundo patio del Palacio Municipal el certamen para elegir a la Am\u00e9rica 2026, quien ser\u00e1 la encargada de entonar el Himno Nacional Mexicano durante la ceremonia del Grito de Independencia, la noche del 15 de septiembre, en el marco del CCXVI aniversario del inicio de la Independencia de M\u00e9xico.<\/p>\n\n\n\n<p>Melissa Okzana Concha Anaya result\u00f3 electa Am\u00e9rica 2026, mientras que su coro qued\u00f3 conformado por Michelle de Le\u00f3n Hern\u00e1ndez y Dania Michell Ambrosio Ram\u00edrez.<\/p>\n\n\n\n<figure class=\"wp-block-image size-full\"><a href=\"https:\/\/oaxacadiaadia.com\/wp-content\/uploads\/2026\/09\/Eligen-a-la-America-en-la-capital-de-Oaxaca-2.jpg\"><img loading=\"lazy\" decoding=\"async\" width=\"427\" height=\"285\" src=\"https:\/\/oaxacadiaadia.com\/wp-content\/uploads\/2026\/09\/Eligen-a-la-America-en-la-capital-de-Oaxaca-2.jpg\" alt=\"\" class=\"wp-image-226921\" srcset=\"https:\/\/oaxacadiaadia.com\/wp-content\/uploads\/2026\/09\/Eligen-a-la-America-en-la-capital-de-Oaxaca-2.jpg 427w, https:\/\/oaxacadiaadia.com\/wp-content\/uploads\/2026\/09\/Eligen-a-la-America-en-la-capital-de-Oaxaca-2-300x200.jpg 300w\" sizes=\"auto, (max-width: 427px) 100vw, 427px\" \/><\/a><\/figure>\n\n\n\n<p>La bienvenida a las 30 participantes del certamen estuvo a cargo de la s\u00edndica Primera Municipal, Obdulia Salgado Delgado, quien, acompa\u00f1ada por integrantes del Cabildo, reconoci\u00f3 el esfuerzo, entusiasmo y dedicaci\u00f3n de cada una de las aspirantes que atendieron la convocatoria.<\/p>\n\n\n\n<p>El jurado calificador encargado de seleccionar a la Am\u00e9rica 2026 y a las integrantes de su coro estuvo conformado por el maestro Eliseo Mart\u00ednez Garc\u00eda, m\u00fasico, pianista y organista con m\u00e1s de 40 a\u00f1os de trayectoria art\u00edstica; la maestra Karol Raquel P\u00e9rez Labariega, directora del Coro del Municipio de Oaxaca de Ju\u00e1rez; H\u00e9ctor Gregorio Cort\u00e9s Reyes, director de la Banda de M\u00fasica \u201cAzul de Oaxaca\u201d y del Quinteto de Saxofones \u201cAdolphe\u201d; Mario Beller Aguilar, \u201cMario Beller\u201d; el tenor oaxaque\u00f1o Rodrigo Petate; y Eva Vega, directora coral y soprano.<\/p>\n","protected":false},"excerpt":{"rendered":"","protected":false},"author":1,"featured_media":226920,"comment_status":"closed","ping_status":"closed","sticky":false,"template":"","format":"standard","meta":{"footnotes":""},"categories":[11,8,3],"tags":[],"class_list":["post-226919","post","type-post","status-publish","format-standard","has-post-thumbnail","hentry","category-capital","category-cultura","category-las-destacadas"],"_links":{"self":[{"href":"https:\/\/oaxacadiaadia.com\/index.php?rest_route=\/wp\/v2\/posts\/226919","targetHints":{"allow":["GET"]}}],"collection":[{"href":"https:\/\/oaxacadiaadia.com\/index.php?rest_route=\/wp\/v2\/posts"}],"about":[{"href":"https:\/\/oaxacadiaadia.com\/index.php?rest_route=\/wp\/v2\/types\/post"}],"author":[{"embeddable":true,"href":"https:\/\/oaxacadiaadia.com\/index.php?rest_route=\/wp\/v2\/users\/1"}],"replies":[{"embeddable":true,"href":"https:\/\/oaxacadiaadia.com\/index.php?rest_route=%2Fwp%2Fv2%2Fcomments&post=226919"}],"version-history":[{"count":1,"href":"https:\/\/oaxacadiaadia.com\/index.php?rest_route=\/wp\/v2\/posts\/226919\/revisions"}],"predecessor-version":[{"id":226922,"href":"https:\/\/oaxacadiaadia.com\/index.php?rest_route=\/wp\/v2\/posts\/226919\/revisions\/226922"}],"wp:featuredmedia":[{"embeddable":true,"href":"https:\/\/oaxacadiaadia.com\/index.php?rest_route=\/wp\/v2\/media\/226920"}],"wp:attachment":[{"href":"https:\/\/oaxacadiaadia.com\/index.php?rest_route=%2Fwp%2Fv2%2Fmedia&parent=226919"}],"wp:term":[{"taxonomy":"category","embeddable":true,"href":"https:\/\/oaxacadiaadia.com\/index.php?rest_route=%2Fwp%2Fv2%2Fcategories&post=226919"},{"taxonomy":"post_tag","embeddable":true,"href":"https:\/\/oaxacadiaadia.com\/index.php?rest_route=%2Fwp%2Fv2%2Ftags&post=226919"}],"curies":[{"name":"wp","href":"https:\/\/api.w.org\/{rel}","templated":true}]}}