{"id":226914,"date":"2026-09-04T17:28:11","date_gmt":"2026-09-04T23:28:11","guid":{"rendered":"https:\/\/oaxacadiaadia.com\/?p=226914"},"modified":"2026-09-04T17:28:12","modified_gmt":"2026-09-04T23:28:12","slug":"presunta-corrupcion-en-la-fiscalia-de-oaxaca","status":"publish","type":"post","link":"https:\/\/oaxacadiaadia.com\/?p=226914","title":{"rendered":"Presunta corrupci\u00f3n en la Fiscal\u00eda de Oaxaca"},"content":{"rendered":"\n<figure class=\"wp-block-image size-full\"><a href=\"https:\/\/oaxacadiaadia.com\/wp-content\/uploads\/2026\/09\/Presunta-corrupcion-en-la-Fiscalia-de-Oaxaca-1.jpg\"><img loading=\"lazy\" decoding=\"async\" width=\"480\" height=\"288\" src=\"https:\/\/oaxacadiaadia.com\/wp-content\/uploads\/2026\/09\/Presunta-corrupcion-en-la-Fiscalia-de-Oaxaca-1.jpg\" alt=\"\" class=\"wp-image-226915\" srcset=\"https:\/\/oaxacadiaadia.com\/wp-content\/uploads\/2026\/09\/Presunta-corrupcion-en-la-Fiscalia-de-Oaxaca-1.jpg 480w, https:\/\/oaxacadiaadia.com\/wp-content\/uploads\/2026\/09\/Presunta-corrupcion-en-la-Fiscalia-de-Oaxaca-1-300x180.jpg 300w\" sizes=\"auto, (max-width: 480px) 100vw, 480px\" \/><\/a><\/figure>\n\n\n\n<p>*Acusan que ministerio p\u00fablico habr\u00eda pedido $200 mil para devolver una camioneta<\/p>\n\n\n\n<p>*Propietaria se\u00f1ala que su Nissan Frontier 2024 lleva m\u00e1s de un a\u00f1o sin ser devuelta, pese a que asegura haber acreditado legalmente la propiedad; acusa malos tratos, evasivas y presunto uso particular de la unidad<\/p>\n\n\n\n<!--more-->\n\n\n\n<p>Oaxaca, Oaxaca, Viernes 04 de Septiembre, 2026, (Fuente: Facebook: En Tiempo Real Oax, X: @jaimeguerrero08, Lisbeth Mej\u00eda Reyes \/ Agencia Zona Roja y Comunicados).- Otro se\u00f1alamiento pone bajo cuestionamiento la actuaci\u00f3n de servidores p\u00fablicos de la Fiscal\u00eda General de Oaxaca (FGO), luego que una ciudadana denunciara p\u00fablicamente que desde hace m\u00e1s de un a\u00f1o busca recuperar una camioneta Nissan Frontier modelo 2024 que se encuentra a disposici\u00f3n de dicha instituci\u00f3n.<\/p>\n\n\n\n<p>De acuerdo con la denunciante, pese a haber presentado la documentaci\u00f3n con la que asegura acreditar legalmente la propiedad del veh\u00edculo, hasta el momento no ha logrado que la unidad le sea devuelta.<\/p>\n\n\n\n<p>La afectada sostiene que durante meses ha acudido ante diferentes \u00e1reas de la Fiscal\u00eda y que, lejos de obtener una soluci\u00f3n, presuntamente ha enfrentado evasivas, malos tratos, largas esperas y funcionarios que se trasladan mutuamente la responsabilidad.<\/p>\n\n\n\n<p>Pero la acusaci\u00f3n m\u00e1s grave es contra el agente del Ministerio P\u00fablico Miguel \u00c1ngel L\u00f3pez Ayala, a quien la propietaria se\u00f1ala directamente de presuntamente haberle solicitado 200 mil pesos a cambio de devolverle la camioneta.<\/p>\n\n\n\n<p>Seg\u00fan el testimonio de la denunciante, el funcionario, incluso, le habr\u00eda manifestado que la unidad \u201cle gusta\u201d y que de su decisi\u00f3n depender\u00eda devolv\u00e9rsela o mantenerla para su utilizaci\u00f3n.<\/p>\n\n\n\n<p>Estas declaraciones constituyen se\u00f1alamientos de la parte denunciante y deber\u00e1n ser investigados y esclarecidos por las autoridades competentes.<\/p>\n\n\n\n<figure class=\"wp-block-gallery has-nested-images columns-default is-cropped wp-block-gallery-1 is-layout-flex wp-block-gallery-is-layout-flex\">\n<figure class=\"wp-block-image size-large\"><a href=\"https:\/\/oaxacadiaadia.com\/wp-content\/uploads\/2026\/09\/Presunta-corrupcion-en-la-Fiscalia-de-Oaxaca-2.jpg\"><img loading=\"lazy\" decoding=\"async\" width=\"507\" height=\"640\" data-id=\"226917\" src=\"https:\/\/oaxacadiaadia.com\/wp-content\/uploads\/2026\/09\/Presunta-corrupcion-en-la-Fiscalia-de-Oaxaca-2.jpg\" alt=\"\" class=\"wp-image-226917\" srcset=\"https:\/\/oaxacadiaadia.com\/wp-content\/uploads\/2026\/09\/Presunta-corrupcion-en-la-Fiscalia-de-Oaxaca-2.jpg 507w, https:\/\/oaxacadiaadia.com\/wp-content\/uploads\/2026\/09\/Presunta-corrupcion-en-la-Fiscalia-de-Oaxaca-2-238x300.jpg 238w\" sizes=\"auto, (max-width: 507px) 100vw, 507px\" \/><\/a><\/figure>\n\n\n\n<figure class=\"wp-block-image size-large\"><a href=\"https:\/\/oaxacadiaadia.com\/wp-content\/uploads\/2026\/09\/Presunta-corrupcion-en-la-Fiscalia-de-Oaxaca-3.jpg\"><img loading=\"lazy\" decoding=\"async\" width=\"492\" height=\"640\" data-id=\"226916\" src=\"https:\/\/oaxacadiaadia.com\/wp-content\/uploads\/2026\/09\/Presunta-corrupcion-en-la-Fiscalia-de-Oaxaca-3.jpg\" alt=\"\" class=\"wp-image-226916\" srcset=\"https:\/\/oaxacadiaadia.com\/wp-content\/uploads\/2026\/09\/Presunta-corrupcion-en-la-Fiscalia-de-Oaxaca-3.jpg 492w, https:\/\/oaxacadiaadia.com\/wp-content\/uploads\/2026\/09\/Presunta-corrupcion-en-la-Fiscalia-de-Oaxaca-3-231x300.jpg 231w\" sizes=\"auto, (max-width: 492px) 100vw, 492px\" \/><\/a><\/figure>\n<\/figure>\n\n\n\n<p><strong>\u00bfQui\u00e9n usa la camioneta y por qu\u00e9 no la devuelven?<\/strong><\/p>\n\n\n\n<p>La propietaria tambi\u00e9n denuncia que mientras ella recorre oficinas y realiza tr\u00e1mites legales para recuperar su patrimonio, la camioneta presuntamente habr\u00eda sido observada circulando por diferentes regiones del estado.<\/p>\n\n\n\n<p>Por ello exige que la Fiscal\u00eda explique p\u00fablicamente qui\u00e9n tiene bajo resguardo la unidad, qui\u00e9n ha autorizado su utilizaci\u00f3n, para qu\u00e9 actividades se ha ocupado y cu\u00e1l es el fundamento jur\u00eddico para continuar reteni\u00e9ndola, en caso de que ya no exista impedimento legal para su devoluci\u00f3n.<\/p>\n\n\n\n<p>El caso cobra relevancia ante los recientes cuestionamientos p\u00fablicos relacionados con el presunto uso de veh\u00edculos asegurados o puestos a disposici\u00f3n de autoridades ministeriales.<\/p>\n\n\n\n<p><strong>Piden intervenci\u00f3n del gobernador y del Fiscal General<\/strong><\/p>\n\n\n\n<p>La denunciante inform\u00f3 que su caso ya fue llevado ante la Defensor\u00eda de los Derechos Humanos del Pueblo de Oaxaca, al considerar que podr\u00edan haberse vulnerado sus derechos durante el procedimiento.<\/p>\n\n\n\n<p>Asimismo, hizo un llamado directo al gobernador Salom\u00f3n Jara Cruz y al fiscal general del Estado, Bernardo Rodr\u00edguez Alamilla, para que intervengan, revisen personalmente el expediente y garanticen una investigaci\u00f3n imparcial.<\/p>\n\n\n\n<p>La petici\u00f3n es concreta: que sea recibida en audiencia, que se determine de inmediato la situaci\u00f3n jur\u00eddica de la camioneta, que se ordene su devoluci\u00f3n si legalmente corresponde y que se investigue a cualquier servidor p\u00fablico que pudiera estar utilizando bienes asegurados para beneficio personal o solicitando dinero a particulares.<\/p>\n\n\n\n<p>El se\u00f1alamiento es grave y requiere una respuesta institucional inmediata.<\/p>\n\n\n\n<p>Si las acusaciones resultan acreditadas, no se estar\u00eda \u00fanicamente frente a una irregularidad administrativa, sino ante conductas que podr\u00edan ameritar responsabilidades de distinta naturaleza. Si son falsas, corresponde igualmente a la Fiscal\u00eda aclararlo mediante documentos y una explicaci\u00f3n p\u00fablica.<\/p>\n\n\n\n<p><strong>La Fiscal\u00eda de Oaxaca debe responder<\/strong><\/p>\n\n\n\n<p>La ciudadan\u00eda tiene derecho a saber qu\u00e9 ocurre con los veh\u00edculos puestos a disposici\u00f3n del Ministerio P\u00fablico y qu\u00e9 mecanismos existen para impedir que bienes particulares terminen siendo utilizados discrecionalmente por servidores p\u00fablicos.<\/p>\n\n\n\n<p>No basta con pasarse la responsabilidad de oficina en oficina. La denuncia exige investigaci\u00f3n, transparencia y una respuesta clara.<\/p>\n\n\n\n<p>La Fiscal\u00eda General del Estado de Oaxaca tiene ahora la responsabilidad de esclarecer estos se\u00f1alamientos y demostrar que ning\u00fan funcionario se encuentra por encima de la ley.<\/p>\n\n\n\n<p><strong>Inicia FGEO investigaci\u00f3n en Contralor\u00eda y Visitadur\u00eda por se\u00f1alamientos contra servidor p\u00fablico; aclara situaci\u00f3n jur\u00eddica de veh\u00edculo bajo jurisdicci\u00f3n del Tribunal<\/strong><\/p>\n\n\n\n<p>Por otra parte, ante los se\u00f1alamientos difundidos en diversos medios de comunicaci\u00f3n y redes sociales respecto a la presunta solicitud de dinero atribuida a un servidor p\u00fablico de esta instituci\u00f3n a cambio de la devoluci\u00f3n de un veh\u00edculo, la Fiscal\u00eda General del Estado de Oaxaca (FGEO) informa que la Contralor\u00eda General y la Visitadur\u00eda General han iniciado de manera formal la investigaci\u00f3n correspondiente para corroborar la veracidad de dichas acusaciones y deslindar responsabilidades con total transparencia.<\/p>\n\n\n\n<p>Paralelamente, la instituci\u00f3n precisa que la unidad referida se encuentra sujeta a un proceso judicial de extinci\u00f3n de dominio, por lo que ninguna autoridad de la Fiscal\u00eda tiene facultades legales para disponer de ella o autorizar su entrega, en tanto se sustancian los procedimientos legales pertinentes.<\/p>\n\n\n\n<p>Se trata de una camioneta Nissan Frontier, modelo 2024, color negro, asegurada el 8 de junio de 2025, como parte de la carpeta de investigaci\u00f3n 15951\/FVCE\/OAXACA\/2025, iniciada por hechos relacionados con delitos contra la salud en su modalidad de narcomenudeo.<\/p>\n\n\n\n<p>Al interior del veh\u00edculo fueron localizados narc\u00f3ticos, por lo que la unidad fue considerada instrumento del delito, conforme a lo establecido en el art\u00edculo 229 del C\u00f3digo Nacional de Procedimientos Penales.<\/p>\n\n\n\n<p>Posteriormente, el 5 de noviembre de 2025, el agente del Ministerio P\u00fablico adscrito a la Unidad de Extinci\u00f3n de Dominio solicit\u00f3 ante el \u00f3rgano jurisdiccional competente una medida cautelar previa a juicio, lo que dio origen al expediente 237\/2025.<\/p>\n\n\n\n<p>El 14 de enero de 2026, la jueza especializada en Oralidad Mercantil y Civil en Materia de Extinci\u00f3n de Dominio para todo el Estado de Oaxaca notific\u00f3 a la Fiscal\u00eda la determinaci\u00f3n de dicha medida cautelar sobre el veh\u00edculo.<\/p>\n\n\n\n<p>M\u00e1s adelante, el 9 de abril de 2026, la FGEO present\u00f3 formalmente la demanda de extinci\u00f3n de dominio, con lo que se integr\u00f3 el expediente 75\/2026, actualmente en tr\u00e1mite ante el juzgado especializado.<\/p>\n\n\n\n<p>Por lo anterior, desde enero de 2026 la Fiscal\u00eda General del Estado se encuentra jur\u00eddicamente impedida para disponer del veh\u00edculo en cualquier modalidad.<\/p>\n\n\n\n<p>Aunque la camioneta permanece f\u00edsicamente bajo resguardo temporal de esta instituci\u00f3n, su disposici\u00f3n legal corresponde exclusivamente al Juez Especializado en Materia de Extinci\u00f3n de Dominio, dentro del proceso judicial en curso. En consecuencia, ning\u00fan servidor p\u00fablico de la FGEO cuenta con atribuciones para ordenar por s\u00ed mismo la devoluci\u00f3n de la unidad.<\/p>\n\n\n\n<p>La Fiscal\u00eda General del Estado de Oaxaca refrenda su compromiso con la legalidad, la transparencia y una pol\u00edtica de tolerancia cero frente a cualquier acto de corrupci\u00f3n. Todo se\u00f1alamiento sobre conductas indebidas de servidores p\u00fablicos es investigado con rigor por las v\u00edas institucionales correspondientes.<\/p>\n\n\n\n<p><strong>Inicia Fiscal\u00eda de Oaxaca investigaci\u00f3n a trav\u00e9s de su Contralor\u00eda General para esclarecer manejo de veh\u00edculo asegurado y deslindar responsabilidades<\/strong><\/p>\n\n\n\n<p>En un caso distinto, en relaci\u00f3n con las publicaciones difundidas en redes sociales y medios de comunicaci\u00f3n respecto al supuesto uso indebido de un veh\u00edculo asegurado durante un cateo, la Fiscal\u00eda General del Estado de Oaxaca (FGEO) informa que ha ordenado el inicio inmediato de una investigaci\u00f3n formal.<\/p>\n\n\n\n<p>Este proceso, que se llevar\u00e1 a cabo de manera transparente y exhaustiva a trav\u00e9s de la Contralor\u00eda General, tiene el prop\u00f3sito de revisar a detalle los protocolos de actuaci\u00f3n, la cadena de custodia y el destino final de los bienes asegurados dentro de las carpetas de investigaci\u00f3n vigentes.<\/p>\n\n\n\n<p>Asimismo, como parte fundamental de la informaci\u00f3n legal sobre este asunto, la instituci\u00f3n precisa que respecto a la unidad de motor en cuesti\u00f3n existe un proceso de extinci\u00f3n de dominio solicitado formalmente desde el 17 de febrero de 2026, integr\u00e1ndose como parte del curso jur\u00eddico de los bienes asegurados vinculados a actividades il\u00edcitas.<\/p>\n\n\n\n<p>Para garantizar la prontitud y eficacia de esta indagatoria interna, la Contralor\u00eda General cuenta a partir de este momento con un plazo improrrogable de un mes para concluir el proceso administrativo y determinar con absoluta precisi\u00f3n si existi\u00f3 alguna irregularidad o responsabilidad por parte de servidores p\u00fablicos en el resguardo de la unidad de motor.<\/p>\n\n\n\n<p>La Fiscal\u00eda General del Estado es enf\u00e1tica al se\u00f1alar que, de comprobarse cualquier actuaci\u00f3n fuera del marco legal, se aplicar\u00e1n las sanciones administrativas y penales correspondientes sin ning\u00fan tipo de tolerancia, reafirmando el compromiso institucional de actuar bajo los principios de legalidad, \u00e9tica y estricta rendici\u00f3n de cuentas.<\/p>\n\n\n\n<p><strong>Oaxaca, con presupuesto m\u00e1s bajos ejercidos en servicios periciales y forenses<\/strong><\/p>\n\n\n\n<p>En otro contexto, durante el a\u00f1o 2025, las instituciones de servicios periciales y forenses del estado de Oaxaca ejercieron el segundo presupuesto m\u00e1s bajo, con dos millones 400 mil pesos, de acuerdo con el reporte de Servicios Periciales y\/ Servicio M\u00e9dico Forense del Instituto Nacional de Estad\u00edstica y Geograf\u00eda (INEGI).<\/p>\n\n\n\n<p>En el reporte, el estado de Tlaxcala figura con el presupuesto m\u00e1s bajo de todos los estados, con un mill\u00f3n de pesos. Mientras que el estado de Nuevo Le\u00f3n aplic\u00f3 642 millones 800 mil pesos, la cifra m\u00e1s alta entre las entidades.<\/p>\n\n\n\n<p>El reporte del INEGI explica que en ese a\u00f1o el presupuesto que ejercieron el Centro Federal Pericial Forense de la FGR y las unidades estatales de servicios periciales o servicios m\u00e9dicos forenses de todo el pa\u00eds alcanz\u00f3 los 7 mil 106 millones 310 mil 105 pesos. De esa cifra, mil 905 millones 217 mil 158 pesos (26.8 %) correspondieron a la Fiscal\u00eda General de la Rep\u00fablica (FGR) y 5 mil 201 millones 92 mil 947 pesos (73.2 %) a las unidades estatales.<\/p>\n\n\n\n<p>Para ese mismo a\u00f1o, el reporte del instituto muestra que en Oaxaca las unidades responsables de tales servicios eran el Instituto de Servicios Periciales, de la Fiscal\u00eda General del Estado de Oaxaca (FGEO), y la Direcci\u00f3n de Periciales adscrita al Poder Judicial.<\/p>\n\n\n\n<p>En estos servicios laboraban 327 personas, seg\u00fan el reporte. De ellas, dos eran titulares y ocho eran directivos, mientras que 251 se desempe\u00f1aban como peritos, una como trabajadora social y 65 como personal administrativo.<\/p>\n\n\n\n<p>En cuanto a infraestructura, Oaxaca solamente report\u00f3 contar con un anfiteatro, la cifra m\u00e1s baja de espacios de este tipo que tambi\u00e9n reportaron los estados de Guanajuato e Hidalgo. Y que contrasta con Estados de M\u00e9xico y Veracruz, que tienen el n\u00famero m\u00e1s alto, con 23.<\/p>\n\n\n\n<p>La existencia de un solo anfiteatro tambi\u00e9n da cuenta de las condiciones de la infraestructura para estos servicios, pues en Oaxaca solamente se cuenta con una sala necro quir\u00fargica, cuatro mesas anat\u00f3micas y una c\u00e1mara de fr\u00edo, con una capacidad m\u00e1xima de 15 cad\u00e1veres, la m\u00e1s baja en todo el pa\u00eds. Aun as\u00ed, en el a\u00f1o 2025 se recibieron 3,012 cad\u00e1veres en estos servicios.<\/p>\n\n\n\n<p><strong>Detienen a s\u00edndico y regidor por violencia pol\u00edtica<\/strong><\/p>\n\n\n\n<p>En otro asunto, la Fiscal\u00eda de Oaxaca detuvo al s\u00edndico municipal de Santiago Cho\u00e1pam, Jorge M\u00e9ndez Mart\u00ednez, y al regidor de Hacienda, Avelino Bartolo Cruz, acusados de presuntamente retener, amenazar e intimidar a la presidenta municipal, Dolores Luciano Valad\u00e9s, para obligarla a renunciar al cargo.<\/p>\n\n\n\n<p>Ambos funcionarios son imputados por el delito de Violencia Pol\u00edtica contra las Mujeres en Raz\u00f3n de G\u00e9nero (VPMRG), dentro de la causa penal 376\/2026. Una tercera persona, Liz Magali Silva Pacheco, tambi\u00e9n figura como imputada en el proceso.<\/p>\n\n\n\n<p>De acuerdo con la investigaci\u00f3n de la Fiscal\u00eda Especializada en Delitos Electorales, los hechos ocurrieron los d\u00edas 9 y 10 de junio de 2026, cuando presuntamente se realizaron actos de retenci\u00f3n, amenazas e intimidaci\u00f3n contra la edil.<\/p>\n\n\n\n<p>Las investigaciones establecen que el objetivo habr\u00eda sido presionar a Dolores Luciano Valad\u00e9s para que firmara su renuncia a la Presidencia Municipal y aceptara la intervenci\u00f3n de asesores t\u00e9cnicos que pretend\u00edan imponerle.<\/p>\n\n\n\n<p>El caso qued\u00f3 integrado en las carpetas de investigaci\u00f3n 13427\/FEDE\/FEDE\/2026 y 17807\/FEDE\/FEDE\/2026, posteriormente acumuladas.<\/p>\n\n\n\n<p>El 19 de agosto, agentes del Ministerio P\u00fablico presentaron ante un juez los datos de prueba y solicitaron \u00f3rdenes de aprehensi\u00f3n. La autoridad judicial consider\u00f3 procedente la petici\u00f3n y libr\u00f3 los mandamientos dentro de la causa penal 376\/2026.<\/p>\n\n\n\n<p>Este mi\u00e9rcoles 2 de septiembre, elementos de la Agencia Estatal de Investigaciones localizaron a M\u00e9ndez Mart\u00ednez y Bartolo Cruz aproximadamente a las 09:40 horas sobre la carretera federal 190, tramo Oaxaca-Istmo, a la altura de la entrada a Uni\u00f3n Zapata, Tlacolula, donde fueron detenidos.<\/p>\n\n\n\n<p>El Instituto Estatal Electoral y de Participaci\u00f3n Ciudadana de Oaxaca (IEEPCO) confirm\u00f3 que Dolores Luciano Valad\u00e9s fue electa por Santo Domingo Latani dentro del proceso comunitario para integrar el Ayuntamiento de Santiago Cho\u00e1pam.<\/p>\n\n\n\n<p>En ese mismo proceso fueron electos Jorge M\u00e9ndez Mart\u00ednez por San Juan del R\u00edo y Avelino Bartolo Cruz por la cabecera municipal de Santiago Cho\u00e1pam.<\/p>\n\n\n\n<p>Despu\u00e9s de su detenci\u00f3n, ambos funcionarios fueron sometidos a certificaci\u00f3n m\u00e9dica, registrados ante el Registro Nacional de Detenciones y puestos a disposici\u00f3n de la autoridad judicial para continuar con el procedimiento penal.<\/p>\n\n\n\n<p>La Fiscal\u00eda precis\u00f3 que continuar\u00e1 con las actuaciones ministeriales y procesales correspondientes, mientras los imputados mantienen la presunci\u00f3n de inocencia hasta que exista una resoluci\u00f3n judicial.<\/p>\n\n\n\n<p><strong>Fiscal\u00eda de Oaxaca aprehende a S\u00edndico y Regidor por violencia pol\u00edtica contra presidenta municipal<\/strong><\/p>\n\n\n\n<p>Por su parte, la Fiscal\u00eda General del Estado de Oaxaca (FGEO) ejecut\u00f3 \u00f3rdenes de aprehensi\u00f3n contra dos hombres identificados como A.B.R. y J.M.M.&nbsp; -Regidor de Hacienda y S\u00edndico Municipal, respectivamente-, por su probable responsabilidad en el delito de violencia pol\u00edtica agravada contra las mujeres en raz\u00f3n de g\u00e9nero, cometida en agravio de la presidenta municipal de Santiago Cho\u00e1pam, en la regi\u00f3n de la Cuenca.<\/p>\n\n\n\n<p>De acuerdo con la carpeta de investigaci\u00f3n, los hechos ocurrieron en junio de 2026, cuando la v\u00edctima se encontraba en la cancha municipal de la agencia de Santo Domingo Latani, perteneciente a Santiago Cho\u00e1pam, donde se desarrollaba una reuni\u00f3n con integrantes de la comunidad, autoridades municipales y comunitarias.<\/p>\n\n\n\n<p>Durante este encuentro, la v\u00edctima habr\u00eda sido desacreditada en el ejercicio de sus funciones como presidenta municipal, as\u00ed como habr\u00eda sufrido amenazas e intimidaci\u00f3n, adem\u00e1s de ser retenida contra su voluntad y obligada a firmar un acta mediante la cual pretend\u00edan hacerla renunciar a su cargo y desconocerla como autoridad municipal.<\/p>\n\n\n\n<p>Posteriormente, despu\u00e9s de firmar el documento fue dejada en libertad un d\u00eda despu\u00e9s.<\/p>\n\n\n\n<p>Desde que tuvo conocimiento de los hechos, la FGEO inici\u00f3 las investigaciones correspondientes bajo perspectiva de g\u00e9nero, reconociendo que las agresiones contra mujeres que participan en la vida p\u00fablica y ejercen cargos de representaci\u00f3n constituyen una forma de violencia que busca limitar, menoscabar o impedir el ejercicio de sus derechos pol\u00edtico-electorales.<\/p>\n\n\n\n<p>Como resultado de las investigaciones realizadas por la Fiscal\u00eda Especializada en Delitos Electorales, se obtuvieron las \u00f3rdenes de aprehensi\u00f3n correspondientes, mismas que fueron ejecutadas contra A.B.R. y J.M.M., quienes se desempe\u00f1aban como Regidor de Hacienda y S\u00edndico Municipal de la comunidad.<\/p>\n\n\n\n<p>Los detenidos quedaron a disposici\u00f3n de la autoridad ministerial, instancia que determinar\u00e1 su situaci\u00f3n jur\u00eddica.<\/p>\n\n\n\n<p>La Fiscal\u00eda General del Estado de Oaxaca refrenda que el ejercicio de un cargo p\u00fablico no puede convertirse en motivo de violencia, intimidaci\u00f3n o exclusi\u00f3n por razones de g\u00e9nero. Por ello, fortalece sus capacidades de investigaci\u00f3n para que las mujeres puedan ejercer plenamente sus derechos pol\u00edticos y participar en la vida p\u00fablica en condiciones de libertad, igualdad y seguridad, sin que ninguna forma de violencia quede fuera del alcance de la justicia.<\/p>\n\n\n\n<p><strong>Acci\u00f3n operativa de la FGEO deriva en detenci\u00f3n de dos personas y aseguramiento de veh\u00edculo en la regi\u00f3n de la Sierra de Flores Mag\u00f3n<\/strong><\/p>\n\n\n\n<p>Por otra parte, como parte de las acciones que realiza para fortalecer la seguridad y atender hechos posiblemente relacionados con delitos contra la salud, la Fiscal\u00eda General del Estado de Oaxaca (FGEO) realiz\u00f3 la detenci\u00f3n de dos personas del sexo masculino y asegur\u00f3 un veh\u00edculo sobre la Carretera Federal 182, en la regi\u00f3n de la Sierra de Flores Mag\u00f3n.<\/p>\n\n\n\n<p>La intervenci\u00f3n se realiz\u00f3 en el kil\u00f3metro 54, correspondiente al tramo Santa Cruz Acatepec-Huautla de Jim\u00e9nez, donde elementos de la Agencia Estatal de Investigaciones (AEI) adscritos a la Vicefiscal\u00eda General de Control Regional, efectuaban labores de investigaci\u00f3n y vigilancia.<\/p>\n\n\n\n<p>De acuerdo con el informe policial homologado, en ese punto fueron detenidas dos personas identificadas como E.P.B. y R.L.P.R., quienes se desplazaban en un veh\u00edculo Nissan tipo Tsuru, color rojo con placas de circulaci\u00f3n del estado de M\u00e9xico.<\/p>\n\n\n\n<p>Durante la intervenci\u00f3n fue localizada una sustancia con caracter\u00edsticas similares al cristal, por lo que los agentes procedieron al aseguramiento de la unidad y de la sustancia para su an\u00e1lisis correspondiente.<\/p>\n\n\n\n<p>Las dos personas fueron trasladadas y puestas a disposici\u00f3n de la autoridad competente, a fin de continuar con las diligencias para esclarecer los hechos y determinar su situaci\u00f3n jur\u00eddica.<\/p>\n\n\n\n<p>La FGEO mantiene acciones de investigaci\u00f3n y coordinaci\u00f3n operativa en las distintas regiones del estado, con el objetivo de atender hechos posiblemente constitutivos de delito y fortalecer las condiciones de seguridad para las comunidades oaxaque\u00f1as.<\/p>\n\n\n\n<p><strong>FGEO aprehende a hombre investigado por probable violaci\u00f3n agravada y abuso sexual agravado contra su hija menor de edad en la Costa<\/strong><\/p>\n\n\n\n<p>En tanto, la Fiscal\u00eda General del Estado de Oaxaca (FGEO), ejecut\u00f3 una orden de aprehensi\u00f3n contra un hombre identificado como R.R.J., por su probable responsabilidad en los delitos de violaci\u00f3n agravada y abuso sexual agravado, cometidos en agravio de una menor de edad, ocurrida en la regi\u00f3n de la Costa.<\/p>\n\n\n\n<p>De acuerdo con las investigaciones ministeriales, los hechos se habr\u00edan registrado en diversas ocasiones entre 2021 y noviembre de 2025, periodo durante el cual la v\u00edctima habr\u00eda sido agredida sexualmente.<\/p>\n\n\n\n<p>La investigaci\u00f3n se\u00f1ala que la v\u00edctima es hija del probable responsable y que, durante el periodo referido, habr\u00eda recibido amenazas relacionadas con su integridad y la de su madre, con la finalidad de evitar que comunicara los hechos.<\/p>\n\n\n\n<p>Posteriormente, la madre de la menor habr\u00eda advertido cambios en su comportamiento, situaci\u00f3n que permiti\u00f3 conocer lo ocurrido y presentar la denuncia correspondiente ante la autoridad ministerial.<\/p>\n\n\n\n<p>Derivado de las diligencias realizadas por la Vicefiscal\u00eda Regional de la Costa, se obtuvieron elementos suficientes que permitieron solicitar ante el Juez de Control una orden de aprehensi\u00f3n, por los delitos de violaci\u00f3n agravada y abuso sexual agravado.<\/p>\n\n\n\n<p>Como resultado de los trabajos de investigaci\u00f3n para dar cumplimiento al mandamiento judicial, agentes de la Agencia Estatal de Investigaciones (AEI) localizaron y detuvieron a R.R.J., por su probable responsabilidad en los delitos referidos cuando se encontraba en jurisdicci\u00f3n de la localidad de Samaritan, Tonameca en la regi\u00f3n de la Costa.<\/p>\n\n\n\n<p>Tras su detenci\u00f3n, fue puesto a disposici\u00f3n del Agente del Ministerio P\u00fablico de la Fiscal\u00eda Especializada para la Atenci\u00f3n de Delitos contra la Mujer por Raz\u00f3n de G\u00e9nero, autoridad que continuar\u00e1 con las diligencias y actos procesales correspondientes.<\/p>\n\n\n\n<p>La Fiscal\u00eda de Oaxaca reitera su compromiso de garantizar el acceso a la justicia para las v\u00edctimas de delitos, especialmente en casos que atentan contra la integridad y desarrollo de ni\u00f1as, ni\u00f1os y adolescentes, priorizando investigaciones con perspectiva de g\u00e9nero e infancia.<\/p>\n\n\n\n<p><strong>FGEO aprehende a hombre se\u00f1alado por lesionar con un desarmador a menor de edad en Uni\u00f3n Hidalgo<\/strong><\/p>\n\n\n\n<p>En otro asunto, la Fiscal\u00eda General del Estado de Oaxaca (FGEO) ejecut\u00f3 una orden de aprehensi\u00f3n que permiti\u00f3 la detenci\u00f3n de un hombre identificado como L.L.L.M., por su probable responsabilidad en el delito de lesiones calificadas agravadas, cometido en agravio de un adolescente en el municipio de Uni\u00f3n Hidalgo, en la regi\u00f3n del Istmo.<\/p>\n\n\n\n<p>De acuerdo con la investigaci\u00f3n ministerial, los hechos ocurrieron el 24 de agosto de 2026, cuando el adolescente, de 13 a\u00f1os de edad, caminaba por calles de la Segunda Secci\u00f3n del municipio de Uni\u00f3n Hidalgo.<\/p>\n\n\n\n<p>En ese momento, el menor de edad habr\u00eda escuchado pasos detr\u00e1s de \u00e9l y, al voltear, fue interceptado por un hombre, quien, de acuerdo con la narraci\u00f3n de la denuncia, lo sujet\u00f3 por la espalda y lo tom\u00f3 del cuello, mientras utilizaba un arma punzo-cortante (desarmador) para amenazarlo.<\/p>\n\n\n\n<p>Ante esta situaci\u00f3n, la v\u00edctima comenz\u00f3 a pedir auxilio. Los datos de la investigaci\u00f3n, revelan que el probable responsable le habr\u00eda exigido que guardara silencio; sin embargo, al continuar solicitando ayuda, lo agredi\u00f3 en diferentes partes del cuerpo con el objeto que portaba, provoc\u00e1ndole lesiones.<\/p>\n\n\n\n<p>Tras conocer los hechos, la Fiscal\u00eda de Oaxaca a trav\u00e9s de la Vicefiscal\u00eda Regional del Istmo, inici\u00f3 las investigaciones correspondientes y realiz\u00f3 los actos periciales necesarios para obtener el mandato judicial.<\/p>\n\n\n\n<p>Como resultado de las labores de investigaci\u00f3n, elementos de la Agencia Estatal de Investigaciones (AEI) iniciaron la b\u00fasqueda del probable responsable y cumplimentaron la orden de aprehensi\u00f3n en su contra.<\/p>\n\n\n\n<p>Una vez detenido, L.L.L.M., qued\u00f3 a disposici\u00f3n de la autoridad correspondiente, quien determinar\u00e1 su situaci\u00f3n jur\u00eddica conforme a las disposiciones legales aplicables.<\/p>\n\n\n\n<p>La Fiscal\u00eda General del Estado de Oaxaca refrenda su compromiso de investigar de manera diligente los delitos cometidos contra ni\u00f1as, ni\u00f1os y adolescentes con perspectiva de protecci\u00f3n integral y bajo los principios de legalidad, para que las v\u00edctimas tengan pleno acceso a la justicia.<\/p>\n\n\n\n<p><strong>FGEO ejecuta orden de aprehensi\u00f3n por violaci\u00f3n equiparada en agravio de adolescente con discapacidad intelectual<\/strong><\/p>\n\n\n\n<p>En otro tema, la Fiscal\u00eda General del Estado de Oaxaca (FGEO) ejecut\u00f3 una orden de aprehensi\u00f3n contra A.R.S.V., por su probable responsabilidad en el delito de violaci\u00f3n equiparada, cometido en agravio de una adolescente con discapacidad intelectual, en hechos ocurridos en la regi\u00f3n de Valles Centrales.<\/p>\n\n\n\n<p>De acuerdo con la carpeta de investigaci\u00f3n, los hechos ocurrieron el 8 de agosto de 2026, cuando la v\u00edctima \u2014adolescente cuyos datos se mantienen bajo reserva por disposici\u00f3n legal\u2014 se encontraba en su domicilio, ubicado en San Juan Bautista Guelache, donde presuntamente fue v\u00edctima de tocamientos de \u00edndole sexual y agresi\u00f3n sexual.<\/p>\n\n\n\n<p>A partir de la denuncia, la FGEO, a trav\u00e9s de la Vicefiscal\u00eda General de Control Regional, inici\u00f3 las investigaciones correspondientes bajo los protocolos aplicables para la atenci\u00f3n de v\u00edctimas, particularmente trat\u00e1ndose de una persona menor de edad en condici\u00f3n de vulnerabilidad.<\/p>\n\n\n\n<p>Como resultado de los actos de investigaci\u00f3n, el Ministerio P\u00fablico obtuvo la orden de aprehensi\u00f3n correspondiente, misma que fue ejecutada por elementos de la Agencia Estatal de Investigaciones, quienes posteriormente pusieron a A.R.S.V., a disposici\u00f3n de la autoridad ministerial para que se determine su situaci\u00f3n jur\u00eddica conforme a derecho.<\/p>\n\n\n\n<p>La Fiscal\u00eda General del Estado de Oaxaca refrenda su compromiso de investigar con debida diligencia los delitos sexuales cometidos contra ni\u00f1as, ni\u00f1os y adolescentes, as\u00ed como de garantizar una atenci\u00f3n especializada, con perspectiva de derechos humanos y protecci\u00f3n reforzada para las v\u00edctimas.<\/p>\n\n\n\n<p><strong>FGEO aprehende a hombre se\u00f1alado por extorsi\u00f3n relacionada con bloqueo a parques e\u00f3licos en el Istmo<\/strong><\/p>\n\n\n\n<p>En otro hecho, la Fiscal\u00eda General del Estado de Oaxaca (FGEO), ejecut\u00f3 una orden de aprehensi\u00f3n que permiti\u00f3 la detenci\u00f3n de un hombre identificado como T.J.D.C., por su probable responsabilidad en el delito de extorsi\u00f3n, cometido en agravio de la empresa Eoaliatec del Pac\u00edfico S.A.P.I. de C.V., representada por R.C.L., y A.G.C.<\/p>\n\n\n\n<p>De acuerdo con los antecedentes de la investigaci\u00f3n, los hechos ocurrieron el 21 de febrero de 2017, cuando una de las representantes de la empresa habr\u00eda recibido una llamada telef\u00f3nica del apoderado legal de la misma empresa, quien le inform\u00f3 sobre la necesidad de realizar una reuni\u00f3n con ejidatarios de Santo Domingo Ingenio, con motivo de un bloqueo que manten\u00edan en los accesos a parques e\u00f3licos de la zona.<\/p>\n\n\n\n<p>Al d\u00eda siguiente, 22 de febrero de 2017, se llev\u00f3 a cabo dicha reuni\u00f3n. De acuerdo con la investigaci\u00f3n ministerial, durante el encuentro una persona habr\u00eda manifestado que deb\u00eda realizarse un pago de 30 mil pesos por cada ejidatario para permitir la apertura de los accesos.<\/p>\n\n\n\n<p>La exigencia econ\u00f3mica se\u00f1alada en la investigaci\u00f3n ascend\u00eda a 6 millones 420 mil pesos, cantidad que deb\u00eda entregarse para permitir el acceso a los parques e\u00f3licos ubicados en la zona de Santo Domingo Ingenio.<\/p>\n\n\n\n<p>A partir de la denuncia y de los actos de investigaci\u00f3n realizados por la Fiscal\u00eda de Oaxaca a trav\u00e9s de la Vicefiscal\u00eda Regional del Istmo, se integr\u00f3 la carpeta correspondiente y posteriormente se obtuvo el mandato judicial correspondiente.<\/p>\n\n\n\n<p>Como resultado de los trabajos de investigaci\u00f3n, elementos de la Agencia Estatal de Investigaciones (AEI) lograron establecer la ubicaci\u00f3n del probable responsable y cumplimentaron la orden de aprehensi\u00f3n en su contra.<\/p>\n\n\n\n<p>El detenido fue informado del motivo de su detenci\u00f3n y de los derechos que le asisten como persona detenida, para posteriormente ser puesto a disposici\u00f3n de la autoridad ministerial correspondiente, que determinar\u00e1 lo conducente conforme al proceso penal.<\/p>\n\n\n\n<p>La Fiscal\u00eda General del Estado de Oaxaca refrenda su compromiso de realizar investigaciones integrales, sustentadas en herramientas jur\u00eddicas y de investigaci\u00f3n, para llevar ante la justicia a quienes resulten responsables de la comisi\u00f3n de alg\u00fan delito y fortalecer las condiciones de seguridad para las actividades productivas en las distintas regiones de Oaxaca.<\/p>\n","protected":false},"excerpt":{"rendered":"<p>*Acusan que ministerio p\u00fablico habr\u00eda pedido $200 mil para devolver una camioneta *Propietaria se\u00f1ala que su Nissan Frontier 2024 lleva<\/p>\n","protected":false},"author":1,"featured_media":226915,"comment_status":"closed","ping_status":"closed","sticky":false,"template":"","format":"standard","meta":{"footnotes":""},"categories":[11,3,7,4,14],"tags":[],"class_list":["post-226914","post","type-post","status-publish","format-standard","has-post-thumbnail","hentry","category-capital","category-las-destacadas","category-municipal","category-policiaca","category-titulares"],"_links":{"self":[{"href":"https:\/\/oaxacadiaadia.com\/index.php?rest_route=\/wp\/v2\/posts\/226914","targetHints":{"allow":["GET"]}}],"collection":[{"href":"https:\/\/oaxacadiaadia.com\/index.php?rest_route=\/wp\/v2\/posts"}],"about":[{"href":"https:\/\/oaxacadiaadia.com\/index.php?rest_route=\/wp\/v2\/types\/post"}],"author":[{"embeddable":true,"href":"https:\/\/oaxacadiaadia.com\/index.php?rest_route=\/wp\/v2\/users\/1"}],"replies":[{"embeddable":true,"href":"https:\/\/oaxacadiaadia.com\/index.php?rest_route=%2Fwp%2Fv2%2Fcomments&post=226914"}],"version-history":[{"count":1,"href":"https:\/\/oaxacadiaadia.com\/index.php?rest_route=\/wp\/v2\/posts\/226914\/revisions"}],"predecessor-version":[{"id":226918,"href":"https:\/\/oaxacadiaadia.com\/index.php?rest_route=\/wp\/v2\/posts\/226914\/revisions\/226918"}],"wp:featuredmedia":[{"embeddable":true,"href":"https:\/\/oaxacadiaadia.com\/index.php?rest_route=\/wp\/v2\/media\/226915"}],"wp:attachment":[{"href":"https:\/\/oaxacadiaadia.com\/index.php?rest_route=%2Fwp%2Fv2%2Fmedia&parent=226914"}],"wp:term":[{"taxonomy":"category","embeddable":true,"href":"https:\/\/oaxacadiaadia.com\/index.php?rest_route=%2Fwp%2Fv2%2Fcategories&post=226914"},{"taxonomy":"post_tag","embeddable":true,"href":"https:\/\/oaxacadiaadia.com\/index.php?rest_route=%2Fwp%2Fv2%2Ftags&post=226914"}],"curies":[{"name":"wp","href":"https:\/\/api.w.org\/{rel}","templated":true}]}}