{"id":226907,"date":"2026-09-02T21:00:00","date_gmt":"2026-09-03T03:00:00","guid":{"rendered":"https:\/\/oaxacadiaadia.com\/?p=226907"},"modified":"2026-09-02T21:01:05","modified_gmt":"2026-09-03T03:01:05","slug":"muestra-oaxaca-impulso-a-cineastas-emergentes","status":"publish","type":"post","link":"https:\/\/oaxacadiaadia.com\/?p=226907","title":{"rendered":"Muestra Oaxaca, impulso a cineastas emergentes"},"content":{"rendered":"\n<figure class=\"wp-block-image size-full\"><a href=\"https:\/\/oaxacadiaadia.com\/wp-content\/uploads\/2026\/09\/Muestra-Oaxaca-impulso-a-cineastas-emergentes.jpg\"><img loading=\"lazy\" decoding=\"async\" width=\"420\" height=\"420\" src=\"https:\/\/oaxacadiaadia.com\/wp-content\/uploads\/2026\/09\/Muestra-Oaxaca-impulso-a-cineastas-emergentes.jpg\" alt=\"\" class=\"wp-image-226908\" srcset=\"https:\/\/oaxacadiaadia.com\/wp-content\/uploads\/2026\/09\/Muestra-Oaxaca-impulso-a-cineastas-emergentes.jpg 420w, https:\/\/oaxacadiaadia.com\/wp-content\/uploads\/2026\/09\/Muestra-Oaxaca-impulso-a-cineastas-emergentes-300x300.jpg 300w, https:\/\/oaxacadiaadia.com\/wp-content\/uploads\/2026\/09\/Muestra-Oaxaca-impulso-a-cineastas-emergentes-150x150.jpg 150w\" sizes=\"auto, (max-width: 420px) 100vw, 420px\" \/><\/a><\/figure>\n\n\n\n<!--more-->\n\n\n\n<p>Oaxaca, Oaxaca, Mi\u00e9rcoles 02 de Septiembre, 2026, (Fuente: Lisbeth Mej\u00eda Reyes \/ Agencia Zona Roja).- Con la proyecci\u00f3n del documental \u201cBoca Vieja\u201d, del realizador Yovegami Ascona Mora, este martes comenz\u00f3 la segunda edici\u00f3n de la Muestra Oaxaca: cine para la vida, programa que del 2 al 9 de septiembre tendr\u00e1 proyecciones de pel\u00edculas en la ciudad de Oaxaca, Mat\u00edas Romero, Ciudad Ixtepec y Uni\u00f3n Hidalgo.<\/p>\n\n\n\n<p>La programaci\u00f3n tambi\u00e9n incluye talleres y paneles con invitados especiales. Adem\u00e1s de que las pel\u00edculas a presentar son para diferentes p\u00fablicos, incluido el infantil.<\/p>\n\n\n\n<p>De acuerdo con los organizadores, la Muestra Oaxaca: Cine para la Vida \u201ces un espacio dedicado a la difusi\u00f3n y celebraci\u00f3n del cine mexicano, con un enfoque en la identidad, la diversidad y el di\u00e1logo comunitario\u201d.<\/p>\n\n\n\n<p>Su objetivo, explicaron, \u201ces acercar el cine a la poblaci\u00f3n local, generar reflexi\u00f3n a trav\u00e9s de historias que representan distintas realidades y fortalecer la industria cinematogr\u00e1fica en la regi\u00f3n\u201d.<\/p>\n\n\n\n<p>La muestra tambi\u00e9n busca impulsar a cineastas emergentes, promover la formaci\u00f3n de nuevos talentos y consolidarse como un punto de encuentro entre creadores, espectadores y profesionales del sector.<\/p>\n\n\n\n<p>En esta segunda edici\u00f3n, una de las pel\u00edculas que se presentar\u00e1 es: \u201cValentina o la Serenidad\u201d, de la directora oaxaque\u00f1a \u00c1ngeles Cruz, en la que se cuenta la historia de Valentina, una ni\u00f1a que pierde a su padre en un accidente en el r\u00edo.<\/p>\n\n\n\n<p>\u201cAl no estar conforme con la explicaci\u00f3n de su muerte, comienza a buscarlo en todas partes. En el proceso, se convierte en una ni\u00f1a solitaria, pero su familia y el tiempo le ayudar\u00e1n a acomodar la ausencia y superar su duelo\u201d. Las funciones de esta pel\u00edcula ser\u00e1n el 8 de septiembre en la Sala Elia y el 9 en la Biblioteca Henestrosa, en la ciudad de Oaxaca.<\/p>\n\n\n\n<p>Otra de las pel\u00edculas es \u201cUn disfraz para Nicol\u00e1s\u201d, que cuenta la historia de Nicol\u00e1s, \u201cun ni\u00f1o de 10 a\u00f1os con s\u00edndrome de Down que conserva un viejo ba\u00fal con los trajes m\u00e1gicos que su madre le confeccionaba\u201d y que tras la muerte de ella se va a vivir con sus abuelos y con su primo David, un ni\u00f1o que sufre constantes pesadillas. Con sus disfraces como escudo, Nicol\u00e1s emprende un viaje fant\u00e1stico para salvar a su primo de los terrores nocturnos y rescatar a un reino sumido en el caos, explica la Muestra Oaxaca.<\/p>\n\n\n\n<p>\u201cBinniz\u00e1, los seres de las nubes\u201d, del director Juan Carlos Rulfo; \u201cLachatao\u201d, de la cineasta Natalia Bruschtein, y \u201cLos sue\u00f1os que compartimos\u201d, de Valentina Leduc, son otras de las producciones que integran el programa de la segunda edici\u00f3n.<\/p>\n\n\n\n<p>La programaci\u00f3n completa, sedes y horarios se pueden consultar en las redes sociales de la Muestra Oaxaca.<\/p>\n","protected":false},"excerpt":{"rendered":"","protected":false},"author":1,"featured_media":226908,"comment_status":"closed","ping_status":"closed","sticky":false,"template":"","format":"standard","meta":{"footnotes":""},"categories":[11,8,3,7,14],"tags":[],"class_list":["post-226907","post","type-post","status-publish","format-standard","has-post-thumbnail","hentry","category-capital","category-cultura","category-las-destacadas","category-municipal","category-titulares"],"_links":{"self":[{"href":"https:\/\/oaxacadiaadia.com\/index.php?rest_route=\/wp\/v2\/posts\/226907","targetHints":{"allow":["GET"]}}],"collection":[{"href":"https:\/\/oaxacadiaadia.com\/index.php?rest_route=\/wp\/v2\/posts"}],"about":[{"href":"https:\/\/oaxacadiaadia.com\/index.php?rest_route=\/wp\/v2\/types\/post"}],"author":[{"embeddable":true,"href":"https:\/\/oaxacadiaadia.com\/index.php?rest_route=\/wp\/v2\/users\/1"}],"replies":[{"embeddable":true,"href":"https:\/\/oaxacadiaadia.com\/index.php?rest_route=%2Fwp%2Fv2%2Fcomments&post=226907"}],"version-history":[{"count":1,"href":"https:\/\/oaxacadiaadia.com\/index.php?rest_route=\/wp\/v2\/posts\/226907\/revisions"}],"predecessor-version":[{"id":226909,"href":"https:\/\/oaxacadiaadia.com\/index.php?rest_route=\/wp\/v2\/posts\/226907\/revisions\/226909"}],"wp:featuredmedia":[{"embeddable":true,"href":"https:\/\/oaxacadiaadia.com\/index.php?rest_route=\/wp\/v2\/media\/226908"}],"wp:attachment":[{"href":"https:\/\/oaxacadiaadia.com\/index.php?rest_route=%2Fwp%2Fv2%2Fmedia&parent=226907"}],"wp:term":[{"taxonomy":"category","embeddable":true,"href":"https:\/\/oaxacadiaadia.com\/index.php?rest_route=%2Fwp%2Fv2%2Fcategories&post=226907"},{"taxonomy":"post_tag","embeddable":true,"href":"https:\/\/oaxacadiaadia.com\/index.php?rest_route=%2Fwp%2Fv2%2Ftags&post=226907"}],"curies":[{"name":"wp","href":"https:\/\/api.w.org\/{rel}","templated":true}]}}