{"id":226901,"date":"2026-09-02T20:58:35","date_gmt":"2026-09-03T02:58:35","guid":{"rendered":"https:\/\/oaxacadiaadia.com\/?p=226901"},"modified":"2026-09-02T20:58:36","modified_gmt":"2026-09-03T02:58:36","slug":"la-nueva-scjn-no-la-arma","status":"publish","type":"post","link":"https:\/\/oaxacadiaadia.com\/?p=226901","title":{"rendered":"La \u201cnueva\u201d SCJN no la arma"},"content":{"rendered":"\n<figure class=\"wp-block-image size-full\"><a href=\"https:\/\/oaxacadiaadia.com\/wp-content\/uploads\/2026\/09\/La-nueva-SCJN-no-la-arma.jpg\"><img loading=\"lazy\" decoding=\"async\" width=\"405\" height=\"252\" src=\"https:\/\/oaxacadiaadia.com\/wp-content\/uploads\/2026\/09\/La-nueva-SCJN-no-la-arma.jpg\" alt=\"\" class=\"wp-image-226902\" srcset=\"https:\/\/oaxacadiaadia.com\/wp-content\/uploads\/2026\/09\/La-nueva-SCJN-no-la-arma.jpg 405w, https:\/\/oaxacadiaadia.com\/wp-content\/uploads\/2026\/09\/La-nueva-SCJN-no-la-arma-300x187.jpg 300w\" sizes=\"auto, (max-width: 405px) 100vw, 405px\" \/><\/a><\/figure>\n\n\n\n<p>*P\u00e9simos resultados en la Suprema Corte de Justicia de la Naci\u00f3n: resolvi\u00f3 el 35% menos de asuntos<\/p>\n\n\n\n<!--more-->\n\n\n\n<p>Oaxaca, Oaxaca, Mi\u00e9rcoles 02 de Septiembre, 2026, (Fuente: L\u00f3pez-D\u00f3riga Digital y N+).- En el primer a\u00f1o de su instalaci\u00f3n, el nuevo pleno de la Suprema Corte de Justicia de la Naci\u00f3n (SCJN) resolvi\u00f3 35 por ciento menos asuntos.<\/p>\n\n\n\n<p>El 1 de septiembre de 2025 iniciaron funciones los ministros Hugo Aguilar, Lenia Batres, Yasm\u00edn Esquivel, Loretta Ortiz, Mar\u00eda Estela R\u00edos, Giovanni Azael Figueroa, Irving Espinosa, Ar\u00edstides Guerrero, y Sara Herrer\u00edas.<\/p>\n\n\n\n<p>De septiembre de 2024 a agosto de 2025 la SCJN vot\u00f3 3 mil 174 proyectos de sentencia, pero en el mismo periodo de 2025 a 2026 se votaron 2 mil 59 asuntos a partir de proyectos de sentencia.<\/p>\n\n\n\n<p>Ello se traduce en una reducci\u00f3n de asuntos resueltos de m\u00e1s de 35 por ciento<\/p>\n\n\n\n<p>En promedio, cada ministro actual elabor\u00f3 229 proyectos de sentencia, mientras que en la antigua corte cada integrante del Pleno elabor\u00f3 289.<\/p>\n\n\n\n<p>Cabe destacar que con la nueva Suprema Corte desaparecieron las salas, por lo que ahora los asuntos de cada ministro se votan en la misma sesi\u00f3n, lo que retrasa las aprobaciones.<\/p>\n\n\n\n<p>Yasm\u00edn Esquivel es la ministra con mayor productividad, seguida de Ar\u00edstides Guerrero y Loretta Ortiz.<\/p>\n\n\n\n<p>El ministro Hugo Ortiz registra el menor n\u00famero de proyectos de sentencia porque en su calidad de presidente de la Corte no le son turnadas controversias constitucionales ni acciones de inconstitucionalidad.<\/p>\n\n\n\n<p>Asimismo, atiende eventos pol\u00edticos y realiza otras funciones.<\/p>\n\n\n\n<p>Las sesiones de la Suprema Corte son transmitidas en YouTube. Entre 2022 y 2024 se incrementaron sus vistas; sin embargo, dichas cifras cayeron en 2025 y en lo que va de este a\u00f1o registran un seguimiento menor.<\/p>\n\n\n\n<p>La sesi\u00f3n m\u00e1s vista de la Suprema Corte ocurri\u00f3 en 2024: el 5 de noviembre m\u00e1s de 261 mil personas siguieron la discusi\u00f3n sobre la Reforma al Poder Judicial.<\/p>\n\n\n\n<p>Otras sesiones relevantes fueron una de abril de 2022 en la que se discuti\u00f3 la Ley de la Industria El\u00e9ctrica y otra de septiembre del mismo a\u00f1o en la que se abord\u00f3 la prisi\u00f3n preventiva oficiosa. Cada una registr\u00f3 m\u00e1s de 60 mil vistas.<\/p>\n\n\n\n<p>En la Corte actual, la sesi\u00f3n m\u00e1s vista fue la del 11 de septiembre de 2025 cuando se llev\u00f3 a cabo la primera sesi\u00f3n, con m\u00e1s de 28 mil vistas.<\/p>\n\n\n\n<p>Entre los cambios implementados por la nueva Corta destaca la reducci\u00f3n de privilegios. A propuesta de la ministra Lenia Batres se redujo el salario de los ministros a una cantidad mayor que la de la presidenta de la Rep\u00fablica.<\/p>\n\n\n\n<p>Tambi\u00e9n se eliminaron seguros de gastos m\u00e9dicos y de separaci\u00f3n voluntaria, desaparecieron apoyos para el pago de alimentos y telefon\u00eda celular, y se suspendi\u00f3 la compra de camionetas blindadas.<\/p>\n\n\n\n<p>Asimismo, la ministra Loretta Ortiz propuso que las resoluciones y sentencias tuvieran impacto social al identificar y atraer asuntos de importancia p\u00fablica mientras que el ministro Hugo Aguilar prometi\u00f3 que la Corte estuviera al tanto de la resoluci\u00f3n de temas centrales para la vida p\u00fablica.<\/p>\n\n\n\n<p>De ah\u00ed que la SCJN incrementara el uso de las facultades de atracci\u00f3n y reasunci\u00f3n de competencias para conocer proyectos de inter\u00e9s p\u00fablicos en tribunales y juzgados, que atienden problem\u00e1ticas sociales.<\/p>\n\n\n\n<p>Por su parte, el ministro Ar\u00edstides Guerrero promovi\u00f3 que las sentencias se puedan leer en lenguas ind\u00edgenas, en braille y formatos f\u00e1ciles de entender. Esto se cumpli\u00f3 con una sentencia para una comunidad rar\u00e1muri de Chihuahua. Asimismo, los ministros empezaron a capacitarse en herramientas de accesibilidad en braille.<\/p>\n\n\n\n<p>Pero la nueva Corte no ha cumplido del todo con la promesa del ministro Irving Espinosa sobre que el acceso a la informaci\u00f3n ser\u00eda proactivo. La SCJN tiene importantes rezagos en la informaci\u00f3n que publica sobre sentencias y votos.<\/p>\n\n\n\n<p>Adicionalmente, m\u00e9tricas y reportes de la antigua Corte se interrumpieron.<\/p>\n","protected":false},"excerpt":{"rendered":"<p>*P\u00e9simos resultados en la Suprema Corte de Justicia de la Naci\u00f3n: resolvi\u00f3 el 35% menos de asuntos<\/p>\n","protected":false},"author":1,"featured_media":226902,"comment_status":"closed","ping_status":"closed","sticky":false,"template":"","format":"standard","meta":{"footnotes":""},"categories":[3,13],"tags":[],"class_list":["post-226901","post","type-post","status-publish","format-standard","has-post-thumbnail","hentry","category-las-destacadas","category-nacional"],"_links":{"self":[{"href":"https:\/\/oaxacadiaadia.com\/index.php?rest_route=\/wp\/v2\/posts\/226901","targetHints":{"allow":["GET"]}}],"collection":[{"href":"https:\/\/oaxacadiaadia.com\/index.php?rest_route=\/wp\/v2\/posts"}],"about":[{"href":"https:\/\/oaxacadiaadia.com\/index.php?rest_route=\/wp\/v2\/types\/post"}],"author":[{"embeddable":true,"href":"https:\/\/oaxacadiaadia.com\/index.php?rest_route=\/wp\/v2\/users\/1"}],"replies":[{"embeddable":true,"href":"https:\/\/oaxacadiaadia.com\/index.php?rest_route=%2Fwp%2Fv2%2Fcomments&post=226901"}],"version-history":[{"count":1,"href":"https:\/\/oaxacadiaadia.com\/index.php?rest_route=\/wp\/v2\/posts\/226901\/revisions"}],"predecessor-version":[{"id":226903,"href":"https:\/\/oaxacadiaadia.com\/index.php?rest_route=\/wp\/v2\/posts\/226901\/revisions\/226903"}],"wp:featuredmedia":[{"embeddable":true,"href":"https:\/\/oaxacadiaadia.com\/index.php?rest_route=\/wp\/v2\/media\/226902"}],"wp:attachment":[{"href":"https:\/\/oaxacadiaadia.com\/index.php?rest_route=%2Fwp%2Fv2%2Fmedia&parent=226901"}],"wp:term":[{"taxonomy":"category","embeddable":true,"href":"https:\/\/oaxacadiaadia.com\/index.php?rest_route=%2Fwp%2Fv2%2Fcategories&post=226901"},{"taxonomy":"post_tag","embeddable":true,"href":"https:\/\/oaxacadiaadia.com\/index.php?rest_route=%2Fwp%2Fv2%2Ftags&post=226901"}],"curies":[{"name":"wp","href":"https:\/\/api.w.org\/{rel}","templated":true}]}}