{"id":226899,"date":"2026-09-02T20:57:51","date_gmt":"2026-09-03T02:57:51","guid":{"rendered":"https:\/\/oaxacadiaadia.com\/?p=226899"},"modified":"2026-09-02T20:57:51","modified_gmt":"2026-09-03T02:57:51","slug":"mototaxistas-ya-pagarian-por-registro","status":"publish","type":"post","link":"https:\/\/oaxacadiaadia.com\/?p=226899","title":{"rendered":"Mototaxistas ya pagar\u00edan por registro"},"content":{"rendered":"\n<figure class=\"wp-block-image size-full\"><a href=\"http:\/\/oaxacadiaadia.com\/wp-content\/uploads\/2019\/02\/Peligro-Mototaxi-asaltando.jpg\"><img loading=\"lazy\" decoding=\"async\" width=\"408\" height=\"271\" src=\"http:\/\/oaxacadiaadia.com\/wp-content\/uploads\/2019\/02\/Peligro-Mototaxi-asaltando.jpg\" alt=\"\" class=\"wp-image-80905\" srcset=\"https:\/\/oaxacadiaadia.com\/wp-content\/uploads\/2019\/02\/Peligro-Mototaxi-asaltando.jpg 408w, https:\/\/oaxacadiaadia.com\/wp-content\/uploads\/2019\/02\/Peligro-Mototaxi-asaltando-300x199.jpg 300w\" sizes=\"auto, (max-width: 408px) 100vw, 408px\" \/><\/a><\/figure>\n\n\n\n<p>*El Congreso de Oaxaca crea cobro por registro de mototaxis; expedici\u00f3n costar\u00e1 23 UMA y renovaci\u00f3n cada dos a\u00f1os<\/p>\n\n\n\n<!--more-->\n\n\n\n<p>Oaxaca, Oaxaca, Mi\u00e9rcoles 02 de Septiembre, 2026, (Fuente: X: @jaimeguerrero08).- El Congreso de Oaxaca perfila incorporar por primera vez a la Ley Estatal de Derechos el cobro por el registro administrativo de mototaxis, con tarifas espec\u00edficas para expedir, renovar y reponer la constancia que identificar\u00e1 oficialmente a estas unidades.<\/p>\n\n\n\n<p>La Comisi\u00f3n Permanente de Hacienda aprob\u00f3 el dictamen que adiciona el inciso c) a la fracci\u00f3n IV del art\u00edculo 30 Bis de la Ley Estatal de Derechos de Oaxaca, para dar sustento legal al cobro relacionado con el Registro Estatal de Veh\u00edculos de Movilidad Local tipo Mototaxi.<\/p>\n\n\n\n<p>El dictamen se prev\u00e9 que sea aprobado por el pleno del Congreso, durante la sesi\u00f3n de este martes.<\/p>\n\n\n\n<p>La principal novedad es que un registro creado previamente mediante acuerdos y lineamientos administrativos de la Secretar\u00eda de Movilidad (SEMOVI) ser\u00e1 incorporado al cat\u00e1logo de servicios p\u00fablicos sujetos al pago de derechos.<\/p>\n\n\n\n<p>El proyecto fija tres cuotas: 23 UMA por expedici\u00f3n de la constancia; 20 UMA por renovaci\u00f3n cada dos a\u00f1os, y 10 UMA por reposici\u00f3n.<\/p>\n\n\n\n<p>La modificaci\u00f3n es puntual: adiciona \u00fanicamente el inciso c) de la fracci\u00f3n IV del art\u00edculo 30 Bis y deja sin cambios el resto de sus disposiciones.<\/p>\n\n\n\n<p>La Comisi\u00f3n de Hacienda argument\u00f3 que el ajuste permitir\u00e1 dar viabilidad jur\u00eddica y operativa al esquema de registro que ya hab\u00eda puesto en marcha la SEMOVI para identificar a los prestadores del servicio y las unidades en circulaci\u00f3n.<\/p>\n\n\n\n<p>En marzo de 2026, la dependencia estatal emiti\u00f3 los lineamientos para implementar el Registro Estatal de Veh\u00edculos de Movilidad Local tipo Mototaxi y expedir placas de movilidad local.<\/p>\n\n\n\n<p>Por ello, la reforma no crea la figura del mototaxi ni el registro de estas unidades. Su cambio central consiste en trasladar a la legislaci\u00f3n fiscal estatal el cobro por la constancia administrativa y establecer cu\u00e1nto deber\u00e1 pagarse por cada tr\u00e1mite.<\/p>\n\n\n\n<p>Los mototaxis ya se encuentran reconocidos en la Ley de Tr\u00e1nsito y Vialidad de Oaxaca como un tipo de veh\u00edculo dentro del sistema de tr\u00e1nsito, mientras que la Ley de Movilidad faculta a la SEMOVI para regular, ordenar y supervisar el transporte p\u00fablico.<\/p>\n\n\n\n<p>La iniciativa fue presentada por el diputado Oliver L\u00f3pez Garc\u00eda el 19 de junio y aprobada por la Comisi\u00f3n de Hacienda el 7 de julio de 2026, por lo que qued\u00f3 en condiciones de ser sometida al Pleno.<\/p>\n\n\n\n<p>Una vez aprobado y publicado el decreto en el Peri\u00f3dico Oficial del Gobierno del Estado, las nuevas disposiciones entrar\u00e1n en vigor al d\u00eda siguiente.<\/p>\n","protected":false},"excerpt":{"rendered":"<p>*El Congreso de Oaxaca crea cobro por registro de mototaxis; expedici\u00f3n costar\u00e1 23 UMA y renovaci\u00f3n cada dos a\u00f1os<\/p>\n","protected":false},"author":1,"featured_media":80905,"comment_status":"closed","ping_status":"closed","sticky":false,"template":"","format":"standard","meta":{"footnotes":""},"categories":[11,3],"tags":[],"class_list":["post-226899","post","type-post","status-publish","format-standard","has-post-thumbnail","hentry","category-capital","category-las-destacadas"],"_links":{"self":[{"href":"https:\/\/oaxacadiaadia.com\/index.php?rest_route=\/wp\/v2\/posts\/226899","targetHints":{"allow":["GET"]}}],"collection":[{"href":"https:\/\/oaxacadiaadia.com\/index.php?rest_route=\/wp\/v2\/posts"}],"about":[{"href":"https:\/\/oaxacadiaadia.com\/index.php?rest_route=\/wp\/v2\/types\/post"}],"author":[{"embeddable":true,"href":"https:\/\/oaxacadiaadia.com\/index.php?rest_route=\/wp\/v2\/users\/1"}],"replies":[{"embeddable":true,"href":"https:\/\/oaxacadiaadia.com\/index.php?rest_route=%2Fwp%2Fv2%2Fcomments&post=226899"}],"version-history":[{"count":1,"href":"https:\/\/oaxacadiaadia.com\/index.php?rest_route=\/wp\/v2\/posts\/226899\/revisions"}],"predecessor-version":[{"id":226900,"href":"https:\/\/oaxacadiaadia.com\/index.php?rest_route=\/wp\/v2\/posts\/226899\/revisions\/226900"}],"wp:featuredmedia":[{"embeddable":true,"href":"https:\/\/oaxacadiaadia.com\/index.php?rest_route=\/wp\/v2\/media\/80905"}],"wp:attachment":[{"href":"https:\/\/oaxacadiaadia.com\/index.php?rest_route=%2Fwp%2Fv2%2Fmedia&parent=226899"}],"wp:term":[{"taxonomy":"category","embeddable":true,"href":"https:\/\/oaxacadiaadia.com\/index.php?rest_route=%2Fwp%2Fv2%2Fcategories&post=226899"},{"taxonomy":"post_tag","embeddable":true,"href":"https:\/\/oaxacadiaadia.com\/index.php?rest_route=%2Fwp%2Fv2%2Ftags&post=226899"}],"curies":[{"name":"wp","href":"https:\/\/api.w.org\/{rel}","templated":true}]}}