{"id":226896,"date":"2026-09-02T20:56:19","date_gmt":"2026-09-03T02:56:19","guid":{"rendered":"https:\/\/oaxacadiaadia.com\/?p=226896"},"modified":"2026-09-02T20:56:20","modified_gmt":"2026-09-03T02:56:20","slug":"tambien-zimatlan-rechaza-el-corredor-vial-zapoteco","status":"publish","type":"post","link":"https:\/\/oaxacadiaadia.com\/?p=226896","title":{"rendered":"Tambi\u00e9n Zimatl\u00e1n rechaza el Corredor Vial Zapoteco"},"content":{"rendered":"\n<figure class=\"wp-block-image size-full\"><a href=\"https:\/\/oaxacadiaadia.com\/wp-content\/uploads\/2026\/09\/Tambien-Zimatlan-rechaza-el-Corredor-Vial-Zapoteco.jpg\"><img loading=\"lazy\" decoding=\"async\" width=\"408\" height=\"267\" src=\"https:\/\/oaxacadiaadia.com\/wp-content\/uploads\/2026\/09\/Tambien-Zimatlan-rechaza-el-Corredor-Vial-Zapoteco.jpg\" alt=\"\" class=\"wp-image-226897\" srcset=\"https:\/\/oaxacadiaadia.com\/wp-content\/uploads\/2026\/09\/Tambien-Zimatlan-rechaza-el-Corredor-Vial-Zapoteco.jpg 408w, https:\/\/oaxacadiaadia.com\/wp-content\/uploads\/2026\/09\/Tambien-Zimatlan-rechaza-el-Corredor-Vial-Zapoteco-300x196.jpg 300w\" sizes=\"auto, (max-width: 408px) 100vw, 408px\" \/><\/a><\/figure>\n\n\n\n<p>*Ejidatarios salen en defensa de su territorio<\/p>\n\n\n\n<!--more-->\n\n\n\n<p>Zimatl\u00e1n de \u00c1lvarez, Oaxaca, Mi\u00e9rcoles 02 de Septiembre, 2026, (Fuente: Ernesto Rojas Ayuzo \/ Plataforma Informativa Oaxaca).- Crece el rechazo al proyecto denominado Corredor Vial Zapoteco en los Valles Centrales.<\/p>\n\n\n\n<p>Ahora fueron autoridades agrarias y ejidatarios de Zimatl\u00e1n de \u00c1lvarez quienes fijaron p\u00fablicamente su postura: no permitir\u00e1n que la obra avance sobre su territorio sin tomar en cuenta la decisi\u00f3n de la comunidad.<\/p>\n\n\n\n<p>El Comisariado Ejidal, el Consejo de Vigilancia y ejidatarios de esta poblaci\u00f3n manifestaron de manera abierta su oposici\u00f3n al proyecto y advirtieron que su prioridad es defender las tierras de cultivo, el agua y los recursos naturales.<\/p>\n\n\n\n<p>\u201c\u00a1No al Corredor Vial Zapoteco!\u201d, es la consigna con la que los ejidatarios hicieron p\u00fablica su posici\u00f3n.<\/p>\n\n\n\n<p>El pronunciamiento se suma a las voces de comunidades de los Valles Centrales que han expresado preocupaci\u00f3n por las posibles afectaciones territoriales que traer\u00eda la construcci\u00f3n de esta nueva v\u00eda.<\/p>\n\n\n\n<p>Los ejidatarios exigieron que se respete la decisi\u00f3n de las asambleas agrarias y comunitarias y que cualquier proyecto que pretenda intervenir sus tierras sea discutido directamente con quienes poseen y trabajan el territorio.<\/p>\n\n\n\n<p>Con esta postura, Zimatl\u00e1n de \u00c1lvarez se incorpora al frente de comunidades que han manifestado su rechazo al Corredor Vial Zapoteco, aunque el Secretario General de Gobierno, insista en que las consultas ind\u00edgenas a\u00fan no se realizan de manera formal.<\/p>\n","protected":false},"excerpt":{"rendered":"<p>*Ejidatarios salen en defensa de su territorio<\/p>\n","protected":false},"author":1,"featured_media":226897,"comment_status":"closed","ping_status":"closed","sticky":false,"template":"","format":"standard","meta":{"footnotes":""},"categories":[3,7,14],"tags":[],"class_list":["post-226896","post","type-post","status-publish","format-standard","has-post-thumbnail","hentry","category-las-destacadas","category-municipal","category-titulares"],"_links":{"self":[{"href":"https:\/\/oaxacadiaadia.com\/index.php?rest_route=\/wp\/v2\/posts\/226896","targetHints":{"allow":["GET"]}}],"collection":[{"href":"https:\/\/oaxacadiaadia.com\/index.php?rest_route=\/wp\/v2\/posts"}],"about":[{"href":"https:\/\/oaxacadiaadia.com\/index.php?rest_route=\/wp\/v2\/types\/post"}],"author":[{"embeddable":true,"href":"https:\/\/oaxacadiaadia.com\/index.php?rest_route=\/wp\/v2\/users\/1"}],"replies":[{"embeddable":true,"href":"https:\/\/oaxacadiaadia.com\/index.php?rest_route=%2Fwp%2Fv2%2Fcomments&post=226896"}],"version-history":[{"count":1,"href":"https:\/\/oaxacadiaadia.com\/index.php?rest_route=\/wp\/v2\/posts\/226896\/revisions"}],"predecessor-version":[{"id":226898,"href":"https:\/\/oaxacadiaadia.com\/index.php?rest_route=\/wp\/v2\/posts\/226896\/revisions\/226898"}],"wp:featuredmedia":[{"embeddable":true,"href":"https:\/\/oaxacadiaadia.com\/index.php?rest_route=\/wp\/v2\/media\/226897"}],"wp:attachment":[{"href":"https:\/\/oaxacadiaadia.com\/index.php?rest_route=%2Fwp%2Fv2%2Fmedia&parent=226896"}],"wp:term":[{"taxonomy":"category","embeddable":true,"href":"https:\/\/oaxacadiaadia.com\/index.php?rest_route=%2Fwp%2Fv2%2Fcategories&post=226896"},{"taxonomy":"post_tag","embeddable":true,"href":"https:\/\/oaxacadiaadia.com\/index.php?rest_route=%2Fwp%2Fv2%2Ftags&post=226896"}],"curies":[{"name":"wp","href":"https:\/\/api.w.org\/{rel}","templated":true}]}}