{"id":226883,"date":"2026-09-02T20:52:52","date_gmt":"2026-09-03T02:52:52","guid":{"rendered":"https:\/\/oaxacadiaadia.com\/?p=226883"},"modified":"2026-09-02T20:52:53","modified_gmt":"2026-09-03T02:52:53","slug":"investigan-presuntos-nexos-de-sindico-con-la-asaeo","status":"publish","type":"post","link":"https:\/\/oaxacadiaadia.com\/?p=226883","title":{"rendered":"Investigan presuntos nexos de s\u00edndico con la ASAEO"},"content":{"rendered":"\n<figure class=\"wp-block-image size-full\"><a href=\"http:\/\/oaxacadiaadia.com\/wp-content\/uploads\/2026\/08\/Detienen-a-El-Duck-sindico-de-la-capital-de-Oaxaca-ok.jpg\"><img loading=\"lazy\" decoding=\"async\" width=\"432\" height=\"221\" src=\"http:\/\/oaxacadiaadia.com\/wp-content\/uploads\/2026\/08\/Detienen-a-El-Duck-sindico-de-la-capital-de-Oaxaca-ok.jpg\" alt=\"\" class=\"wp-image-226704\" srcset=\"https:\/\/oaxacadiaadia.com\/wp-content\/uploads\/2026\/08\/Detienen-a-El-Duck-sindico-de-la-capital-de-Oaxaca-ok.jpg 432w, https:\/\/oaxacadiaadia.com\/wp-content\/uploads\/2026\/08\/Detienen-a-El-Duck-sindico-de-la-capital-de-Oaxaca-ok-300x153.jpg 300w\" sizes=\"auto, (max-width: 432px) 100vw, 432px\" \/><\/a><\/figure>\n\n\n\n<!--more-->\n\n\n\n<p>Oaxaca, Oaxaca, Mi\u00e9rcoles 02 de Septiembre, 2026, (Fuente: Agencias y Agencia Zona Roja).- La investigaci\u00f3n contra la Alianza de Sindicatos de Artesanos y Empleados de Oaxaca (ASAEO) dio un giro institucional, tras la detenci\u00f3n de sus principales l\u00edderes.<\/p>\n\n\n\n<p>Durante la conferencia de prensa del gobernador Salom\u00f3n Jara Cruz, el Fiscal General de Oaxaca, Jos\u00e9 Bernardo Rodr\u00edguez Alamilla, confirm\u00f3 la apertura de una l\u00ednea de investigaci\u00f3n prioritaria para determinar la participaci\u00f3n de servidores p\u00fablicos vinculados al grupo delictivo, centrando la atenci\u00f3n en el s\u00edndico segundo municipal de la capital, Ricardo Ram\u00edrez P\u00e9rez, conocido como \u201cEl Duck\u201d.<\/p>\n\n\n\n<p>La organizaci\u00f3n, que operaba inicialmente bajo el esquema del control coaccionado del transporte en modalidades de taxis, mototaxis y volteos en m\u00e1s de 80 municipios de Valles Centrales, escal\u00f3 sus operaciones hacia la extorsi\u00f3n, cobro de piso, narcomenudeo y el despojo violento de predios e inmuebles.<\/p>\n\n\n\n<p><strong>Extensi\u00f3n territorial y violencia letal<\/strong><\/p>\n\n\n\n<p>De acuerdo con los datos de inteligencia expuestos por la Fiscal\u00eda, las actividades de ASAEO afectaron \u00e1reas operativas clave como Pueblo Nuevo, Viguera, la Central de Abastos, as\u00ed como diversos municipios conurbados de las regiones de Etla y Xoxocotl\u00e1n.<\/p>\n\n\n\n<p>Dentro de los expedientes que acumula el grupo delictivo se indaga la coparticipaci\u00f3n de elementos de la ASAEO con un cartel de la delincuencia organizada en al menos tres magnicidios y ataques de alto impacto, cuyo trasfondo era la disputa por el control total de la estructura sindical y territorial:<\/p>\n\n\n\n<p>Atentado en la colonia Reforma: Tentativa de homicidio ejecutada en una de las zonas comerciales de la capital.<\/p>\n\n\n\n<p>Homicidio de Caleb Rodr\u00edguez Ortega: Ataque armado registrado sobre la a&nbsp;&nbsp;&nbsp;&nbsp;&nbsp;&nbsp;&nbsp; venida Universidad.<\/p>\n\n\n\n<p>Homicidio de Iv\u00e1n Tom\u00e1s Luis Villaseca: Ejecuci\u00f3n vinculada directamente al reordenamiento de mandos en la c\u00fapula sindical.<\/p>\n\n\n\n<p>La Fiscal\u00eda estatal mantendr\u00e1 abiertas las indagatorias sobre la operatividad del s\u00edndico Ricardo Ram\u00edrez P\u00e9rez para deslindar responsabilidades penales sobre el presunto uso de las instituciones p\u00fablicas a favor de las operaciones de la delincuencia organizada en la entidad.<\/p>\n\n\n\n<p><strong>\u201cQuien se aparte de la legalidad tendr\u00e1 que enfrentar la justicia\u201d: Salom\u00f3n<\/strong><\/p>\n\n\n\n<p>En tanto, al lamentar que el sindicalismo oaxaque\u00f1o haya olvidado sus or\u00edgenes y algunos gremios se dedican a actividades il\u00edcitas, el gobernador de Oaxaca, Salom\u00f3n Jara Cruz, afirm\u00f3 que \u201cquien se aparte de la legalidad tendr\u00e1 que enfrentar la justicia\u201d.<\/p>\n\n\n\n<p>En su conferencia de prensa del lunes, el mandatario abord\u00f3 el caso de la Alianza de Sindicatos y Asociaciones del Estado de Oaxaca (ASAEO), tras la intervenci\u00f3n del fiscal General de la entidad, Bernardo Rodr\u00edguez Alamilla.<\/p>\n\n\n\n<p>\u201cAl margen de la ley nada, por encima de ley nadie, y vamos a continuar bajo esa premisa juarista\u2026 Nosotros pensamos que la transformaci\u00f3n en Oaxaca implica tambi\u00e9n hacer una reivindicaci\u00f3n del sindicalismo democr\u00e1tico, un sindicalismo leg\u00edtimo, libre, un sindicalismo que desafortunadamente no existe, no ha existido en el estado\u201d, dijo.<\/p>\n\n\n\n<p>Tras reflexionar acerca de los antecedentes de la lucha obrera en M\u00e9xico, llam\u00f3 a reflexionar y a dejar atr\u00e1s \u201ca todas esas estructuras sindicales que han pervertido la esencia y los principios del sindicalismo democr\u00e1tico y que se han dedicado ahora al chantaje, al cobro de piso, a la extorsi\u00f3n\u201d.<\/p>\n\n\n\n<p>Remarc\u00f3 que la lucha de las y los trabajadores a finales del siglo pasado fue para lograr beneficios, para reivindicar sus derechos y no para otros fines\u2026 \u201cno para cobrar piso, no para extorsionar, no para seguir haciendo un sindicalismo que no tiene esencia de lo que hoy estamos informando\u201d.<\/p>\n\n\n\n<p>Jara Cruz dijo que su gobierno respeta y respetar\u00e1 a los gremios que tienen su reivindicaci\u00f3n de mejorar las condiciones de vida, \u201cno por empeorarlas, no para afectar a la sociedad, sea quien sea; porque no puede haber sindicatos que surgieron de esta forma en su principio y que hoy terminen con otras caracter\u00edsticas, eso no puede ser posible\u201d.<\/p>\n\n\n\n<p><strong>Acciones de seguridad<\/strong><\/p>\n\n\n\n<p>En el marco de la conferencia de prensa, se dieron a conocer los avances de las instituciones estatales, en coordinaci\u00f3n con fuerzas federales, para consolidar la justicia y garantizar seguridad a la ciudadan\u00eda.<\/p>\n\n\n\n<p>Se resalt\u00f3 que en la entidad se refuerza el combate a la delincuencia, el cual se refleja en los resultados obtenidos de enero a agosto del presente a\u00f1o: la detenci\u00f3n de m\u00e1s de mil 400 personas, recuperaci\u00f3n y aseguramiento de m\u00e1s de seis mil veh\u00edculos, y se han sacado de circulaci\u00f3n cerca de 200 armas y m\u00e1s de siete mil 100 dosis de droga.&nbsp;<\/p>\n\n\n\n<p>Los esfuerzos realizados por el Gobierno del Estado se evidencian en datos rotundos: el \u00cdndice de Paz en M\u00e9xico 2026 coloca a Oaxaca entre los estados con las mejores condiciones; durante el primer semestre del a\u00f1o, 13 de los 15 delitos de impacto registraron disminuciones, y siete de ellos tuvieron reducciones superiores al 40 por ciento.<\/p>\n\n\n\n<p>Adem\u00e1s de la disminuci\u00f3n de 14.89 puntos en percepci\u00f3n de inseguridad, de acuerdo con la Encuesta Nacional de Seguridad P\u00fablica Urbana del Instituto Nacional de Estad\u00edstica y Geograf\u00eda.<\/p>\n\n\n\n<p>Entre los principales logros en coordinaci\u00f3n con la Fiscal\u00eda General del Estado de Oaxaca, se encuentran la desarticulaci\u00f3n de c\u00e9lulas delictivas en la Costa e Istmo de Tehuantepec, detenci\u00f3n de objetivos prioritarios, cateos coordinados con autoridades federales y trabajos de inteligencia y ubicaci\u00f3n de objetivos prioritarios.<\/p>\n\n\n\n<p>Con el objetivo de seguir abonando al bienestar de las y los oaxaque\u00f1os, la administraci\u00f3n p\u00fablica estatal redobla esfuerzos, mantiene presencia en territorio, mejora la coordinaci\u00f3n con instituciones y act\u00faa con inteligencia, firmeza y pleno apego a la ley frente a quienes pretendan vulnerar la tranquilidad de las comunidades.<\/p>\n","protected":false},"excerpt":{"rendered":"","protected":false},"author":1,"featured_media":226704,"comment_status":"closed","ping_status":"closed","sticky":false,"template":"","format":"standard","meta":{"footnotes":""},"categories":[11,3,7,4,14],"tags":[],"class_list":["post-226883","post","type-post","status-publish","format-standard","has-post-thumbnail","hentry","category-capital","category-las-destacadas","category-municipal","category-policiaca","category-titulares"],"_links":{"self":[{"href":"https:\/\/oaxacadiaadia.com\/index.php?rest_route=\/wp\/v2\/posts\/226883","targetHints":{"allow":["GET"]}}],"collection":[{"href":"https:\/\/oaxacadiaadia.com\/index.php?rest_route=\/wp\/v2\/posts"}],"about":[{"href":"https:\/\/oaxacadiaadia.com\/index.php?rest_route=\/wp\/v2\/types\/post"}],"author":[{"embeddable":true,"href":"https:\/\/oaxacadiaadia.com\/index.php?rest_route=\/wp\/v2\/users\/1"}],"replies":[{"embeddable":true,"href":"https:\/\/oaxacadiaadia.com\/index.php?rest_route=%2Fwp%2Fv2%2Fcomments&post=226883"}],"version-history":[{"count":1,"href":"https:\/\/oaxacadiaadia.com\/index.php?rest_route=\/wp\/v2\/posts\/226883\/revisions"}],"predecessor-version":[{"id":226884,"href":"https:\/\/oaxacadiaadia.com\/index.php?rest_route=\/wp\/v2\/posts\/226883\/revisions\/226884"}],"wp:featuredmedia":[{"embeddable":true,"href":"https:\/\/oaxacadiaadia.com\/index.php?rest_route=\/wp\/v2\/media\/226704"}],"wp:attachment":[{"href":"https:\/\/oaxacadiaadia.com\/index.php?rest_route=%2Fwp%2Fv2%2Fmedia&parent=226883"}],"wp:term":[{"taxonomy":"category","embeddable":true,"href":"https:\/\/oaxacadiaadia.com\/index.php?rest_route=%2Fwp%2Fv2%2Fcategories&post=226883"},{"taxonomy":"post_tag","embeddable":true,"href":"https:\/\/oaxacadiaadia.com\/index.php?rest_route=%2Fwp%2Fv2%2Ftags&post=226883"}],"curies":[{"name":"wp","href":"https:\/\/api.w.org\/{rel}","templated":true}]}}