{"id":226880,"date":"2026-09-02T20:51:38","date_gmt":"2026-09-03T02:51:38","guid":{"rendered":"https:\/\/oaxacadiaadia.com\/?p=226880"},"modified":"2026-09-02T20:51:39","modified_gmt":"2026-09-03T02:51:39","slug":"ataque-armado-en-vivienda-de-funcionario-estatal","status":"publish","type":"post","link":"https:\/\/oaxacadiaadia.com\/?p=226880","title":{"rendered":"Ataque armado en vivienda de funcionario estatal"},"content":{"rendered":"\n<figure class=\"wp-block-image size-full\"><a href=\"https:\/\/oaxacadiaadia.com\/wp-content\/uploads\/2026\/09\/Ataque-armado-en-vivienda-de-funcionario-estatal.jpg\"><img loading=\"lazy\" decoding=\"async\" width=\"411\" height=\"223\" src=\"https:\/\/oaxacadiaadia.com\/wp-content\/uploads\/2026\/09\/Ataque-armado-en-vivienda-de-funcionario-estatal.jpg\" alt=\"\" class=\"wp-image-226881\" srcset=\"https:\/\/oaxacadiaadia.com\/wp-content\/uploads\/2026\/09\/Ataque-armado-en-vivienda-de-funcionario-estatal.jpg 411w, https:\/\/oaxacadiaadia.com\/wp-content\/uploads\/2026\/09\/Ataque-armado-en-vivienda-de-funcionario-estatal-300x163.jpg 300w\" sizes=\"auto, (max-width: 411px) 100vw, 411px\" \/><\/a><\/figure>\n\n\n\n<p>*A balazos atacan casa de Albino P\u00e9rez, subdirector general del Instituto Estatal de Educaci\u00f3n P\u00fablica de Oaxaca; se presume un presunto cobro de piso<\/p>\n\n\n\n<!--more-->\n\n\n\n<p>Juchit\u00e1n de Zaragoza, Oaxaca, Mi\u00e9rcoles 02 de Septiembre, 2026, (Fuente: Omar Colmenares \/ Panorama Informativo 360, Facebook: Redacci\u00f3n Oaxaca y Agencia Zona Roja).- La noche de este martes 01 de septiembre, de acuerdo con reportes preliminares, se inform\u00f3 sobre un presunto ataque armado contra un domicilio ubicado en la Quinta Secci\u00f3n de Juchit\u00e1n de Zaragoza, sobre la calle El Vado de Melchor Ocampo, esquina con Ribera del R\u00edo, en la regi\u00f3n Istmo de Oaxaca.<\/p>\n\n\n\n<p>Seg\u00fan la informaci\u00f3n que circul\u00f3 de manera preliminar, sujetos desconocidos habr\u00edan realizado disparos contra una vivienda de color blanco con amarillo. Asimismo, en estos primeros reportes se se\u00f1al\u00f3, de manera extraoficial, que el inmueble presuntamente pertenecer\u00eda a Emilio Montero P\u00e9rez, director general del Instituto Estatal de Educaci\u00f3n P\u00fablica de Oaxaca (IEEPO).<\/p>\n\n\n\n<p>Hasta el momento, ninguna autoridad hab\u00eda confirmado oficialmente que el domicilio atacado sea propiedad del funcionario ni las circunstancias en las que ocurri\u00f3 el presunto ataque.<\/p>\n\n\n\n<p>Cabe se\u00f1alar que Emilio Momento P\u00e9rez se encuentra convaleciente en un hospital, luego de haber sido sometido a una intervenci\u00f3n quir\u00fargica, situaci\u00f3n que fue dada a conocer p\u00fablicamente el pasado lunes durante la conferencia de prensa encabezada por el gobernador Salom\u00f3n Jara Cruz.<\/p>\n\n\n\n<p>Tras el reporte de las detonaciones, elementos de la Polic\u00eda Municipal acudieron al lugar y acordonaron la zona para permitir la realizaci\u00f3n de las diligencias correspondientes.<\/p>\n\n\n\n<p>Hasta el cierre de esta informaci\u00f3n, no se hab\u00eda informado oficialmente sobre personas lesionadas o detenidas relacionadas con estos hechos.<\/p>\n\n\n\n<p>Se espera informaci\u00f3n oficial de las autoridades correspondientes para confirmar los detalles del presunto ataque y establecer si el domicilio tiene relaci\u00f3n con el director del IEEPO.<\/p>\n\n\n\n<p><strong>Balean casa de subdirector del IEEPO en Juchit\u00e1n; investigan posible cobro de piso<\/strong><\/p>\n\n\n\n<p>De este modo, la violencia alcanz\u00f3 el domicilio de un funcionario estatal en Juchit\u00e1n. La noche del martes, sujetos armados dispararon contra la vivienda de Albino P\u00e9rez, subdirector general del Instituto Estatal de Educaci\u00f3n P\u00fablica de Oaxaca (IEEPO).<\/p>\n\n\n\n<p>De acuerdo con informaci\u00f3n preliminar, una de las l\u00edneas de investigaci\u00f3n apunta a un posible cobro de piso, aunque hasta el momento las autoridades no han confirmado oficialmente el m\u00f3vil del ataque.<\/p>\n\n\n\n<p>Las detonaciones alertaron a vecinos y provocaron la movilizaci\u00f3n de corporaciones de seguridad, que desplegaron un operativo en la zona y acordonaron el inmueble para permitir el levantamiento de indicios.<\/p>\n\n\n\n<p>El ataque no dej\u00f3 personas lesionadas, pero dej\u00f3 nuevamente bajo cuestionamiento la capacidad de las autoridades para contener las extorsiones y otros delitos que afectan a habitantes, comerciantes y sectores productivos del Istmo.<\/p>\n\n\n\n<p>La Fiscal\u00eda General del Estado de Oaxaca inici\u00f3 las investigaciones para determinar qu\u00e9 ocurri\u00f3, establecer el m\u00f3vil e identificar a los responsables.<\/p>\n\n\n\n<p>El caso cobra relevancia por tratarse del domicilio de un funcionario del gobierno del estado. De confirmarse que el ataque estuvo relacionado con una exigencia de dinero, la extorsi\u00f3n habr\u00eda alcanzado directamente a un integrante de la estructura gubernamental.<\/p>\n\n\n\n<p>Mientras las autoridades presumen avances en materia de \u00abseguridad\u00bb, en Juchit\u00e1n los disparos contra la vivienda de un funcionario vuelven a poner sobre la mesa la presencia de grupos que recurren a la intimidaci\u00f3n y la violencia para exigir pagos.<\/p>\n\n\n\n<p><strong>Asesinan a individuo en Puerto Escondido; balean casa de funcionario en Juchit\u00e1n<\/strong><\/p>\n\n\n\n<p>En otros hechos, un tercer crimen en menos de una semana se registr\u00f3 en el destino tur\u00edstico de Puerto Escondido (ubicado en el distrito de Juquila, regi\u00f3n Costa de Oaxaca), el segundo destino tur\u00edstico m\u00e1s importante de Oaxaca.<\/p>\n\n\n\n<p>El ataque armado se registr\u00f3 el martes por la tarde, a un costado de la v\u00eda federal 131, a la altura de la colonia Benito Ju\u00e1rez y cerca del aeropuerto internacional.<\/p>\n\n\n\n<p>Sujetos desconocidos dispararon en contra de un individuo hasta ahora no identificado y le dieron muerte, tras lo cual huyeron de la zona.<\/p>\n\n\n\n<p>Param\u00e9dicos arribaron a la zona para brindar los primeros auxilios, pero corroboraron que ya no contaba con signos vitales; el cuerpo presenta varios impactos de arma de fuego.<\/p>\n\n\n\n<p>Cabe mencionar que el viernes y jueves de la semana pasada, fueron asesinadas dos personas, cuyos casos a\u00fan no han sido esclarecidos.<\/p>\n\n\n\n<p><strong>En Juchit\u00e1n<\/strong><\/p>\n\n\n\n<p>Por otra parte, la noche del martes, un comando atac\u00f3 a balazos un domicilio en la Quinta Secci\u00f3n del municipio de Juchit\u00e1n de Zaragoza, sin que se registraran v\u00edctimas.<\/p>\n\n\n\n<p>El domicilio presuntamente es de Albino P\u00e9rez V\u00e1squez, funcionario del Instituto Estatal de Educaci\u00f3n P\u00fablica de Oaxaca, que dirige el juchiteco Emilio Montero P\u00e9rez.<\/p>\n\n\n\n<p>Fueron los vecinos que llamaron a las autoridades tras escuchar los intensos disparos de arma de fuego en la casa ubicada en cerca del vado, en la ribera del r\u00edo esquina con Melchor Ocampo.<\/p>\n\n\n\n<p>El \u00e1rea fue acordonada por polic\u00edas mientras personal de la Vicefiscal\u00eda Regional el Istmo realiz\u00f3 las indagatorias correspondientes; a\u00fan se desconoce el m\u00f3vil del ataque armado.<\/p>\n","protected":false},"excerpt":{"rendered":"<p>*A balazos atacan casa de Albino P\u00e9rez, subdirector general del Instituto Estatal de Educaci\u00f3n P\u00fablica de Oaxaca; se presume un<\/p>\n","protected":false},"author":1,"featured_media":226881,"comment_status":"closed","ping_status":"closed","sticky":false,"template":"","format":"standard","meta":{"footnotes":""},"categories":[3,7,4],"tags":[],"class_list":["post-226880","post","type-post","status-publish","format-standard","has-post-thumbnail","hentry","category-las-destacadas","category-municipal","category-policiaca"],"_links":{"self":[{"href":"https:\/\/oaxacadiaadia.com\/index.php?rest_route=\/wp\/v2\/posts\/226880","targetHints":{"allow":["GET"]}}],"collection":[{"href":"https:\/\/oaxacadiaadia.com\/index.php?rest_route=\/wp\/v2\/posts"}],"about":[{"href":"https:\/\/oaxacadiaadia.com\/index.php?rest_route=\/wp\/v2\/types\/post"}],"author":[{"embeddable":true,"href":"https:\/\/oaxacadiaadia.com\/index.php?rest_route=\/wp\/v2\/users\/1"}],"replies":[{"embeddable":true,"href":"https:\/\/oaxacadiaadia.com\/index.php?rest_route=%2Fwp%2Fv2%2Fcomments&post=226880"}],"version-history":[{"count":1,"href":"https:\/\/oaxacadiaadia.com\/index.php?rest_route=\/wp\/v2\/posts\/226880\/revisions"}],"predecessor-version":[{"id":226882,"href":"https:\/\/oaxacadiaadia.com\/index.php?rest_route=\/wp\/v2\/posts\/226880\/revisions\/226882"}],"wp:featuredmedia":[{"embeddable":true,"href":"https:\/\/oaxacadiaadia.com\/index.php?rest_route=\/wp\/v2\/media\/226881"}],"wp:attachment":[{"href":"https:\/\/oaxacadiaadia.com\/index.php?rest_route=%2Fwp%2Fv2%2Fmedia&parent=226880"}],"wp:term":[{"taxonomy":"category","embeddable":true,"href":"https:\/\/oaxacadiaadia.com\/index.php?rest_route=%2Fwp%2Fv2%2Fcategories&post=226880"},{"taxonomy":"post_tag","embeddable":true,"href":"https:\/\/oaxacadiaadia.com\/index.php?rest_route=%2Fwp%2Fv2%2Ftags&post=226880"}],"curies":[{"name":"wp","href":"https:\/\/api.w.org\/{rel}","templated":true}]}}