{"id":226877,"date":"2026-09-02T20:50:46","date_gmt":"2026-09-03T02:50:46","guid":{"rendered":"https:\/\/oaxacadiaadia.com\/?p=226877"},"modified":"2026-09-02T20:50:47","modified_gmt":"2026-09-03T02:50:47","slug":"la-utvco-ya-tiene-nueva-rectora","status":"publish","type":"post","link":"https:\/\/oaxacadiaadia.com\/?p=226877","title":{"rendered":"La UTVCO ya tiene nueva rectora"},"content":{"rendered":"\n<figure class=\"wp-block-image size-full\"><a href=\"https:\/\/oaxacadiaadia.com\/wp-content\/uploads\/2026\/09\/La-UTVCO-ya-tiene-nueva-rectora.jpg\"><img loading=\"lazy\" decoding=\"async\" width=\"423\" height=\"278\" src=\"https:\/\/oaxacadiaadia.com\/wp-content\/uploads\/2026\/09\/La-UTVCO-ya-tiene-nueva-rectora.jpg\" alt=\"\" class=\"wp-image-226878\" srcset=\"https:\/\/oaxacadiaadia.com\/wp-content\/uploads\/2026\/09\/La-UTVCO-ya-tiene-nueva-rectora.jpg 423w, https:\/\/oaxacadiaadia.com\/wp-content\/uploads\/2026\/09\/La-UTVCO-ya-tiene-nueva-rectora-300x197.jpg 300w\" sizes=\"auto, (max-width: 423px) 100vw, 423px\" \/><\/a><\/figure>\n\n\n\n<!--more-->\n\n\n\n<p>Oaxaca, Oaxaca, Mi\u00e9rcoles 02 de Septiembre, 2026, (Fuente: Comunicado).- Con m\u00e1s de 30 a\u00f1os de trayectoria en el \u00e1mbito educativo y experiencia en la defensa de los derechos humanos y laborales, la Edith Santib\u00e1\u00f1ez Boh\u00f3rquez asumi\u00f3 la Rector\u00eda de la Universidad Tecnol\u00f3gica de los Valles Centrales de Oaxaca (UTVCO), tras rendir protesta ante el gobernador Salom\u00f3n Jara Cruz.<\/p>\n\n\n\n<p>Su incorporaci\u00f3n marca el inicio de una nueva etapa para la instituci\u00f3n, con el reto de fortalecer la calidad educativa, consolidar su presencia acad\u00e9mica y ampliar la vinculaci\u00f3n de la universidad con las comunidades y los sectores productivos de Oaxaca.<\/p>\n\n\n\n<p>Santib\u00e1\u00f1ez Boh\u00f3rquez cuenta con una amplia trayectoria vinculada a la educaci\u00f3n, la gesti\u00f3n y la participaci\u00f3n social, experiencia que ahora llevar\u00e1 a la conducci\u00f3n de una de las instituciones de educaci\u00f3n superior de los Valles Centrales.<\/p>\n\n\n\n<p>Al frente de la UTVCO tendr\u00e1 entre sus principales desaf\u00edos fortalecer la comunidad universitaria, impulsar mejores oportunidades para las y los estudiantes y consolidar el papel de la instituci\u00f3n en la formaci\u00f3n de profesionistas que contribuyan al desarrollo econ\u00f3mico y social del estado.<\/p>\n\n\n\n<p>Con este relevo en la Rector\u00eda, la UTVCO abre un nuevo periodo institucional en el que la experiencia, la cercan\u00eda con la comunidad estudiantil y el fortalecimiento acad\u00e9mico ser\u00e1n fundamentales para consolidar su crecimiento.<\/p>\n\n\n\n<p>Es importante mencionar que la UTVCO se ubica en la avenida Universidad sin n\u00famero, en el municipio de San Pablo Huixtepec, distrito de Zimatl\u00e1n, regi\u00f3n Valles Centrales de Oaxaca.<\/p>\n","protected":false},"excerpt":{"rendered":"","protected":false},"author":1,"featured_media":226878,"comment_status":"closed","ping_status":"closed","sticky":false,"template":"","format":"standard","meta":{"footnotes":""},"categories":[11,3,7],"tags":[],"class_list":["post-226877","post","type-post","status-publish","format-standard","has-post-thumbnail","hentry","category-capital","category-las-destacadas","category-municipal"],"_links":{"self":[{"href":"https:\/\/oaxacadiaadia.com\/index.php?rest_route=\/wp\/v2\/posts\/226877","targetHints":{"allow":["GET"]}}],"collection":[{"href":"https:\/\/oaxacadiaadia.com\/index.php?rest_route=\/wp\/v2\/posts"}],"about":[{"href":"https:\/\/oaxacadiaadia.com\/index.php?rest_route=\/wp\/v2\/types\/post"}],"author":[{"embeddable":true,"href":"https:\/\/oaxacadiaadia.com\/index.php?rest_route=\/wp\/v2\/users\/1"}],"replies":[{"embeddable":true,"href":"https:\/\/oaxacadiaadia.com\/index.php?rest_route=%2Fwp%2Fv2%2Fcomments&post=226877"}],"version-history":[{"count":1,"href":"https:\/\/oaxacadiaadia.com\/index.php?rest_route=\/wp\/v2\/posts\/226877\/revisions"}],"predecessor-version":[{"id":226879,"href":"https:\/\/oaxacadiaadia.com\/index.php?rest_route=\/wp\/v2\/posts\/226877\/revisions\/226879"}],"wp:featuredmedia":[{"embeddable":true,"href":"https:\/\/oaxacadiaadia.com\/index.php?rest_route=\/wp\/v2\/media\/226878"}],"wp:attachment":[{"href":"https:\/\/oaxacadiaadia.com\/index.php?rest_route=%2Fwp%2Fv2%2Fmedia&parent=226877"}],"wp:term":[{"taxonomy":"category","embeddable":true,"href":"https:\/\/oaxacadiaadia.com\/index.php?rest_route=%2Fwp%2Fv2%2Fcategories&post=226877"},{"taxonomy":"post_tag","embeddable":true,"href":"https:\/\/oaxacadiaadia.com\/index.php?rest_route=%2Fwp%2Fv2%2Ftags&post=226877"}],"curies":[{"name":"wp","href":"https:\/\/api.w.org\/{rel}","templated":true}]}}