{"id":226875,"date":"2026-09-02T20:50:09","date_gmt":"2026-09-03T02:50:09","guid":{"rendered":"https:\/\/oaxacadiaadia.com\/?p=226875"},"modified":"2026-09-02T20:50:09","modified_gmt":"2026-09-03T02:50:09","slug":"se-acata-pero-no-se-cumple","status":"publish","type":"post","link":"https:\/\/oaxacadiaadia.com\/?p=226875","title":{"rendered":"Se acata, pero no se cumple"},"content":{"rendered":"\n<figure class=\"wp-block-image size-full\"><a href=\"http:\/\/oaxacadiaadia.com\/wp-content\/uploads\/2022\/02\/No-sirve-protecci\u00f3n-para-periodistas-de-SEGOB.jpg\"><img loading=\"lazy\" decoding=\"async\" width=\"413\" height=\"249\" src=\"http:\/\/oaxacadiaadia.com\/wp-content\/uploads\/2022\/02\/No-sirve-protecci\u00f3n-para-periodistas-de-SEGOB.jpg\" alt=\"\" class=\"wp-image-163665\" srcset=\"https:\/\/oaxacadiaadia.com\/wp-content\/uploads\/2022\/02\/No-sirve-protecci\u00f3n-para-periodistas-de-SEGOB.jpg 413w, https:\/\/oaxacadiaadia.com\/wp-content\/uploads\/2022\/02\/No-sirve-protecci\u00f3n-para-periodistas-de-SEGOB-300x181.jpg 300w\" sizes=\"auto, (max-width: 413px) 100vw, 413px\" \/><\/a><\/figure>\n\n\n\n<p>Horacio Corro Espinosa<\/p>\n\n\n\n<p>#PorSiHaceFalta<\/p>\n\n\n\n<!--more-->\n\n\n\n<p>Oaxaca, Oaxaca, Mi\u00e9rcoles 02 de Septiembre, 2026.- Hay una frase que heredamos de la Colonia y que en Oaxaca no pierde vigencia: se acata, pero no se cumple. Es la f\u00f3rmula perfecta del cinismo institucional. La ley existe en el papel, pero en la calle el poder hace lo que se le pega la regalada gana.<\/p>\n\n\n\n<p>Y cuando ese descaro se topa con el periodismo, la respuesta del sistema no es investigar. Es vigilar al que denuncia.<\/p>\n\n\n\n<p>Ah\u00ed est\u00e1 el caso de Ernesto Rojas Ayuzo, que hoy permanece resguardado en su propio domicilio despu\u00e9s de denunciar ante la Defensor\u00eda de los Derechos Humanos del Pueblo de Oaxaca un incremento del hostigamiento en su contra.<\/p>\n\n\n\n<p>El portal Oaxaca Capital public\u00f3 un oficio con fecha del 24 de agosto de este a\u00f1o, firmado por Pablo Gabriel Arnaud R\u00edos, director jur\u00eddico de la Subsecretar\u00eda de Desarrollo Democr\u00e1tico de la Secretar\u00eda de Gobierno. En ese documento, la dependencia que encabeza Jes\u00fas Romero L\u00f3pez, le pidi\u00f3 a la Fiscal\u00eda General del Estado que informara si existen denuncias interpuestas por el periodista contra el gobernador o contra el titular de la Secretar\u00eda de Gobierno, y qu\u00e9 antecedentes hay de medidas de protecci\u00f3n a su favor.<\/p>\n\n\n\n<p>Vamos a leerlo despacio, porque el detalle importa. No le preguntaron a la Fiscal\u00eda c\u00f3mo proteger al periodista. Le preguntaron qu\u00e9 hab\u00eda denunciado el periodista, y contra qui\u00e9n.<\/p>\n\n\n\n<p>Rojas Ayuzo, sostiene, adem\u00e1s, que hace unos seis meses le lleg\u00f3 informaci\u00f3n sobre un intento de funcionarios de esa misma secretar\u00eda para fabricarle delitos en flagrancia y detenerlo. Romero L\u00f3pez lo ha negado.<\/p>\n\n\n\n<p>Y aqu\u00ed est\u00e1 el coraz\u00f3n del asunto. La Fiscal\u00eda s\u00ed le otorg\u00f3 medidas de protecci\u00f3n. Existen. Est\u00e1n en el expediente. Lo que el periodista asegura es que la vigilancia policial en su casa se ha ejecutado tres veces. Tres. Por eso pidi\u00f3 que se refuercen los dispositivos y que lo incorporen formalmente al Mecanismo federal de protecci\u00f3n para periodistas.<\/p>\n\n\n\n<p>Las medidas se acataron. En la calle no se cumplieron.<\/p>\n\n\n\n<p>Y ya sabemos a d\u00f3nde lleva ese camino, porque lo caminamos hace un a\u00f1o.<\/p>\n\n\n\n<p>El 14 de julio de 2025, el periodista Francisco Alejandro Leyva Aguilar acudi\u00f3 a la Defensor\u00eda a presentar una queja por las amenazas que estaba recibiendo. En esa queja dej\u00f3 por escrito a qui\u00e9n responsabilizaba si algo le pasaba: al gobernador Salom\u00f3n Jara Cruz, al secretario de Gobierno Jes\u00fas Romero L\u00f3pez y al consejero jur\u00eddico Geovany V\u00e1squez Sagrero.<\/p>\n\n\n\n<p>Seg\u00fan sus propias publicaciones, el hostigamiento se le vino encima despu\u00e9s de que lo exhibieran en una secci\u00f3n llamada \u00abTrapitos al Sol\u00bb, parte de la conferencia matutina del gobernador Salom\u00f3n Jara.<\/p>\n\n\n\n<p>En total, la Defensor\u00eda pidi\u00f3 medidas de protecci\u00f3n para Alejandro Leyva en ocho ocasiones. Ni la Fiscal\u00eda del Estado ni la Fiscal\u00eda General de la Rep\u00fablica las atendieron.<\/p>\n\n\n\n<p>El 22 de julio de 2026, Alejandro Leyva fue asesinado en San Pablo, Etla, mientras desayunaba. Ten\u00eda 58 a\u00f1os.<\/p>\n\n\n\n<p>Un a\u00f1o y ocho d\u00edas entre la primera queja y el \u00faltimo desayuno.<\/p>\n\n\n\n<p>Hay que decir que sobre ese expediente existen dos versiones. La organizaci\u00f3n Art\u00edculo 19 document\u00f3 que la queja de Leyva fue desestimada porque la Defensor\u00eda no hall\u00f3 elementos para acreditar violaciones a derechos humanos por parte de alguna autoridad estatal o municipal. La titular de la Defensor\u00eda rechaza que se haya desestimado y sostiene que su instituci\u00f3n actu\u00f3, incluso, m\u00e1s all\u00e1 de sus obligaciones legales. Lo que no est\u00e1 en disputa son las ocho solicitudes que nadie atendi\u00f3.<\/p>\n\n\n\n<p>Y esto no es nuevo. La podredumbre viene de lejos.<\/p>\n\n\n\n<p>En junio de 2012, tres sujetos interceptaron a Rafael Said Hern\u00e1ndez, de la revista Tuc\u00e1n, y lo dejaron tirado con dos heridas que casi lo matan. Yo lo fui a ver al hospital. Todav\u00eda tra\u00eda el suero puesto y hablaba despacio, despu\u00e9s de dos cirug\u00edas. Ah\u00ed, desde la cama, Said me dijo con qu\u00e9 lo hab\u00edan herido: una charrasca y un picahielos.<\/p>\n\n\n\n<p>El expediente se abri\u00f3 por tentativa de homicidio. Pero el juez federal Jos\u00e9 Luis Legorreta Garibay les concedi\u00f3 el amparo a los agresores, con el argumento de reclasificar las heridas a simples lesiones, lo que les habr\u00eda permitido salir bajo fianza. Los periodistas de Oaxaca tuvimos que salir a la calle, frente a los juzgados federales, a exigir que no los soltaran.<\/p>\n\n\n\n<p>El caso termin\u00f3 hasta 2015, con una sentencia de nueve a\u00f1os cuatro meses. Tres a\u00f1os de proceso para que un tribunal reconociera lo que cualquiera entendi\u00f3 el primer d\u00eda: que a un hombre le hab\u00edan enterrado un fierro en el pecho.<\/p>\n\n\n\n<p>Esa es la justicia que tenemos en Oaxaca.<\/p>\n\n\n\n<p>La cadena est\u00e1 aceitada y tiene tres eslabones. Primero, el se\u00f1alamiento desde las oficinas del poder. Luego, la simulaci\u00f3n institucional: medidas que se firman y no se ejecutan, oficios que preguntan por el denunciante en vez de protegerlo, mecanismos que responden que la v\u00edctima no est\u00e1 inscrita. Y al final, si te hieren o te matan, la lentitud del juzgado.<\/p>\n\n\n\n<p>Los gobernantes y sus secretarios se llenan la boca hablando de libertad de expresi\u00f3n, pero en los hechos aplican la bajeza del virreinato. No quieren periodistas: quieren aplaudidores. Y a quien no se arrodilla, le llega el peso del Estado por un lado y el desamparo por el otro.<\/p>\n\n\n\n<p>Ahora entiendo a muchos compa\u00f1eros reporteros. Callar o huir no siempre es cobard\u00eda. A veces es la \u00fanica forma de seguir vivo frente a un Estado que te vigila cuando denuncias y te desampara cuando te desangras.<\/p>\n\n\n\n<p>#PorSiHaceFalta<\/p>\n\n\n\n<p>Twitter o X: @horaciocorroes<\/p>\n\n\n\n<p>Facebook: Horacio Corro<\/p>\n","protected":false},"excerpt":{"rendered":"<p>Horacio Corro Espinosa #PorSiHaceFalta<\/p>\n","protected":false},"author":1,"featured_media":163665,"comment_status":"closed","ping_status":"closed","sticky":false,"template":"","format":"standard","meta":{"footnotes":""},"categories":[3,15,14],"tags":[],"class_list":["post-226875","post","type-post","status-publish","format-standard","has-post-thumbnail","hentry","category-las-destacadas","category-opinion","category-titulares"],"_links":{"self":[{"href":"https:\/\/oaxacadiaadia.com\/index.php?rest_route=\/wp\/v2\/posts\/226875","targetHints":{"allow":["GET"]}}],"collection":[{"href":"https:\/\/oaxacadiaadia.com\/index.php?rest_route=\/wp\/v2\/posts"}],"about":[{"href":"https:\/\/oaxacadiaadia.com\/index.php?rest_route=\/wp\/v2\/types\/post"}],"author":[{"embeddable":true,"href":"https:\/\/oaxacadiaadia.com\/index.php?rest_route=\/wp\/v2\/users\/1"}],"replies":[{"embeddable":true,"href":"https:\/\/oaxacadiaadia.com\/index.php?rest_route=%2Fwp%2Fv2%2Fcomments&post=226875"}],"version-history":[{"count":1,"href":"https:\/\/oaxacadiaadia.com\/index.php?rest_route=\/wp\/v2\/posts\/226875\/revisions"}],"predecessor-version":[{"id":226876,"href":"https:\/\/oaxacadiaadia.com\/index.php?rest_route=\/wp\/v2\/posts\/226875\/revisions\/226876"}],"wp:featuredmedia":[{"embeddable":true,"href":"https:\/\/oaxacadiaadia.com\/index.php?rest_route=\/wp\/v2\/media\/163665"}],"wp:attachment":[{"href":"https:\/\/oaxacadiaadia.com\/index.php?rest_route=%2Fwp%2Fv2%2Fmedia&parent=226875"}],"wp:term":[{"taxonomy":"category","embeddable":true,"href":"https:\/\/oaxacadiaadia.com\/index.php?rest_route=%2Fwp%2Fv2%2Fcategories&post=226875"},{"taxonomy":"post_tag","embeddable":true,"href":"https:\/\/oaxacadiaadia.com\/index.php?rest_route=%2Fwp%2Fv2%2Ftags&post=226875"}],"curies":[{"name":"wp","href":"https:\/\/api.w.org\/{rel}","templated":true}]}}