{"id":226869,"date":"2026-09-02T20:46:09","date_gmt":"2026-09-03T02:46:09","guid":{"rendered":"https:\/\/oaxacadiaadia.com\/?p=226869"},"modified":"2026-09-02T20:46:10","modified_gmt":"2026-09-03T02:46:10","slug":"detenido-por-pederastia","status":"publish","type":"post","link":"https:\/\/oaxacadiaadia.com\/?p=226869","title":{"rendered":"Detenido por pederastia"},"content":{"rendered":"\n<figure class=\"wp-block-image size-full\"><a href=\"https:\/\/oaxacadiaadia.com\/wp-content\/uploads\/2026\/09\/Detenido-por-pederastia.jpg\"><img loading=\"lazy\" decoding=\"async\" width=\"227\" height=\"404\" src=\"https:\/\/oaxacadiaadia.com\/wp-content\/uploads\/2026\/09\/Detenido-por-pederastia.jpg\" alt=\"\" class=\"wp-image-226870\" srcset=\"https:\/\/oaxacadiaadia.com\/wp-content\/uploads\/2026\/09\/Detenido-por-pederastia.jpg 227w, https:\/\/oaxacadiaadia.com\/wp-content\/uploads\/2026\/09\/Detenido-por-pederastia-169x300.jpg 169w\" sizes=\"auto, (max-width: 227px) 100vw, 227px\" \/><\/a><\/figure>\n\n\n\n<p>*La FGEO aprehende a hombre por probable delito de pederastia ocurrido al interior de un plantel educativo de Miahuatl\u00e1n<\/p>\n\n\n\n<!--more-->\n\n\n\n<p>Oaxaca, Oaxaca, Mi\u00e9rcoles 02 de Septiembre, 2026, (Fuente: Comunicado).- La Fiscal\u00eda General del Estado de Oaxaca (FGEO) dio cumplimiento a una orden de aprehensi\u00f3n contra un hombre identificado como D.A.S.U., por su probable responsabilidad en el delito de pederastia, hechos cometidos en Miahuatl\u00e1n de Porfirio D\u00edaz, en la regi\u00f3n Sierra Sur de Oaxaca.<\/p>\n\n\n\n<p>La denuncia fue presentada por la madre de la v\u00edctima, (un menor de edad cuya identidad est\u00e1 reservada por ley), quien inform\u00f3 sobre hechos ocurridos el 22 de junio de 2026 al interior de un plantel de educaci\u00f3n preescolar ubicado en la colonia 20 de Noviembre.<\/p>\n\n\n\n<p>A partir de la intervenci\u00f3n ministerial, la Fiscal\u00eda de Oaxaca -a trav\u00e9s de la Vicefiscal\u00eda Regional de la Sierra Sur-, realiz\u00f3 diversas diligencias para esclarecer los hechos, entre ellas entrevistas e inspecciones en los lugares relacionados con la investigaci\u00f3n, adem\u00e1s de otras acciones ministeriales orientadas a reunir los elementos necesarios para el esclarecimiento del caso.<\/p>\n\n\n\n<p>Como resultado de estos trabajos, se obtuvo la orden judicial correspondiente, misma que fue cumplimentada por elementos de la Agencia Estatal de Investigaciones (AEI), en Miahuatl\u00e1n de Porfirio D\u00edaz.<\/p>\n\n\n\n<p>La persona detenida qued\u00f3 a disposici\u00f3n del Ministerio P\u00fablico, que continuar\u00e1 con las actuaciones correspondientes ante la autoridad judicial.<\/p>\n\n\n\n<p>Con estas acciones, la Fiscal\u00eda de Oaxaca fortalece su respuesta institucional ante delitos que afectan la integridad de ni\u00f1as, ni\u00f1os y adolescentes, priorizando su protecci\u00f3n y el esclarecimiento de los hechos.<\/p>\n\n\n\n<p><strong>Recupera Polic\u00eda Vial veh\u00edculo usado como taxi en Salina Cruz, con reporte de robo<\/strong><\/p>\n\n\n\n<p>Por otra parte, producto de las labores de prevenci\u00f3n y vigilancia realizadas por elementos de la Polic\u00eda Vial Estatal de Oaxaca, en Salina Cruz, regi\u00f3n Istmo del estado, fue recuperado un veh\u00edculo utilizado como taxi; mismo que durante la revisi\u00f3n se constat\u00f3 que cuenta con el n\u00famero de serie alterado y reporte de robo vigente.<\/p>\n\n\n\n<p>La unidad fue interceptada en el camino viejo a La Ventosa, entronque con la carretera local a Boca del R\u00edo, colonia La Soledad.<\/p>\n\n\n\n<p>El autom\u00f3vil marca Nissan, tipo Versa, color amarillo, del servicio p\u00fablico en modalidad de taxi, con n\u00famero econ\u00f3mico 556, del sitio Unidad Independiente, no contaba con placas de circulaci\u00f3n, por lo que le fue marcado el alto a su conductor.<\/p>\n\n\n\n<p>Tras las irregularidades antes mencionadas, tanto la persona conductora como la unidad de motor fueron puestas a disposici\u00f3n de las autoridades correspondientes.<\/p>\n\n\n\n<p>Mientras tanto, las acciones de disuasi\u00f3n del delito en esa regi\u00f3n contin\u00faan de manera cotidiana en Oaxaca.<\/p>\n","protected":false},"excerpt":{"rendered":"<p>*La FGEO aprehende a hombre por probable delito de pederastia ocurrido al interior de un plantel educativo de Miahuatl\u00e1n<\/p>\n","protected":false},"author":1,"featured_media":226870,"comment_status":"closed","ping_status":"closed","sticky":false,"template":"","format":"standard","meta":{"footnotes":""},"categories":[3,7,4],"tags":[],"class_list":["post-226869","post","type-post","status-publish","format-standard","has-post-thumbnail","hentry","category-las-destacadas","category-municipal","category-policiaca"],"_links":{"self":[{"href":"https:\/\/oaxacadiaadia.com\/index.php?rest_route=\/wp\/v2\/posts\/226869","targetHints":{"allow":["GET"]}}],"collection":[{"href":"https:\/\/oaxacadiaadia.com\/index.php?rest_route=\/wp\/v2\/posts"}],"about":[{"href":"https:\/\/oaxacadiaadia.com\/index.php?rest_route=\/wp\/v2\/types\/post"}],"author":[{"embeddable":true,"href":"https:\/\/oaxacadiaadia.com\/index.php?rest_route=\/wp\/v2\/users\/1"}],"replies":[{"embeddable":true,"href":"https:\/\/oaxacadiaadia.com\/index.php?rest_route=%2Fwp%2Fv2%2Fcomments&post=226869"}],"version-history":[{"count":1,"href":"https:\/\/oaxacadiaadia.com\/index.php?rest_route=\/wp\/v2\/posts\/226869\/revisions"}],"predecessor-version":[{"id":226871,"href":"https:\/\/oaxacadiaadia.com\/index.php?rest_route=\/wp\/v2\/posts\/226869\/revisions\/226871"}],"wp:featuredmedia":[{"embeddable":true,"href":"https:\/\/oaxacadiaadia.com\/index.php?rest_route=\/wp\/v2\/media\/226870"}],"wp:attachment":[{"href":"https:\/\/oaxacadiaadia.com\/index.php?rest_route=%2Fwp%2Fv2%2Fmedia&parent=226869"}],"wp:term":[{"taxonomy":"category","embeddable":true,"href":"https:\/\/oaxacadiaadia.com\/index.php?rest_route=%2Fwp%2Fv2%2Fcategories&post=226869"},{"taxonomy":"post_tag","embeddable":true,"href":"https:\/\/oaxacadiaadia.com\/index.php?rest_route=%2Fwp%2Fv2%2Ftags&post=226869"}],"curies":[{"name":"wp","href":"https:\/\/api.w.org\/{rel}","templated":true}]}}