{"id":226866,"date":"2026-09-02T20:45:35","date_gmt":"2026-09-03T02:45:35","guid":{"rendered":"https:\/\/oaxacadiaadia.com\/?p=226866"},"modified":"2026-09-02T21:01:17","modified_gmt":"2026-09-03T03:01:17","slug":"uabjo-da-bienvenida-a-estudiantes-al-nuevo-ciclo-escolar","status":"publish","type":"post","link":"https:\/\/oaxacadiaadia.com\/?p=226866","title":{"rendered":"UABJO da bienvenida a estudiantes al nuevo ciclo escolar"},"content":{"rendered":"\n<figure class=\"wp-block-image size-full\"><a href=\"https:\/\/oaxacadiaadia.com\/wp-content\/uploads\/2026\/09\/UABJO-da-bienvenida-a-estudiantes-al-nuevo-ciclo-escolar.jpg\"><img loading=\"lazy\" decoding=\"async\" width=\"446\" height=\"214\" src=\"https:\/\/oaxacadiaadia.com\/wp-content\/uploads\/2026\/09\/UABJO-da-bienvenida-a-estudiantes-al-nuevo-ciclo-escolar.jpg\" alt=\"\" class=\"wp-image-226867\" srcset=\"https:\/\/oaxacadiaadia.com\/wp-content\/uploads\/2026\/09\/UABJO-da-bienvenida-a-estudiantes-al-nuevo-ciclo-escolar.jpg 446w, https:\/\/oaxacadiaadia.com\/wp-content\/uploads\/2026\/09\/UABJO-da-bienvenida-a-estudiantes-al-nuevo-ciclo-escolar-300x144.jpg 300w\" sizes=\"auto, (max-width: 446px) 100vw, 446px\" \/><\/a><\/figure>\n\n\n\n<!--more-->\n\n\n\n<p>Oaxaca, Oaxaca, Mi\u00e9rcoles 02 de Septiembre, 2026, (Fuente: Comunicado).- La Universidad Aut\u00f3noma \u201cBenito Ju\u00e1rez\u201d de Oaxaca (UABJO) dio inicio a las actividades correspondientes al ciclo escolar 2026-2027, con la incorporaci\u00f3n de m\u00e1s de 25 mil estudiantes de nuevo ingreso y reingreso, que cursan sus estudios en los niveles medio superior y superior.<\/p>\n\n\n\n<p>Con el inicio de este nuevo periodo acad\u00e9mico, la m\u00e1xima casa de estudios de Oaxaca retoma las actividades en las aulas de sus distintas escuelas, facultades e institutos, reafirmando su compromiso con la formaci\u00f3n acad\u00e9mica y el fortalecimiento de la educaci\u00f3n en el estado.<\/p>\n\n\n\n<p>En su mensaje de bienvenida, el rector de la UABJO, Farid Acevedo L\u00f3pez, destac\u00f3 que formar parte de la Universidad representa mucho m\u00e1s que iniciar una carrera profesional, pues significa comenzar a construir un proyecto de vida y sentar las bases para alcanzar un futuro s\u00f3lido.<\/p>\n\n\n\n<p>\u201cAqu\u00ed no solo encontrar\u00e1n aulas y espacios de aprendizaje, aqu\u00ed hallar\u00e1n una comunidad que los acompa\u00f1ar\u00e1, impulsar\u00e1 y orientar\u00e1 hacia el cumplimiento de sus metas acad\u00e9micas hacia su profesionalizaci\u00f3n\u201d, afirm\u00f3.<\/p>\n\n\n\n<p>En este sentido, el rector invit\u00f3 a las y los estudiantes a aprovechar plenamente esta nueva etapa de su vida, no solo para adquirir conocimientos y desarrollar sus capacidades profesionales, sino tambi\u00e9n para formarse como personas comprometidas con sus comunidades y con la construcci\u00f3n de un mejor futuro para sus familias y para Oaxaca.<\/p>\n\n\n\n<p>Cabe destacar que durante este ciclo escolar se incorporan estudiantes de 34 licenciaturas, pertenecientes a las \u00e1reas de Ciencias de la Salud y Biol\u00f3gicas; Artes y Humanidades; Econ\u00f3mico-Administrativas; Ciencias Sociales y Derecho; y F\u00edsico-Matem\u00e1ticas e Ingenier\u00eda.<\/p>\n\n\n\n<p>Asimismo, la Universidad cuenta con un programa de bachillerato que se imparte en sus ocho Escuelas Preparatorias.<\/p>\n\n\n\n<p>De acuerdo con lo establecido en el calendario escolar vigente, con este nuevo ciclo la comunidad universitaria inicia una etapa de aprendizaje, crecimiento y nuevas experiencias, en la que estudiantes, docentes y personal universitario contribuir\u00e1n al fortalecimiento de la vida acad\u00e9mica y al desarrollo de proyectos que impacten positivamente en la sociedad.<\/p>\n\n\n\n<p>Con el inicio del ciclo escolar 2026-2027, la Universidad Aut\u00f3noma \u201cBenito Ju\u00e1rez\u201d de Oaxaca da la bienvenida a las y los estudiantes que comienzan o contin\u00faan su trayectoria universitaria y refrenda su compromiso de brindar una formaci\u00f3n integral, con sentido social y orientada a contribuir al desarrollo de Oaxaca y del pa\u00eds.<\/p>\n\n\n\n<p><strong>UABJO fortalece la certificaci\u00f3n m\u00e9dica en Oaxaca mediante convenio con el consejo nacional<\/strong><\/p>\n\n\n\n<p>En tanto, con el prop\u00f3sito de fortalecer los procesos de actualizaci\u00f3n y certificaci\u00f3n de las y los profesionales de la salud, la Facultad de Medicina y Cirug\u00eda de la Universidad Aut\u00f3noma \u201cBenito Ju\u00e1rez\u201d de Oaxaca (FMC-UABJO) llev\u00f3 a cabo la firma del Convenio de Certificaci\u00f3n con el Consejo de Certificaci\u00f3n en Medicina General del Estado de Oaxaca, A.C., en coordinaci\u00f3n con el Comit\u00e9 Normativo Nacional de Medicina General (CONAMEGE).<\/p>\n\n\n\n<p>En representaci\u00f3n del Rector de la UABJO, Mtro. Farid Acevedo L\u00f3pez, asisti\u00f3 el secretario de Finanzas de la Universidad, Mtro. Marco Antonio Gonz\u00e1lez Flori\u00e1n, quien destac\u00f3 que este convenio reafirma el compromiso institucional con una educaci\u00f3n m\u00e9dica de calidad, sustentada en la pertinencia social, el rigor cient\u00edfico y el sentido humanista.<\/p>\n\n\n\n<p>\u201cLa certificaci\u00f3n es un proceso de mejora continua que nos permite evaluarnos con honestidad, elevar nuestros est\u00e1ndares y procurar que nuestras m\u00e9dicas y m\u00e9dicos egresen con las competencias y habilidades con los m\u00e1s altos est\u00e1ndares de calidad\u201d, afirm\u00f3.<\/p>\n\n\n\n<p>Durante el acto protocolario, la directora de la FMC-UABJO, Dra. Gemma Hern\u00e1ndez Bernardino, dio la bienvenida a las y los integrantes de la comunidad m\u00e9dica e invitados especiales, y destac\u00f3 la importancia de la certificaci\u00f3n como un proceso que permite mantener vigentes los conocimientos, habilidades y competencias de las y los profesionales de la medicina.<\/p>\n\n\n\n<p>Se\u00f1al\u00f3 que estos procesos favorecen una pr\u00e1ctica m\u00e9dica segura y de calidad, adem\u00e1s de impulsar entre las y los m\u00e9dicos una cultura de actualizaci\u00f3n permanente y mejora continua, en beneficio de las y los pacientes.<\/p>\n\n\n\n<p>Por su parte, el Dr. Juan Miguel Abdo Francis, presidente del Comit\u00e9 Normativo Nacional de Medicina General (CONAMEGE), destac\u00f3 que este organismo tiene presencia en las 32 entidades federativas y reconoci\u00f3 a Oaxaca como uno de los estados que ha mostrado mayor participaci\u00f3n en el fortalecimiento de los procesos de certificaci\u00f3n del m\u00e9dico general en M\u00e9xico.<\/p>\n\n\n\n<p>\u201cPara nosotros trabajar en la certificaci\u00f3n es ofrecer a la poblaci\u00f3n y a ustedes como m\u00e9dicos esta validaci\u00f3n externa que garantiza la actualizaci\u00f3n y excelencia profesional, vigilando los organismos evaluadores y fomentando la cultura del desarrollo continuo\u201d, expres\u00f3.<\/p>\n\n\n\n<p>Posteriormente, se llev\u00f3 a cabo la firma del Convenio de Certificaci\u00f3n, con la participaci\u00f3n del Dr. Adri\u00e1n Cedillo Delgadillo, presidente del Consejo Nacional de Certificaci\u00f3n en Medicina General, A.C.; el Dr. H\u00e9ctor Mart\u00ednez Ruiz, coordinador General Acad\u00e9mico de la UABJO; la Dra. Gemma Hern\u00e1ndez Bernardino, directora de la Facultad de Medicina y Cirug\u00eda de la UABJO; el Dr. Juan Miguel Abdo Francis, presidente del Comit\u00e9 Normativo Nacional de Medicina General (CONAMEGE); el Dr. Carlos Alberto Cruz Pineda, coordinador de Vinculaci\u00f3n y Extensi\u00f3n de la FMC; y la Dra. Patricia Garc\u00eda Bautista, presidenta del Consejo de Certificaci\u00f3n en Medicina General del Estado de Oaxaca, A.C.<\/p>\n\n\n\n<p>Con este convenio, la UABJO fortalece la vinculaci\u00f3n con organismos especializados y contribuye al impulso de procesos de evaluaci\u00f3n, actualizaci\u00f3n y certificaci\u00f3n profesional, reafirmando su compromiso con la formaci\u00f3n m\u00e9dica de excelencia y con el bienestar de la sociedad oaxaque\u00f1a.<\/p>\n\n\n\n<p><strong>Oaxaca, estado invitado en la Feria Nacional del Libro Jur\u00eddico del PJCDMX<\/strong><\/p>\n\n\n\n<p>En otro sentido, la presidenta del Tribunal Superior de Justicia y del Consejo de la Judicatura, magistrada Erika Mar\u00eda Rodr\u00edguez Rodr\u00edguez, particip\u00f3 en la inauguraci\u00f3n de la D\u00e9cimo S\u00e9ptima Feria Nacional del Libro Jur\u00eddico del Poder Judicial de la Ciudad de M\u00e9xico, que en esta edici\u00f3n tiene a Oaxaca como entidad invitada y est\u00e1 dedicada a la memoria de Margarita Maza, mujer oaxaque\u00f1a cuyo legado forma parte de la historia nacional.<\/p>\n\n\n\n<p>Durante su intervenci\u00f3n, la Magistrada Presidenta destac\u00f3 que el 2026, dedicado a la memoria de Margarita Maza, representa una oportunidad para reconocer con orgullo la huella que dej\u00f3 en la construcci\u00f3n de nuestra Rep\u00fablica, cuya importancia hist\u00f3rica, dijo, no se mide por los cargos que ocup\u00f3, sino por su capacidad para incidir en su tiempo.<\/p>\n\n\n\n<p>Asimismo, enfatiz\u00f3 que recordar a esta figura de la historia nacional no significa \u00fanicamente mirar al pasado, sino reflexionar sobre lo que se est\u00e1 haciendo hoy para garantizar plenamente los derechos de las mujeres, fortalecer su participaci\u00f3n en los espacios de decisi\u00f3n y hacer de la igualdad una realidad cotidiana.<\/p>\n\n\n\n<p>Se\u00f1al\u00f3 que los Poderes Judiciales tienen una responsabilidad fundamental, pues cada sentencia y resoluci\u00f3n tiene consecuencias concretas en la vida de las personas.<\/p>\n\n\n\n<p>En la ceremonia estuvieron presentes el presidente del Tribunal Superior de Justicia de la Ciudad de M\u00e9xico, magistrado Rafael Guerra \u00c1lvarez; el presidente del \u00d3rgano de Administraci\u00f3n Judicial del PJCDMX, Jorge Guerrero Mel\u00e9ndez; el presidente del Tribunal de Disciplina Judicial de la Ciudad de M\u00e9xico, Nicol\u00e1s Jer\u00f3nimo Alejo y el director General de Anales de Jurisprudencia y Bolet\u00edn Judicial del PJCDMX, Jorge Mart\u00ednez Arregu\u00edn.<\/p>\n\n\n\n<p>La participaci\u00f3n de Oaxaca como estado invitado permiti\u00f3 estrechar los v\u00ednculos entre instituciones judiciales y generar un espacio de intercambio en torno al conocimiento jur\u00eddico, la investigaci\u00f3n y los retos de la impartici\u00f3n de justicia.<\/p>\n\n\n\n<p>La D\u00e9cimo S\u00e9ptima Feria Nacional del Libro Jur\u00eddico re\u00fane publicaciones, especialistas y propuestas acad\u00e9micas que contribuyen a fortalecer la cultura jur\u00eddica y el di\u00e1logo entre quienes integran los Poderes Judiciales del pa\u00eds.<\/p>\n\n\n\n<p><strong>Atienden afectaciones por las lluvias<\/strong><\/p>\n\n\n\n<p>En otro contexto, la Coordinaci\u00f3n Estatal de Protecci\u00f3n Civil y Gesti\u00f3n de Riesgos (CEPCyGR) informa que, derivado de las lluvias registradas este martes, se reportaron algunas afectaciones en la zona metropolitana de Oaxaca.<\/p>\n\n\n\n<p>Sobre la calle M\u00e1rtires de Chicago, en la primera etapa de la unidad habitacional Infonavit 1.\u00ba de Mayo, mientras que en Santa Cruz Xoxocotl\u00e1n se report\u00f3 otro incidente similar. Asimismo, se presentaron encharcamientos severos en inmediaciones de Plaza Oaxaca y sobre la calle Bernardo Balbuena, en San Mart\u00edn Mexicapan.<\/p>\n\n\n\n<p>Las afectaciones reportadas ya fueron atendidas de manera coordinada entre el Gobierno del Estado y el Municipio de Oaxaca de Ju\u00e1rez, con el objetivo de restablecer las condiciones de seguridad y movilidad en las zonas afectadas.<\/p>\n\n\n\n<p>La CEPCyGR mantiene el monitoreo de las condiciones meteorol\u00f3gicas y exhorta a la poblaci\u00f3n a extremar precauciones, evitar zonas con acumulaci\u00f3n de agua y mantenerse atenta a los avisos oficiales.<\/p>\n","protected":false},"excerpt":{"rendered":"","protected":false},"author":1,"featured_media":226867,"comment_status":"closed","ping_status":"closed","sticky":false,"template":"","format":"standard","meta":{"footnotes":""},"categories":[11,3,7,13,14],"tags":[],"class_list":["post-226866","post","type-post","status-publish","format-standard","has-post-thumbnail","hentry","category-capital","category-las-destacadas","category-municipal","category-nacional","category-titulares"],"_links":{"self":[{"href":"https:\/\/oaxacadiaadia.com\/index.php?rest_route=\/wp\/v2\/posts\/226866","targetHints":{"allow":["GET"]}}],"collection":[{"href":"https:\/\/oaxacadiaadia.com\/index.php?rest_route=\/wp\/v2\/posts"}],"about":[{"href":"https:\/\/oaxacadiaadia.com\/index.php?rest_route=\/wp\/v2\/types\/post"}],"author":[{"embeddable":true,"href":"https:\/\/oaxacadiaadia.com\/index.php?rest_route=\/wp\/v2\/users\/1"}],"replies":[{"embeddable":true,"href":"https:\/\/oaxacadiaadia.com\/index.php?rest_route=%2Fwp%2Fv2%2Fcomments&post=226866"}],"version-history":[{"count":1,"href":"https:\/\/oaxacadiaadia.com\/index.php?rest_route=\/wp\/v2\/posts\/226866\/revisions"}],"predecessor-version":[{"id":226868,"href":"https:\/\/oaxacadiaadia.com\/index.php?rest_route=\/wp\/v2\/posts\/226866\/revisions\/226868"}],"wp:featuredmedia":[{"embeddable":true,"href":"https:\/\/oaxacadiaadia.com\/index.php?rest_route=\/wp\/v2\/media\/226867"}],"wp:attachment":[{"href":"https:\/\/oaxacadiaadia.com\/index.php?rest_route=%2Fwp%2Fv2%2Fmedia&parent=226866"}],"wp:term":[{"taxonomy":"category","embeddable":true,"href":"https:\/\/oaxacadiaadia.com\/index.php?rest_route=%2Fwp%2Fv2%2Fcategories&post=226866"},{"taxonomy":"post_tag","embeddable":true,"href":"https:\/\/oaxacadiaadia.com\/index.php?rest_route=%2Fwp%2Fv2%2Ftags&post=226866"}],"curies":[{"name":"wp","href":"https:\/\/api.w.org\/{rel}","templated":true}]}}