{"id":226854,"date":"2026-09-01T16:08:40","date_gmt":"2026-09-01T22:08:40","guid":{"rendered":"https:\/\/oaxacadiaadia.com\/?p=226854"},"modified":"2026-09-01T16:40:26","modified_gmt":"2026-09-01T22:40:26","slug":"el-hospital-civil-de-oaxaca-sigue-en-detrimento","status":"publish","type":"post","link":"https:\/\/oaxacadiaadia.com\/?p=226854","title":{"rendered":"El Hospital Civil de Oaxaca sigue en detrimento"},"content":{"rendered":"\n<figure class=\"wp-block-image size-full\"><a href=\"https:\/\/oaxacadiaadia.com\/wp-content\/uploads\/2026\/09\/El-Hospital-Civil-de-Oaxaca-sigue-en-detrimento.jpg\"><img loading=\"lazy\" decoding=\"async\" width=\"413\" height=\"232\" src=\"https:\/\/oaxacadiaadia.com\/wp-content\/uploads\/2026\/09\/El-Hospital-Civil-de-Oaxaca-sigue-en-detrimento.jpg\" alt=\"\" class=\"wp-image-226855\" srcset=\"https:\/\/oaxacadiaadia.com\/wp-content\/uploads\/2026\/09\/El-Hospital-Civil-de-Oaxaca-sigue-en-detrimento.jpg 413w, https:\/\/oaxacadiaadia.com\/wp-content\/uploads\/2026\/09\/El-Hospital-Civil-de-Oaxaca-sigue-en-detrimento-300x169.jpg 300w\" sizes=\"auto, (max-width: 413px) 100vw, 413px\" \/><\/a><\/figure>\n\n\n\n<p>*Trabajadores del \u201cAurelio Valdivieso\u201d vuelven a protestar, por fallas en nosocomio<\/p>\n\n\n\n<!--more-->\n\n\n\n<p>Oaxaca, Oaxaca, Martes 01 de Septiembre, 2026, (Fuente: Lisbeth Mej\u00eda Reyes \/ Agencia Zona Roja).- Luego de una protesta realizada el pasado viernes, el personal del hospital general \u201cDr. Aurelio Valdivieso\u201d, conocido como Hospital Civil, se manifest\u00f3 nuevamente este lunes para exigir a las autoridades la reparaci\u00f3n inmediata del elevador del \u00e1rea pedi\u00e1trica y atenci\u00f3n a otras necesidades.<\/p>\n\n\n\n\n\n<p>Con cartulinas, un grupo de empleados se manifest\u00f3 sobre la calzada Porfirio D\u00edaz, afuera del hospital y durante el sem\u00e1foro en rojo, para denunciar la falta de atenci\u00f3n a las necesidades de este hospital de la ciudad de Oaxaca.<\/p>\n\n\n\n<p>Adem\u00e1s, \u201ctomaron\u201d la direcci\u00f3n del mismo en protesta porque los directivos entregaron un oficio al IMSS -Bienestar, en el que no deslindan de responsabilidad a las y los trabajadores por lo que ocurra, cuando las afectaciones derivan de la falta del elevador.<\/p>\n\n\n\n<p>Desde el fin de semana, la protesta se mantuvo con un bloqueo intermitente el viernes y con la pega de carteles en las afueras del hospital, en los que acusan omisi\u00f3n de las autoridades federales del sistema IMSS-Bienestar.<\/p>\n\n\n\n<p>Este lunes, una de las manifestantes explic\u00f3 que las autoridades hab\u00edan prometido inicialmente el cambio de tarjeta para arreglar este elevador. Sin embargo, despu\u00e9s les informaron de una remodelaci\u00f3n integral del mismo, pero que demorar\u00e1 al menos un mes m\u00e1s.<\/p>\n\n\n\n<p>\u201cPero durante ese mes \u00bfqu\u00e9 va a pasar con los ni\u00f1os? No los podemos tener en cuarto piso porque las embarazadas siguen llegando a pedir atenci\u00f3n\u201d, se\u00f1al\u00f3 la trabajadora adherida a la Subsecci\u00f3n 07 de la Secci\u00f3n 35 del Sindicato Nacional de Trabajadores de la Salud (SNTSA).<\/p>\n\n\n\n<p>La falta del elevador ha afectado el traslado de camillas y cunas t\u00e9rmicas, as\u00ed como de los alimentos para las y los pacientes del \u00e1rea pedi\u00e1trica. Aunque existen una rampa y escaleras, el traslado de oraci\u00f3n, alimentos, equipo e insumos se ha complicado desde hace m\u00e1s de un mes y se prev\u00e9 que siga al menos durante septiembre, por lo que los trabajadores demandaron una soluci\u00f3n inmediata.<\/p>\n\n\n\n<p>El elevador no es la \u00fanica carencia del \u00e1rea pedi\u00e1trica o del hospital, que ya se han externado en m\u00faltiples protestas en los \u00faltimos a\u00f1os. El personal m\u00e9dico de ginecolog\u00eda, pediatras, enfermeras y enfermeros, adem\u00e1s de insumos son otras de las necesidades.<\/p>\n\n\n\n<p>Pese a los acuerdos o compromisos de las autoridades para atender estas necesidades, el personal denunci\u00f3 que hasta ahora siguen sin soluci\u00f3n.<\/p>\n","protected":false},"excerpt":{"rendered":"<p>*Trabajadores del \u201cAurelio Valdivieso\u201d vuelven a protestar, por fallas en nosocomio<\/p>\n","protected":false},"author":1,"featured_media":226855,"comment_status":"closed","ping_status":"closed","sticky":false,"template":"","format":"standard","meta":{"footnotes":""},"categories":[11,3,12,14],"tags":[],"class_list":["post-226854","post","type-post","status-publish","format-standard","has-post-thumbnail","hentry","category-capital","category-las-destacadas","category-lo-de-siempre","category-titulares"],"_links":{"self":[{"href":"https:\/\/oaxacadiaadia.com\/index.php?rest_route=\/wp\/v2\/posts\/226854","targetHints":{"allow":["GET"]}}],"collection":[{"href":"https:\/\/oaxacadiaadia.com\/index.php?rest_route=\/wp\/v2\/posts"}],"about":[{"href":"https:\/\/oaxacadiaadia.com\/index.php?rest_route=\/wp\/v2\/types\/post"}],"author":[{"embeddable":true,"href":"https:\/\/oaxacadiaadia.com\/index.php?rest_route=\/wp\/v2\/users\/1"}],"replies":[{"embeddable":true,"href":"https:\/\/oaxacadiaadia.com\/index.php?rest_route=%2Fwp%2Fv2%2Fcomments&post=226854"}],"version-history":[{"count":1,"href":"https:\/\/oaxacadiaadia.com\/index.php?rest_route=\/wp\/v2\/posts\/226854\/revisions"}],"predecessor-version":[{"id":226856,"href":"https:\/\/oaxacadiaadia.com\/index.php?rest_route=\/wp\/v2\/posts\/226854\/revisions\/226856"}],"wp:featuredmedia":[{"embeddable":true,"href":"https:\/\/oaxacadiaadia.com\/index.php?rest_route=\/wp\/v2\/media\/226855"}],"wp:attachment":[{"href":"https:\/\/oaxacadiaadia.com\/index.php?rest_route=%2Fwp%2Fv2%2Fmedia&parent=226854"}],"wp:term":[{"taxonomy":"category","embeddable":true,"href":"https:\/\/oaxacadiaadia.com\/index.php?rest_route=%2Fwp%2Fv2%2Fcategories&post=226854"},{"taxonomy":"post_tag","embeddable":true,"href":"https:\/\/oaxacadiaadia.com\/index.php?rest_route=%2Fwp%2Fv2%2Ftags&post=226854"}],"curies":[{"name":"wp","href":"https:\/\/api.w.org\/{rel}","templated":true}]}}