{"id":226842,"date":"2026-09-01T16:05:31","date_gmt":"2026-09-01T22:05:31","guid":{"rendered":"https:\/\/oaxacadiaadia.com\/?p=226842"},"modified":"2026-09-01T16:05:32","modified_gmt":"2026-09-01T22:05:32","slug":"acciones-de-seguridad-se-reflejan-en-resultados","status":"publish","type":"post","link":"https:\/\/oaxacadiaadia.com\/?p=226842","title":{"rendered":"Acciones de seguridad se reflejan en resultados"},"content":{"rendered":"\n<figure class=\"wp-block-image size-full\"><a href=\"https:\/\/oaxacadiaadia.com\/wp-content\/uploads\/2026\/09\/Acciones-de-seguridad-se-reflejan-en-resultados.jpg\"><img loading=\"lazy\" decoding=\"async\" width=\"410\" height=\"274\" src=\"https:\/\/oaxacadiaadia.com\/wp-content\/uploads\/2026\/09\/Acciones-de-seguridad-se-reflejan-en-resultados.jpg\" alt=\"\" class=\"wp-image-226843\" srcset=\"https:\/\/oaxacadiaadia.com\/wp-content\/uploads\/2026\/09\/Acciones-de-seguridad-se-reflejan-en-resultados.jpg 410w, https:\/\/oaxacadiaadia.com\/wp-content\/uploads\/2026\/09\/Acciones-de-seguridad-se-reflejan-en-resultados-300x200.jpg 300w\" sizes=\"auto, (max-width: 410px) 100vw, 410px\" \/><\/a><\/figure>\n\n\n\n<p>*El gobernador Salom\u00f3n Jara afirm\u00f3 que no permitir\u00e1 que ning\u00fan grupo o inter\u00e9s particular se coloque por encima de la tranquilidad del pueblo ni del estado de derecho<\/p>\n\n\n\n<p>*El \u00cdndice de Paz en M\u00e9xico 2026 coloca a Oaxaca entre los estados con las mejores condiciones y 13 de los 15 delitos de impacto registraron disminuciones<\/p>\n\n\n\n<!--more-->\n\n\n\n<p>Oaxaca, Oaxaca, Martes 01 de Septiembre, 2026, (Fuente: Comunicado).- El gobernador Salom\u00f3n Jara Cruz afirm\u00f3 que en Oaxaca las instituciones estatales en coordinaci\u00f3n con fuerzas federales, realizan acciones estrat\u00e9gicas y contundentes para consolidar la justicia y garantizar seguridad a la ciudadan\u00eda.<\/p>\n\n\n\n<p>Durante la conferencia de prensa que encabeza, el Mandatario estatal resalt\u00f3 que en la entidad se refuerza el combate a la delincuencia, el cual se refleja en los resultados obtenidos de enero a agosto del presente a\u00f1o: la detenci\u00f3n de m\u00e1s de mil 400 personas, recuperaci\u00f3n y aseguramiento de m\u00e1s de 6 mil veh\u00edculos, y se han sacado de circulaci\u00f3n cerca de 200 armas y m\u00e1s de 7 mil 100 dosis de droga.<\/p>\n\n\n\n<p>\u201cQuien se aparte de la legalidad enfrentar\u00e1 las consecuencias. No vamos a permitir que ning\u00fan grupo o inter\u00e9s particular pretenda colocarse por encima de la tranquilidad de nuestro pueblo ni del estado de derecho\u201d, mencion\u00f3.<\/p>\n\n\n\n<p>Los esfuerzos realizados por el Gobierno del Estado se evidencian en datos rotundos: el \u00cdndice de Paz en M\u00e9xico 2026 coloca a Oaxaca entre los estados con las mejores condiciones; durante el primer semestre del a\u00f1o, 13 de los 15 delitos de impacto registraron disminuciones, y siete de ellos tuvieron reducciones superiores al 40 por ciento.<\/p>\n\n\n\n<p>Adem\u00e1s de la disminuci\u00f3n de 14.89 puntos en percepci\u00f3n de inseguridad, de acuerdo con la Encuesta Nacional de Seguridad P\u00fablica Urbana del Instituto Nacional de Estad\u00edstica y Geograf\u00eda.<\/p>\n\n\n\n<p>Entre los principales logros en coordinaci\u00f3n con la Fiscal\u00eda General del Estado de Oaxaca, se encuentran la desarticulaci\u00f3n de c\u00e9lulas delictivas en la Costa e Istmo de Tehuantepec, detenci\u00f3n de objetivos prioritarios, cateos coordinados con autoridades federales y trabajos de inteligencia y ubicaci\u00f3n de objetivos prioritarios.<\/p>\n\n\n\n<p>Cabe destacar que, para contribuir a que las armas salgan de los hogares, se respalda la campa\u00f1a federal \u201cS\u00ed al Desarme, S\u00ed a la Paz\u201d, en la cual se destinan m\u00e1s de 3 millones 400 mil pesos a nivel estatal.<\/p>\n\n\n\n<p>Con el objetivo de seguir abonando al bienestar de las y los oaxaque\u00f1os, la administraci\u00f3n p\u00fablica estatal redobla esfuerzos, mantiene presencia en territorio, mejora la coordinaci\u00f3n con instituciones y act\u00faa con inteligencia, firmeza y pleno apego a la ley frente a quienes pretendan vulnerar la tranquilidad de las comunidades.<\/p>\n\n\n\n<p><strong>Proyectos para un Futuro Mejor A.C. beneficiar\u00e1 a estudiantes de la UTVCO<\/strong><\/p>\n\n\n\n<p>Por otra parte, seis estudiantes de la Universidad Tecnol\u00f3gica de los Valles Centrales de Oaxaca (UTVCO, ubicada en el municipio de San Pablo Huixtepec, del distrito de Zimatl\u00e1n, regi\u00f3n Valles Centrales de Oaxaca) dieron un paso fundamental en su trayectoria acad\u00e9mica al firmar su primer convenio de beca con la asociaci\u00f3n civil Proyectos para un Futuro Mejor A.C. Con la cual la universidad mantiene una alianza que permite impulsar el talento de la comunidad estudiantil.<\/p>\n\n\n\n<p>Las y los beneficiarios, pertenecientes al tercer cuatrimestre de las carreras de Agricultura Sustentable y Protegida, Desarrollo de Software Multiplataforma, Mercadotecnia y Dise\u00f1o y Moda Industrial en Producci\u00f3n, provienen de comunidades rurales del estado.<\/p>\n\n\n\n<p>Este apoyo busca respaldar econ\u00f3micamente a j\u00f3venes de escasos recursos durante toda su formaci\u00f3n universitaria, siempre y cuando mantengan un promedio igual o superior a 8.5 en cada ciclo escolar.<\/p>\n\n\n\n<p>La ceremonia protocolaria cont\u00f3 con la presencia del rector de la instituci\u00f3n, Sa\u00fal del Toro Zapi\u00e9n, quien destac\u00f3 que esta vinculaci\u00f3n refrenda el compromiso institucional con el impulso, reconocimiento y desarrollo del talento regional.<\/p>\n\n\n\n<p>Con estas acciones la UTVCO reafirma la misi\u00f3n de generar alianzas estrat\u00e9gicas que ampl\u00eden las oportunidades educativas para la juventud oaxaque\u00f1a, consolidando el orgullo y la identidad de sus estudiantes.<\/p>\n\n\n\n<p><strong>Elisa Zepeda impulsa reglas claras para que municipios act\u00faen ante da\u00f1os ambientales<\/strong><\/p>\n\n\n\n<p>En otro contexto, para que los problemas de contaminaci\u00f3n tengan una respuesta clara y oportuna desde los municipios, la diputada de morena y consejera nacional de este partido, Elisa Zepeda Lagunas, present\u00f3 una iniciativa que establece lineamientos de actuaci\u00f3n para las autoridades municipales en materia ambiental.<\/p>\n\n\n\n<p>La propuesta establece que los municipios, dentro de sus competencias, deber\u00edan realizar inspecciones y vigilancia en establecimientos, actividades o fuentes que produzcan o puedan producir contaminaci\u00f3n del agua, suelo, aire, \u00e1reas verdes, parques p\u00fablicos, drenaje y alcantarillado.<\/p>\n\n\n\n<p>\u201cQueremos que ante un problema de contaminaci\u00f3n exista una autoridad que act\u00fae, d\u00e9 seguimiento y responda a la ciudadan\u00eda. El cuidado del medio ambiente no puede quedarse en soluciones moment\u00e1neas\u201d, se\u00f1al\u00f3 Zepeda Lagunas.<\/p>\n\n\n\n<p>Tambi\u00e9n establece que los ayuntamientos aplicar\u00edan y dar\u00edan seguimiento a las medidas ambientales que correspondan, recibir y tramitar las denuncias ciudadanas y dejar constancia de sus actuaciones. Cuando el asunto corresponda a otra instancia, deber\u00e1n hacerlo del conocimiento de la autoridad competente.<\/p>\n\n\n\n<p>Adem\u00e1s, si se detecta que una persona servidora p\u00fablica municipal incumpli\u00f3 sus obligaciones ambientales, se dar\u00e1 vista a las autoridades competentes para que determinen si existe responsabilidad administrativa.<\/p>\n\n\n\n<p>\u201cCuidar nuestros r\u00edos, nuestra tierra y el aire que respiramos tambi\u00e9n significa que cada autoridad cumpla con su responsabilidad\u201d, afirm\u00f3 la legisladora.<\/p>\n\n\n\n<p>Para ello, Elisa Zepeda propone adicionar los art\u00edculos 7 Bis y 261 Bis a la Ley del Equilibrio Ecol\u00f3gico y Protecci\u00f3n al Ambiente para el Estado de Oaxaca. La iniciativa fue turnada a comisiones para su an\u00e1lisis y dictaminaci\u00f3n.<\/p>\n","protected":false},"excerpt":{"rendered":"<p>*El gobernador Salom\u00f3n Jara afirm\u00f3 que no permitir\u00e1 que ning\u00fan grupo o inter\u00e9s particular se coloque por encima de la<\/p>\n","protected":false},"author":1,"featured_media":226843,"comment_status":"closed","ping_status":"closed","sticky":false,"template":"","format":"standard","meta":{"footnotes":""},"categories":[11,3],"tags":[],"class_list":["post-226842","post","type-post","status-publish","format-standard","has-post-thumbnail","hentry","category-capital","category-las-destacadas"],"_links":{"self":[{"href":"https:\/\/oaxacadiaadia.com\/index.php?rest_route=\/wp\/v2\/posts\/226842","targetHints":{"allow":["GET"]}}],"collection":[{"href":"https:\/\/oaxacadiaadia.com\/index.php?rest_route=\/wp\/v2\/posts"}],"about":[{"href":"https:\/\/oaxacadiaadia.com\/index.php?rest_route=\/wp\/v2\/types\/post"}],"author":[{"embeddable":true,"href":"https:\/\/oaxacadiaadia.com\/index.php?rest_route=\/wp\/v2\/users\/1"}],"replies":[{"embeddable":true,"href":"https:\/\/oaxacadiaadia.com\/index.php?rest_route=%2Fwp%2Fv2%2Fcomments&post=226842"}],"version-history":[{"count":1,"href":"https:\/\/oaxacadiaadia.com\/index.php?rest_route=\/wp\/v2\/posts\/226842\/revisions"}],"predecessor-version":[{"id":226844,"href":"https:\/\/oaxacadiaadia.com\/index.php?rest_route=\/wp\/v2\/posts\/226842\/revisions\/226844"}],"wp:featuredmedia":[{"embeddable":true,"href":"https:\/\/oaxacadiaadia.com\/index.php?rest_route=\/wp\/v2\/media\/226843"}],"wp:attachment":[{"href":"https:\/\/oaxacadiaadia.com\/index.php?rest_route=%2Fwp%2Fv2%2Fmedia&parent=226842"}],"wp:term":[{"taxonomy":"category","embeddable":true,"href":"https:\/\/oaxacadiaadia.com\/index.php?rest_route=%2Fwp%2Fv2%2Fcategories&post=226842"},{"taxonomy":"post_tag","embeddable":true,"href":"https:\/\/oaxacadiaadia.com\/index.php?rest_route=%2Fwp%2Fv2%2Ftags&post=226842"}],"curies":[{"name":"wp","href":"https:\/\/api.w.org\/{rel}","templated":true}]}}