{"id":226839,"date":"2026-09-01T16:04:47","date_gmt":"2026-09-01T22:04:47","guid":{"rendered":"https:\/\/oaxacadiaadia.com\/?p=226839"},"modified":"2026-09-01T16:04:48","modified_gmt":"2026-09-01T22:04:48","slug":"en-oaxaca-no-habra-espacios-para-la-impunidad","status":"publish","type":"post","link":"https:\/\/oaxacadiaadia.com\/?p=226839","title":{"rendered":"\u201cEn Oaxaca no habr\u00e1 espacios para la impunidad\u201d"},"content":{"rendered":"\n<figure class=\"wp-block-image size-full\"><a href=\"https:\/\/oaxacadiaadia.com\/wp-content\/uploads\/2026\/09\/En-Oaxaca-no-habra-espacios-para-la-impunidad-1.jpg\"><img loading=\"lazy\" decoding=\"async\" width=\"423\" height=\"218\" src=\"https:\/\/oaxacadiaadia.com\/wp-content\/uploads\/2026\/09\/En-Oaxaca-no-habra-espacios-para-la-impunidad-1.jpg\" alt=\"\" class=\"wp-image-226840\" srcset=\"https:\/\/oaxacadiaadia.com\/wp-content\/uploads\/2026\/09\/En-Oaxaca-no-habra-espacios-para-la-impunidad-1.jpg 423w, https:\/\/oaxacadiaadia.com\/wp-content\/uploads\/2026\/09\/En-Oaxaca-no-habra-espacios-para-la-impunidad-1-300x155.jpg 300w\" sizes=\"auto, (max-width: 423px) 100vw, 423px\" \/><\/a><\/figure>\n\n\n\n<p>*La Fiscal\u00eda desarticula estructuras criminales en Costa y Valles Centrales<\/p>\n\n\n\n<!--more-->\n\n\n\n<p>Oaxaca, Oaxaca, Martes 01 de Septiembre, 2026, (Fuente: Comunicado).- \u201cCada espacio que el Estado abandona, tarde o temprano, alguien m\u00e1s intenta ocuparlo\u201d. Bajo esta premisa, el Fiscal General del Estado de Oaxaca, Bernardo Rodr\u00edguez Alamilla, present\u00f3 durante la conferencia encabezada por el Gobernador Salom\u00f3n Jara los resultados de dos operaciones coordinadas con las Fuerzas Federales y Estatales que permitieron golpear estructuras delictivas con presencia en la Costa y los Valles Centrales.<\/p>\n\n\n\n<p>Se trata de acciones que, de acuerdo con el Fiscal General Bernardo Rodr\u00edguez Alamilla permitieron neutralizar a integrantes de la c\u00e9lula conocida como \u201cLos Rusos\u201d y desarticular la c\u00fapula operativa del sindicato ASAEO, organizaci\u00f3n se\u00f1alada por su evoluci\u00f3n hacia actividades delictivas como extorsi\u00f3n, cobro de piso, narcomenudeo, despojo y sicariato.<\/p>\n\n\n\n<p>En su mensaje, el titular de la Fiscal\u00eda General del Estado de Oaxaca Bernardo Rodr\u00edguez Alamilla fue contundente al se\u00f1alar que en Oaxaca ninguna organizaci\u00f3n, grupo criminal, sindicato o asociaci\u00f3n puede colocarse por encima de la ley.<\/p>\n\n\n\n<p>Rodr\u00edguez Alamilla subray\u00f3 que el Estado reconoce plenamente el derecho leg\u00edtimo de las organizaciones sindicales y sociales a manifestarse y defender los intereses de sus integrantes; sin embargo, advirti\u00f3 que ese derecho no puede utilizarse como cobertura para cometer delitos.<\/p>\n\n\n\n<p>\u201cCuando una autoridad tolera peque\u00f1as transgresiones, esas transgresiones terminan convirti\u00e9ndose en las nuevas reglas de facto. Ese punto no lo vamos a permitir en Oaxaca\u201d, afirm\u00f3.<\/p>\n\n\n\n<p>El Fiscal General Bernardo Rodr\u00edguez Alamilla adelant\u00f3 que, en coordinaci\u00f3n con las instituciones federales, continuar\u00e1n las intervenciones contra estructuras que generen violencia o afecten la seguridad de la poblaci\u00f3n.<\/p>\n\n\n\n<p>\u201cDe manera coordinada con la Federaci\u00f3n habr\u00e1 nuevas intervenciones, no solamente respecto a este grupo, sino en contra de cualquiera que altere la paz de nuestro estado y genere actos delictivos en contra de la poblaci\u00f3n\u201d, se\u00f1al\u00f3. Y reiter\u00f3 que la postura de la Fiscal\u00eda de Oaxaca es clara, \u201cen Oaxaca no habr\u00e1 impunidad\u201d.<\/p>\n\n\n\n<p>Asimismo, detall\u00f3 que, en la regi\u00f3n de la Costa, un operativo conjunto de prevenci\u00f3n, realizado de manera permanente por la Fiscal\u00eda General del Estado, la Secretar\u00eda de Marina y la Polic\u00eda Estatal en la zona lim\u00edtrofe con Guerrero, deriv\u00f3 en una intervenci\u00f3n contra integrantes de la c\u00e9lula delictiva conocida como \u201cLos Rusos\u201d.<\/p>\n\n\n\n<p>Durante un recorrido, personal institucional fue agredido en las inmediaciones de una localidad cercana a San Juan Cacahuatepec. Como resultado de la respuesta operativa fueron neutralizados cuatro objetivos, entre ellos quien era identificado como l\u00edder de la c\u00e9lula en la regi\u00f3n, conocido como \u201cEl 09\u201d o \u201cEl Gordo\u201d, as\u00ed como su jefe de escoltas, alias \u201cArracadas\u201d.<\/p>\n\n\n\n<p>De acuerdo con las investigaciones de la FGEO, esta organizaci\u00f3n mantiene presencia en al menos 15 municipios de Guerrero y hab\u00eda extendido sus actividades hacia municipios oaxaque\u00f1os colindantes, incluida la zona de Putla, donde se le atribuye la ejecuci\u00f3n de tres personas ocurrida dos semanas antes en la regi\u00f3n de Amuzgos.<\/p>\n\n\n\n<p>Entre los delitos documentados se encuentran narcomenudeo, secuestro, portaci\u00f3n ilegal de armas, homicidio doloso y trasiego de droga.<\/p>\n\n\n\n<p>Y tambi\u00e9n se les vincula con dos homicidios de alto impacto: el de la regidora de Parques y Jardines de Cacahuatepec, Guadalupe Urban Ceballos, ocurrido el 6 de noviembre de 2025, y el del expresidente municipal de San Juan Cacahuatepec, Pedro Mart\u00ednez Barroso, asesinado el pasado 13 de julio al interior de un negocio de su propiedad.<\/p>\n\n\n\n<p>La detenci\u00f3n previa de un integrante identificado como \u201cEl 07\u201d, se\u00f1alado como responsable de este \u00faltimo hecho, permiti\u00f3 obtener informaci\u00f3n de inteligencia que contribuy\u00f3 a fortalecer las investigaciones y abrir la puerta a la intervenci\u00f3n contra esta estructura.<\/p>\n\n\n\n<p>El segundo golpe se concret\u00f3 el mi\u00e9rcoles 27 de agosto, despu\u00e9s de m\u00e1s de un mes de trabajo de gabinete y an\u00e1lisis de informaci\u00f3n realizado de manera conjunta por la Fiscal\u00eda General del Estado de Oaxaca, la Secretar\u00eda de Marina, la Secretar\u00eda de Seguridad y Protecci\u00f3n Ciudadana del Gobierno de M\u00e9xico, la Secretar\u00eda de la Defensa Nacional, la Guardia Nacional, el C5 y la Polic\u00eda Estatal.<\/p>\n\n\n\n<p>De acuerdo con la investigaci\u00f3n presentada por el Fiscal General Bernardo Rodr\u00edguez Alamilla, la organizaci\u00f3n sindical ASAEO, que originalmente ten\u00eda presencia en el control de transporte de taxis, mototaxis, pipas y volteos en m\u00e1s de 90 municipios de los Valles Centrales, habr\u00eda evolucionado hacia actividades delictivas.<\/p>\n\n\n\n<p>La Fiscal\u00eda de Oaxaca document\u00f3 su posible participaci\u00f3n en narcomenudeo, despojo de terrenos \u2014incluidas 37 hect\u00e1reas intervenidas en San Pablo Etla\u2014, extorsi\u00f3n y cobro de piso en zonas como Pueblo Nuevo, Viguera y la Central de Abastos, adem\u00e1s de actividades relacionadas con el sicariato.<\/p>\n\n\n\n<p>Las investigaciones tambi\u00e9n identifican su presunta participaci\u00f3n en al menos tres homicidios de alto impacto: un atentado ocurrido afuera de un restaurante en la colonia Reforma, el homicidio de Caleb Rodr\u00edguez Ortega, registrado sobre avenida Universidad, y el caso de Iv\u00e1n Tom\u00e1s Luis Villaseca.<\/p>\n\n\n\n<p>La informaci\u00f3n obtenida mediante la detenci\u00f3n de integrantes de esta estructura, entre ellos \u201cEl Micky\u201d o \u201c086\u201d, identificado como operador clave en Valles Centrales, y \u201cEl Contador\u201d, se\u00f1alado como jefe de plaza en Ocotl\u00e1n de Morelos, permiti\u00f3 establecer v\u00ednculos con una estructura criminal asentada en Huatulco que ya hab\u00eda sido debilitada por acciones de la Fiscal\u00eda de Oaxaca en meses anteriores.<\/p>\n\n\n\n<p>Con base en estos trabajos de inteligencia, el 27 de agosto ejecutaron 14 \u00f3rdenes de cateo simult\u00e1neamente en la capital y la zona metropolitana, con la participaci\u00f3n de m\u00e1s de 300 elementos de grupos especiales trasladados desde distintas partes del pa\u00eds.<\/p>\n\n\n\n<p>La operaci\u00f3n se realiz\u00f3 entre las 2:00 y las 6:00 horas, sin que se registrara un solo disparo.<\/p>\n\n\n\n<p>Entre las personas detenidas se encuentra quien se desempe\u00f1aba como secretaria de Transporte de la organizaci\u00f3n, as\u00ed como una regidora del municipio de San Antonio de la Cal, se\u00f1alada como presunto brazo operativo en esa demarcaci\u00f3n.<\/p>\n\n\n\n<p>Durante los cateos aseguraron fusiles AR-15 y AK-47, armas cortas, chalecos bal\u00edsticos, libretas de contabilidad, b\u00e1sculas, tabuladores de droga y equipos de telefon\u00eda celular, elementos que ser\u00e1n incorporados a las investigaciones correspondientes.<\/p>\n\n\n\n<p>Rodr\u00edguez Alamilla destac\u00f3 que el resultado de estas acciones fue posible gracias a una operaci\u00f3n articulada entre instituciones estatales y federales, cuya informaci\u00f3n fue manejada bajo estrictos protocolos de seguridad para garantizar su efectividad.<\/p>\n\n\n\n<p>El Fiscal de Oaxaca reconoci\u00f3 la coordinaci\u00f3n con la Secretar\u00eda de Marina, la Secretar\u00eda de Seguridad y Protecci\u00f3n Ciudadana del Gobierno de M\u00e9xico, la Secretar\u00eda de la Defensa Nacional, la Guardia Nacional, el C5 y la Polic\u00eda Estatal.<\/p>\n\n\n\n<p>\u201cNo debemos acostumbrarnos a que alguien cobre por permitir trabajar. No debemos aceptar que una organizaci\u00f3n decida qui\u00e9n entra o sale de un territorio. No vamos a permitir que las amenazas sustituyan a las instituciones\u201d, sostuvo Rodr\u00edguez Alamilla.<\/p>\n\n\n\n<p>Con estas acciones, la Fiscal\u00eda General del Estado refrenda que la ley no tiene excepciones por el origen, posici\u00f3n o pertenencia de quienes la infringen. El combate a las estructuras criminales continuar\u00e1 mediante inteligencia, investigaci\u00f3n y coordinaci\u00f3n interinstitucional, hasta llevar ante la justicia a quienes pretendan utilizar la violencia, la intimidaci\u00f3n o cualquier estructura organizada para desafiar al Estado.<\/p>\n\n\n\n<p><strong>Obtiene Fiscal\u00eda de Oaxaca sentencia de 9 a\u00f1os de prisi\u00f3n por homicidio culposo ocurrido durante un incidente de tr\u00e1nsito en la Cuenca<\/strong><\/p>\n\n\n\n<p>Por otra parte, como resultado de las investigaciones realizadas por la Fiscal\u00eda General del Estado de Oaxaca (FGEO), se obtuvo sentencia condenatoria contra una mujer identificada como A.L.L., por su responsabilidad en el delito de homicidio culposo, cometido en agravio de A.N.C.V., quien perdi\u00f3 la vida a consecuencia de las lesiones sufridas en un accidente de tr\u00e1nsito ocurrido en la regi\u00f3n de la Cuenca del Papaloapan.<\/p>\n\n\n\n<p>De acuerdo con la causa penal del caso, los hechos ocurrieron el 30 de abril de 2018, cuando la ahora sentenciada conduc\u00eda una camioneta de pasaje sobre la carretera federal 147 Tuxtepec-Palomares.<\/p>\n\n\n\n<p>Las investigaciones establecieron que, en ese punto, la conductora habr\u00eda salido de su carril para rebasar un veh\u00edculo tipo tr\u00e1iler, momento en el que impact\u00f3 de frente contra un autom\u00f3vil Seat Ibiza, conducido por la v\u00edctima.<\/p>\n\n\n\n<p>A consecuencia del impacto, el veh\u00edculo de la v\u00edctima sali\u00f3 de la carretera, por lo que result\u00f3 lesionado y fue trasladado inicialmente al hospital de Mar\u00eda Lombardo de Caso y posteriormente a una instituci\u00f3n m\u00e9dica en el estado de Veracruz. Debido a la gravedad de las lesiones, fue trasladado al Centro M\u00e9dico Nacional 20 de Noviembre, en la Ciudad de M\u00e9xico, donde falleci\u00f3 d\u00edas despu\u00e9s a consecuencia de un edema pulmonar complicado, derivado de un traumatismo tor\u00e1cico-abdominal.<\/p>\n\n\n\n<p>A partir de estos hechos, la Fiscal\u00eda de Oaxaca realiz\u00f3 las investigaciones y diligencias correspondientes para esclarecer las circunstancias del accidente y determinar las responsabilidades conforme a derecho.<\/p>\n\n\n\n<p>Luego del proceso penal, la autoridad judicial dict\u00f3 sentencia condenatoria contra A.L.L., imponi\u00e9ndole una pena de 9 a\u00f1os con 3 meses de prisi\u00f3n, as\u00ed como el pago de la reparaci\u00f3n del da\u00f1o en abstracto.<\/p>\n\n\n\n<p>La Fiscal\u00eda General del Estado de Oaxaca refrenda su compromiso de realizar investigaciones exhaustivas para esclarecer los hechos y garantizar el acceso a la justicia para las v\u00edctimas y sus familias.<\/p>\n\n\n\n<p><strong>Fiscal\u00eda de Oaxaca detiene a probable responsable de robo con violencia de 63 tel\u00e9fonos celulares en Zimatl\u00e1n de \u00c1lvarez<\/strong><\/p>\n\n\n\n<p>En tanto, la Fiscal\u00eda General del Estado de Oaxaca (FGEO) ejecut\u00f3 una orden de aprehensi\u00f3n contra un hombre identificado como H.O.G., investigado por su probable participaci\u00f3n en el delito de robo con violencia f\u00edsica y moral a las personas, cometido en un negocio de venta de tel\u00e9fonos celulares y accesorios en Zimatl\u00e1n de \u00c1lvarez, regi\u00f3n de los Valles Centrales.<\/p>\n\n\n\n<p>De acuerdo con la investigaci\u00f3n ministerial, los hechos ocurrieron el 9 de marzo de 2025, cuando la v\u00edctima, una mujer encargada de dicha sucursal, se encontraba trabajando en el establecimiento, ubicado en el Barrio San Lorenzo, en Zimatl\u00e1n de \u00c1lvarez.<\/p>\n\n\n\n<p>Las investigaciones establecen que una persona habr\u00eda ingresado al establecimiento aparentando realizar un pago y, posteriormente, amag\u00f3 con una navaja a la trabajadora, a quien presuntamente at\u00f3 de las manos y amordaz\u00f3, provoc\u00e1ndole diversas lesiones.<\/p>\n\n\n\n<p>Una vez sometida la v\u00edctima, el probable responsable habr\u00eda sustra\u00eddo 63 tel\u00e9fonos celulares de distintas marcas que se encontraban exhibidos en el establecimiento, para despu\u00e9s huir del lugar.<\/p>\n\n\n\n<p>Las investigaciones revelan que, el robo habr\u00eda generado una afectaci\u00f3n patrimonial estimada en aproximadamente 259 mil pesos, por lo que la FGEO, a trav\u00e9s de la Vicefiscal\u00eda Regional de Valles Centrales, inici\u00f3 las investigaciones correspondientes para esclarecer los hechos y establecer la identidad de quien habr\u00eda cometido el delito.<\/p>\n\n\n\n<p>Como resultado de las diligencias ministeriales y de investigaci\u00f3n, se obtuvieron los datos necesarios para solicitar y ejecutar una orden de aprehensi\u00f3n contra H.O.G.<\/p>\n\n\n\n<p>Tras su detenci\u00f3n, se llev\u00f3 a cabo la audiencia de control, en la que el Juez de Control formul\u00f3 imputaci\u00f3n, por lo que el Ministerio P\u00fablico solicit\u00f3 la vinculaci\u00f3n a proceso. La autoridad judicial impuso prisi\u00f3n preventiva justificada como medida cautelar, por lo que el imputado permanecer\u00e1 sujeto a esta medida mientras se resuelve su situaci\u00f3n jur\u00eddica.<\/p>\n\n\n\n<p>La Fiscal\u00eda General del Estado de Oaxaca mantiene el compromiso de investigar los delitos que afectan el patrimonio y la integridad de las personas, con especial atenci\u00f3n a las v\u00edctimas de hechos violentos, para esclarecer los casos y presentar ante la autoridad judicial a quien o quienes resulten responsables.<\/p>\n\n\n\n<p><strong>Obtiene FGEO sentencia de 37 a\u00f1os y 6 meses de prisi\u00f3n contra responsable de la desaparici\u00f3n de dos hermanos en Sierra de Flores Mag\u00f3n<\/strong><\/p>\n\n\n\n<p>En otro hecho, la Fiscal\u00eda General del Estado de Oaxaca (FGEO) obtuvo una sentencia condenatoria de 37 a\u00f1os y 6 meses de prisi\u00f3n contra un hombre identificado como Sergio G.H.A., al ser declarado responsable del delito de desaparici\u00f3n cometida por particulares, en agravio de los hermanos E.DM.R. y J.I.M.R, hechos ocurridos en la regi\u00f3n de la Sierra de Flores Mag\u00f3n.<\/p>\n\n\n\n<p>De acuerdo con las investigaciones de la Fiscal\u00eda de Oaxaca y con los elementos desahogados durante el proceso penal, los hechos ocurrieron el 31 de julio de 2019, cuando las v\u00edctimas se trasladaban a bordo de una camioneta Ford Ranger, sobre un camino de terracer\u00eda que comunica a la localidad de Zongolica, Chilchotla, con la agencia Cinco de Mayo, Huautla de Jim\u00e9nez.<\/p>\n\n\n\n<p>La investigaci\u00f3n establece que, cuando las v\u00edctimas circulaban por dicho camino, fueron atacados con disparos de arma de fuego, situaci\u00f3n que provoc\u00f3 que la camioneta en la que viajaban saliera del camino.<\/p>\n\n\n\n<p>Posteriormente, de acuerdo con los datos expuestos durante el proceso, un grupo de personas habr\u00eda sometido a las v\u00edctimas y las traslad\u00f3 contra su voluntad a bordo de otra camioneta.<\/p>\n\n\n\n<p>La investigaci\u00f3n se\u00f1ala que posteriormente, los hermanos fueron cambiados de veh\u00edculo y trasladados a bordo de un autom\u00f3vil compacto hacia otra localidad, donde habr\u00edan sido ocultados.<\/p>\n\n\n\n<p>Estos hechos fueron investigados por la Fiscal\u00eda de Oaxaca a trav\u00e9s de la Vicefiscal\u00eda General de Atenci\u00f3n a V\u00edctimas y Derechos Humanos para luego llevar el caso ante la autoridad judicial.<\/p>\n\n\n\n<p>Despu\u00e9s del desahogo de pruebas y tras realizar las respectivas audiencias, la autoridad judicial dict\u00f3 la sentencia, determinando una pena de 37 a\u00f1os y 6 meses de prisi\u00f3n, adem\u00e1s del pago de una multa y la reparaci\u00f3n del da\u00f1o en abstracto a favor de las v\u00edctimas indirectas.<\/p>\n\n\n\n<p>La Fiscal\u00eda General del Estado de Oaxaca refrenda su compromiso de investigar los delitos de desaparici\u00f3n, fortalecer las acciones de b\u00fasqueda y procuraci\u00f3n de justicia y llevar ante los tribunales los casos en los que existan elementos suficientes para determinar responsabilidades.<\/p>\n\n\n\n<p><strong>Fiscal\u00eda de Oaxaca localiza a mujer y a su hija reportadas como no localizadas<\/strong><\/p>\n\n\n\n<p>En otro hecho, derivado de una investigaci\u00f3n integral, especializada y multidisciplinaria, la Fiscal\u00eda General del Estado de Oaxaca (FGEO) localiz\u00f3 a una mujer identificada como I.O.D. y a su hija menor de edad, quienes hab\u00edan sido reportadas como no localizadas.<\/p>\n\n\n\n<p>Desde que recibi\u00f3 la denuncia, el 26 de agosto, la Vicefiscal\u00eda Regional de la Sierra Sur despleg\u00f3 las acciones de b\u00fasqueda e investigaci\u00f3n correspondientes, con la aplicaci\u00f3n de perspectiva de g\u00e9nero y de infancia, as\u00ed como la intervenci\u00f3n de personal especializado.<\/p>\n\n\n\n<p>Como resultado de estas labores, ambas personas fueron localizadas en 72 horas, el 29 de agosto.<\/p>\n\n\n\n<p>La FGEO estableci\u00f3 que se trat\u00f3 de una ausencia voluntaria. Sin embargo, esta circunstancia no representa una desprotecci\u00f3n institucional. Por el contrario, los protocolos de la Fiscal\u00eda de Oaxaca contemplan la activaci\u00f3n inmediata de las \u00e1reas especializadas para garantizar el derecho a la b\u00fasqueda, la protecci\u00f3n de la vida privada, la no revictimizaci\u00f3n y el acceso a una atenci\u00f3n integral, tanto para las personas localizadas como para sus familias.<\/p>\n\n\n\n<p>La intervenci\u00f3n institucional tambi\u00e9n contempla el acompa\u00f1amiento psicoemocional como parte del modelo integral de atenci\u00f3n a v\u00edctimas, con el prop\u00f3sito de generar condiciones de confianza, brindar contenci\u00f3n emocional y fortalecer la colaboraci\u00f3n con las familias, reconocidas como v\u00edctimas indirectas cuando corresponde.<\/p>\n\n\n\n<p>Con estas acciones, la Fiscal\u00eda General del Estado de Oaxaca refrenda que cada reporte de no localizaci\u00f3n activa una respuesta institucional inmediata, sin prejuzgar las circunstancias del caso y colocando en el centro la seguridad, la dignidad y los derechos humanos de las personas.<\/p>\n","protected":false},"excerpt":{"rendered":"<p>*La Fiscal\u00eda desarticula estructuras criminales en Costa y Valles Centrales<\/p>\n","protected":false},"author":1,"featured_media":226840,"comment_status":"closed","ping_status":"closed","sticky":false,"template":"","format":"standard","meta":{"footnotes":""},"categories":[11,3,7,4],"tags":[],"class_list":["post-226839","post","type-post","status-publish","format-standard","has-post-thumbnail","hentry","category-capital","category-las-destacadas","category-municipal","category-policiaca"],"_links":{"self":[{"href":"https:\/\/oaxacadiaadia.com\/index.php?rest_route=\/wp\/v2\/posts\/226839","targetHints":{"allow":["GET"]}}],"collection":[{"href":"https:\/\/oaxacadiaadia.com\/index.php?rest_route=\/wp\/v2\/posts"}],"about":[{"href":"https:\/\/oaxacadiaadia.com\/index.php?rest_route=\/wp\/v2\/types\/post"}],"author":[{"embeddable":true,"href":"https:\/\/oaxacadiaadia.com\/index.php?rest_route=\/wp\/v2\/users\/1"}],"replies":[{"embeddable":true,"href":"https:\/\/oaxacadiaadia.com\/index.php?rest_route=%2Fwp%2Fv2%2Fcomments&post=226839"}],"version-history":[{"count":1,"href":"https:\/\/oaxacadiaadia.com\/index.php?rest_route=\/wp\/v2\/posts\/226839\/revisions"}],"predecessor-version":[{"id":226841,"href":"https:\/\/oaxacadiaadia.com\/index.php?rest_route=\/wp\/v2\/posts\/226839\/revisions\/226841"}],"wp:featuredmedia":[{"embeddable":true,"href":"https:\/\/oaxacadiaadia.com\/index.php?rest_route=\/wp\/v2\/media\/226840"}],"wp:attachment":[{"href":"https:\/\/oaxacadiaadia.com\/index.php?rest_route=%2Fwp%2Fv2%2Fmedia&parent=226839"}],"wp:term":[{"taxonomy":"category","embeddable":true,"href":"https:\/\/oaxacadiaadia.com\/index.php?rest_route=%2Fwp%2Fv2%2Fcategories&post=226839"},{"taxonomy":"post_tag","embeddable":true,"href":"https:\/\/oaxacadiaadia.com\/index.php?rest_route=%2Fwp%2Fv2%2Ftags&post=226839"}],"curies":[{"name":"wp","href":"https:\/\/api.w.org\/{rel}","templated":true}]}}