{"id":226836,"date":"2026-09-01T16:04:01","date_gmt":"2026-09-01T22:04:01","guid":{"rendered":"https:\/\/oaxacadiaadia.com\/?p=226836"},"modified":"2026-09-01T16:39:29","modified_gmt":"2026-09-01T22:39:29","slug":"otro-periodista-oaxaqueno-se-siente-en-riesgo","status":"publish","type":"post","link":"https:\/\/oaxacadiaadia.com\/?p=226836","title":{"rendered":"Otro periodista oaxaque\u00f1o, en riesgo"},"content":{"rendered":"\n<figure class=\"wp-block-image size-full\"><a href=\"https:\/\/oaxacadiaadia.com\/wp-content\/uploads\/2026\/09\/Otro-periodista-oaxaqueno-se-siente-en-riesgo.jpg\"><img loading=\"lazy\" decoding=\"async\" width=\"405\" height=\"405\" src=\"https:\/\/oaxacadiaadia.com\/wp-content\/uploads\/2026\/09\/Otro-periodista-oaxaqueno-se-siente-en-riesgo.jpg\" alt=\"\" class=\"wp-image-226837\" srcset=\"https:\/\/oaxacadiaadia.com\/wp-content\/uploads\/2026\/09\/Otro-periodista-oaxaqueno-se-siente-en-riesgo.jpg 405w, https:\/\/oaxacadiaadia.com\/wp-content\/uploads\/2026\/09\/Otro-periodista-oaxaqueno-se-siente-en-riesgo-300x300.jpg 300w, https:\/\/oaxacadiaadia.com\/wp-content\/uploads\/2026\/09\/Otro-periodista-oaxaqueno-se-siente-en-riesgo-150x150.jpg 150w\" sizes=\"auto, (max-width: 405px) 100vw, 405px\" \/><\/a><\/figure>\n\n\n\n<p>*Ernesto Rojas Ayuso denuncia persecuci\u00f3n y difamaci\u00f3n; se\u00f1ala al Secretario de Gobierno y al Consejero Jur\u00eddico, los dos funcionarios del gobierno de Oaxaca<\/p>\n\n\n\n<!--more-->\n\n\n\n<p>Oaxaca, Oaxaca, Martes 01 de Septiembre, 2026, (Fuente: estado20.com, oaxacacapital.mx).- El periodista oaxaque\u00f1o Ernesto Rojas Ayuzo present\u00f3 una queja ante la Defensor\u00eda de los Derechos Humanos del Pueblo de Oaxaca (DDHPO) y una denuncia penal contra el titular de la Secretar\u00eda de Gobierno de Oaxaca (SEGO), Jos\u00e9 de Jes\u00fas Romero L\u00f3pez, y el consejero jur\u00eddico del gobierno de Oaxaca, Geovany V\u00e1squez Sagrero, a quienes se\u00f1ala de una campa\u00f1a de difamaci\u00f3n, hostigamiento y persecuci\u00f3n medi\u00e1tica que, advierte, podr\u00eda escalar al \u00e1mbito judicial.<\/p>\n\n\n\n<p>En su queja, Rojas Ayuzo expone que las amenazas y actos de hostigamiento en su contra se han intensificado durante las \u00faltimas semanas y relaciona este escenario con una solicitud realizada por la Secretar\u00eda de Gobierno a la Fiscal\u00eda General de Oaxaca (FGO) para conocer si existe alguna denuncia penal presentada por \u00e9l contra el gobernador Salom\u00f3n Jara Cruz o contra el propio Jes\u00fas Romero.<\/p>\n\n\n\n<p>El documento, fechado el 20 de agosto de 2026 y firmado por Pablo Arnaud R\u00edos, director jur\u00eddico de la SEGO, solicita al fiscal general Bernardo Rodr\u00edguez Alamilla informar si existen registros de denuncias presentadas por Rojas Ayuzo contra el gobernador o el titular de la Secretar\u00eda de Gobierno.<\/p>\n\n\n\n<p>La dependencia tambi\u00e9n pidi\u00f3 conocer si el periodista hab\u00eda solicitado medidas de protecci\u00f3n.<\/p>\n\n\n\n<p>De acuerdo con el oficio, la informaci\u00f3n tendr\u00eda como prop\u00f3sito que la Secretar\u00eda de Gobierno pudiera, dentro de sus atribuciones, articular acciones interinstitucionales para contribuir a la protecci\u00f3n de la vida e integridad f\u00edsica del comunicador.<\/p>\n\n\n\n<p>Sin embargo, Rojas Ayuzo considera que la solicitud resulta preocupante, debido a que uno de los funcionarios sobre los que ha se\u00f1alado posibles responsabilidades en las amenazas es precisamente el titular de la Sego.<\/p>\n\n\n\n<p>En su queja ante la DDHPO, el periodista afirma contar con informaci\u00f3n, seg\u00fan la cual, aproximadamente seis meses atr\u00e1s, Jes\u00fas Romero habr\u00eda instruido a funcionarios bajo su mando para intentar involucrarlo en delitos en flagrancia y conseguir su detenci\u00f3n.<\/p>\n\n\n\n<p>Ese se\u00f1alamiento forma parte de las acusaciones que Rojas Ayuzo pide sean revisadas por las autoridades competentes y no constituye, hasta ahora, un hecho acreditado judicialmente.<\/p>\n\n\n\n<p>El comunicador sostiene que decidi\u00f3 resguardarse en su domicilio despu\u00e9s de conocer esa informaci\u00f3n y que, al no concretarse esa presunta acci\u00f3n, teme que ahora puedan emprenderse otras v\u00edas para actuar en su contra.<\/p>\n\n\n\n<p>Rojas Ayuzo relaciona estas acciones con el contenido cr\u00edtico de sus publicaciones sobre el gobierno de Oaxaca y expresa preocupaci\u00f3n por su seguridad y la de su familia.<\/p>\n\n\n\n<p>Uno de sus principales temores, expuso, es que la solicitud de informaci\u00f3n a la Fiscal\u00eda pueda convertirse en un antecedente documental previo a una eventual agresi\u00f3n.<\/p>\n\n\n\n<p>Rojas Ayuzo se\u00f1al\u00f3 que su preocupaci\u00f3n cobra especial relevancia, porque el documento fue generado por una dependencia cuyo titular ha sido se\u00f1alado por \u00e9l en denuncias previas.<\/p>\n\n\n\n<p>No es la primera ocasi\u00f3n en que Rojas Ayuzo denuncia p\u00fablicamente una campa\u00f1a en su contra.<\/p>\n\n\n\n<p>El periodista se\u00f1ala que recientemente fue objeto de una campa\u00f1a en redes sociales en la que se le atribuyeron presuntos delitos, lo que considera parte de una estrategia para afectar su honor, credibilidad y ejercicio profesional.<\/p>\n\n\n\n<p>En una denuncia presentada el a\u00f1o pasado, tambi\u00e9n se\u00f1al\u00f3 a Jes\u00fas Romero como presunto responsable de campa\u00f1as de desprestigio y de actos de hostigamiento que, seg\u00fan su versi\u00f3n, habr\u00edan ocurrido, incluso, durante las conferencias ma\u00f1aneras del gobernador Salom\u00f3n Jara.<\/p>\n\n\n\n<p>En aquella denuncia incluy\u00f3 tambi\u00e9n al consejero jur\u00eddico Geovany V\u00e1squez Sagrero y pidi\u00f3 investigar a quien o quienes resultaran responsables.<\/p>\n\n\n\n<p>Ante el incremento de las amenazas, el periodista present\u00f3, adem\u00e1s, una nueva denuncia ante la Fiscal\u00eda General de Oaxaca contra Jes\u00fas Romero.<\/p>\n\n\n\n<p>A partir de esta denuncia se emitieron medidas de protecci\u00f3n a su favor, entre ellas vigilancia en su domicilio.<\/p>\n\n\n\n<p>Sin embargo, afirm\u00f3 que dichas medidas \u00fanicamente se han implementado en tres ocasiones, por lo que solicit\u00f3 que sean reforzadas.<\/p>\n\n\n\n<p>Tambi\u00e9n pidi\u00f3 a la DDHPO intervenir ante lo que considera una situaci\u00f3n de riesgo y cuestion\u00f3 que la Secretar\u00eda de Gobierno solicite informaci\u00f3n sobre posibles denuncias presentadas en contra de su propio titular.<\/p>\n\n\n\n<p>Rojas Ayuzo plante\u00f3 que, si la persona se\u00f1alada en una denuncia participa institucionalmente en una solicitud relacionada con la existencia de esa misma denuncia, existe al menos un elemento que debe ser revisado desde la perspectiva de un posible conflicto de inter\u00e9s, sin que ello implique por s\u00ed mismo la existencia de una actuaci\u00f3n ilegal.<\/p>\n\n\n\n<p>Ante el escenario que denuncia, el periodista solicit\u00f3, adem\u00e1s, su incorporaci\u00f3n al Mecanismo de Protecci\u00f3n para Personas Defensoras de Derechos Humanos y Periodistas.<\/p>\n\n\n\n<p><strong>Jes\u00fas Romero investiga a periodista ante la Fiscal\u00eda; le piden indagar denuncias en su contra pese a carecer de facultades de protecci\u00f3n<\/strong><\/p>\n\n\n\n<p>De este modo, la Secretar\u00eda de Gobierno de Oaxaca (SEGO), encabezada por Jes\u00fas Romero L\u00f3pez, concentra los se\u00f1alamientos de hostigamiento, intimidaci\u00f3n y falta de garant\u00edas contra la prensa cr\u00edtica en la entidad, a pesar del discurso oficial de apertura y respeto a la libertad de expresi\u00f3n pregonado en mesas de trabajo con el gremio.<\/p>\n\n\n\n<p>Esta actuaci\u00f3n qued\u00f3 evidenciada en un oficio con fecha del 24 de agosto de 2026, mediante el cual Pablo Gabriel Arnaud R\u00edos, Director Jur\u00eddico de la Subsecretar\u00eda de Desarrollo Democr\u00e1tico de la Sego, mand\u00f3 a investigar a la Fiscal\u00eda General del Estado (FGE) sobre la situaci\u00f3n legal del periodista Ernesto Rojas Ayuzo.<\/p>\n\n\n\n<p>En el documento, la dependencia solicit\u00f3 a la Fiscal\u00eda informar si existen registros de denuncias en contra del Gobernador o del titular de la Secretar\u00eda de Gobierno interpuestas por el comunicador, as\u00ed como antecedentes de medidas de protecci\u00f3n.<\/p>\n\n\n\n<p>El requerimiento ha generado serias dudas debido a que la Sego carece de facultades legales para dictar, coordinar o gestionar medidas de protecci\u00f3n, una atribuci\u00f3n que corresponde exclusivamente a la Fiscal\u00eda o a instancias especializadas.<\/p>\n\n\n\n<p>Ante estos hechos se cuestiona el trasfondo de que la dependencia cuyo titular es directamente se\u00f1alado por el periodista sea la encargada de indagar en la Fiscal\u00eda si este cuenta con denuncias activas en su contra.<\/p>\n\n\n\n<p>El caso mantiene a Rojas Ayuzo resguardado en su domicilio tras denunciar ante la Defensor\u00eda de los Derechos Humanos del Pueblo de Oaxaca (DDHPO) un incremento en el hostigamiento.<\/p>\n\n\n\n<p>El comunicador ha mantenido una cobertura cr\u00edtica en su cuenta de X (@rojasayuzo) sobre presuntas irregularidades vinculadas a Jes\u00fas Romero y al consejero jur\u00eddico Geovany V\u00e1squez Sagrero, y sostiene que hace aproximadamente seis meses recibi\u00f3 informaci\u00f3n sobre un intento de funcionarios de la Sego para fabricarle delitos en flagrancia y detenerlo, se\u00f1alamiento que Romero L\u00f3pez ha negado.<\/p>\n\n\n\n<p>Aunque la Fiscal\u00eda le otorg\u00f3 medidas de protecci\u00f3n tras una denuncia formal, Rojas Ayuzo asegura que la vigilancia policial en su domicilio solo se ha ejecutado en tres ocasiones, por lo que exigi\u00f3 reforzar los dispositivos de seguridad e incorporarse formalmente al Mecanismo de Protecci\u00f3n para Personas Defensoras de Derechos Humanos y Periodistas.<\/p>\n\n\n\n<p>La actuaci\u00f3n de la Secretar\u00eda de Gobierno se cruza con otros episodios de presi\u00f3n contra comunicadores en el estado. El periodista Juan Carlos Zavala D\u00edaz fue estigmatizado luego de que el consejero jur\u00eddico Geovany V\u00e1squez Sagrero cuestionara p\u00fablicamente una de sus investigaciones, un caso documentado por Art\u00edculo 19 que tambi\u00e9n deriv\u00f3 en una queja ante la DDHPO.<\/p>\n\n\n\n<p>El clima de riesgo para la prensa cr\u00edtica en Oaxaca escal\u00f3 de forma tr\u00e1gica con el asesinato del periodista Francisco Alejandro Leyva Aguilar, ocurrido en julio pasado en San Pablo Etla.<\/p>\n\n\n\n<p>Por todo lo anterior, el periodista de Oaxaca Ernesto Rojas Ayuzo, denunci\u00f3 el aumento de amenazas y hostigamiento, responsabilizando al Secretario de Gobierno Jes\u00fas Romero L\u00f3pez, y alerta por su seguridad y la de su familia.<\/p>\n\n\n\n<p>Su preocupaci\u00f3n aument\u00f3 luego que la SEGO solicitara a la Fiscal\u00eda informaci\u00f3n sobre posibles denuncias de Rojas contra Salom\u00f3n Jara y el propio Romero, adem\u00e1s de preguntar si cuenta con medidas de protecci\u00f3n.<\/p>\n\n\n\n<p>El periodista pide reforzar su seguridad y ser incorporado al Mecanismo de Protecci\u00f3n para Periodistas.<\/p>\n\n\n\n<p>Fue por eso que Rojas Ayuzo present\u00f3 una queja ante la DDHPO y una denuncia penal ante la Fiscal\u00eda de Oaxaca contra el secretario de Gobierno, Jes\u00fas Romero L\u00f3pez, y el consejero jur\u00eddico, Geovany V\u00e1squez Sagrero.<\/p>\n\n\n\n<p>Rojas Ayuzo acusa a funcionarios estatales de presuntamente orquestar una campa\u00f1a de difamaci\u00f3n y una persecuci\u00f3n en su contra, que \u2014afirma\u2014 podr\u00eda escalar al \u00e1mbito judicial.<\/p>\n\n\n\n<p>El comunicador sostiene que desde hace meses existir\u00eda una intenci\u00f3n de fabricarle delitos para detenerlo, incluso de \u00edndole sexual, con la presunta participaci\u00f3n de una mujer y elementos policiacos.<\/p>\n\n\n\n<p>Tambi\u00e9n denunci\u00f3 amenazas y ataques en redes sociales que, asegura, se han prolongado durante dos a\u00f1os.<\/p>\n\n\n\n<p>Como parte de sus se\u00f1alamientos, cuestion\u00f3 un oficio fechado el 20 de agosto, mediante el cual la Secretar\u00eda de Gobierno solicit\u00f3 a la Fiscal\u00eda informaci\u00f3n sobre posibles denuncias penales contra Jes\u00fas Romero L\u00f3pez y el gobernador Salom\u00f3n Jara Cruz, bajo el argumento de gestionar acciones para salvaguardar al periodista.<\/p>\n\n\n\n<p>Ante lo que considera una situaci\u00f3n de riesgo, Ernesto Rojas solicit\u00f3 su incorporaci\u00f3n al Mecanismo Federal de Protecci\u00f3n para Personas Defensoras de Derechos Humanos y Periodistas.<\/p>\n\n\n\n<p><strong>Posicionamiento p\u00fablico del periodista Ernesto Rojas Ayuzo: \u201cNo quiero convertirme en una cifra m\u00e1s de la violencia contra periodistas\u201d<\/strong><\/p>\n\n\n\n<p>Ante los hechos ocurridos durante las \u00faltimas semanas y el aumento de las amenazas y actos de hostigamiento relacionados con mi trabajo period\u00edstico, considero necesario hacer p\u00fablico lo que est\u00e1 ocurriendo y llevar este caso m\u00e1s all\u00e1 de Oaxaca.<\/p>\n\n\n\n<p>En M\u00e9xico sabemos lo que significa ejercer el periodismo bajo amenaza. Conocemos demasiadas historias de reporteros que denunciaron intimidaciones, pidieron ayuda y, cuando las autoridades reaccionaron, ya era demasiado tarde.<\/p>\n\n\n\n<p>No quiero que eso ocurra conmigo. No quiero convertirme en una cifra m\u00e1s.<\/p>\n\n\n\n<p>He presentado ante las autoridades correspondientes denuncias y quejas por hechos relacionados con mi actividad period\u00edstica. Entre ellas existe una denuncia contra Jes\u00fas Romero L\u00f3pez, titular de la Secretar\u00eda General de Gobierno de Oaxaca, por hechos que denunci\u00e9 como hostigamiento, agresi\u00f3n y actos contra la libertad de expresi\u00f3n.<\/p>\n\n\n\n<p>Ser\u00e1 responsabilidad de las autoridades investigar y determinar jur\u00eddicamente lo ocurrido. Pero tambi\u00e9n es mi responsabilidad dejar constancia p\u00fablica de los antecedentes y advertir sobre cualquier situaci\u00f3n que pueda poner en riesgo mi integridad o la de mi familia.<\/p>\n\n\n\n<p>Por esa raz\u00f3n, ante cualquier acto de intimidaci\u00f3n, persecuci\u00f3n, agresi\u00f3n o acci\u00f3n ilegal en mi contra, responsabilizo p\u00fablicamente a Jes\u00fas Romero L\u00f3pez, considerando los antecedentes que ya fueron puestos en conocimiento de las instituciones competentes.<\/p>\n\n\n\n<p>Mi preocupaci\u00f3n no nace de una diferencia pol\u00edtica ni de una discusi\u00f3n personal.<\/p>\n\n\n\n<p>Tiene que ver con mi trabajo como periodista, con lo que investigo, cuestiono y publico.<\/p>\n\n\n\n<p>En un pa\u00eds donde periodistas han sido amenazados, perseguidos y asesinados por hacer su trabajo, ninguna advertencia debe minimizarse.<\/p>\n\n\n\n<p>Esperar a que ocurra una tragedia para actuar no puede seguir siendo la respuesta institucional.<\/p>\n\n\n\n<p>No busco privilegios ni pretendo victimizarme. Busco algo elemental: poder ejercer el periodismo sin miedo y que las instituciones hagan su trabajo antes de que sea demasiado tarde.<\/p>\n\n\n\n<p>En este sentido, quiero se\u00f1alar que un documento oficial emitido por la Secretar\u00eda de Gobierno me ha puesto en alerta.<\/p>\n\n\n\n<p>En dicho documento, el propio secretario de Gobierno reconoce la existencia de antecedentes relacionados con mi persona; sin embargo, al mismo tiempo expresa que no cuenta con mecanismos de protecci\u00f3n a su alcance, ni tiene atribuciones para garantizar mi seguridad.<\/p>\n\n\n\n<p>Asimismo, considero que la Secretar\u00eda de Gobierno no tiene por qu\u00e9 solicitar a la Fiscal\u00eda General del Estado que le informe si he presentado denuncias en su contra o si he pedido medidas de protecci\u00f3n.<\/p>\n\n\n\n<p>&nbsp;Esa informaci\u00f3n pertenece al \u00e1mbito de mis decisiones ante las autoridades competentes.<\/p>\n\n\n\n<p>Hago un llamado a las autoridades estatales y federales, a los organismos defensores de derechos humanos y a las organizaciones nacionales e internacionales de protecci\u00f3n a periodistas para que conozcan y den seguimiento a este caso.<\/p>\n\n\n\n<p>Seguir\u00e9 haciendo periodismo. Seguir\u00e9 investigando, preguntando y publicando informaci\u00f3n de inter\u00e9s p\u00fablico.<\/p>\n\n\n\n<p>&nbsp;Las amenazas no pueden convertirse en un mecanismo para imponer silencio.<\/p>\n\n\n\n<p>Las autoridades ya conocen los antecedentes.<\/p>\n\n\n\n<p>Ahora tienen la responsabilidad de investigar, prevenir cualquier agresi\u00f3n y garantizar mi seguridad, la de mi familia y mi derecho a ejercer libremente el periodismo.<\/p>\n\n\n\n<p>No quiero que ma\u00f1ana se diga que nadie sab\u00eda lo que estaba pasando.<\/p>\n\n\n\n<p>Por eso lo denuncio hoy.<\/p>\n\n\n\n<p><strong>Ernesto Rojas Ayuzo<\/strong><\/p>\n\n\n\n<p><strong>Periodista<\/strong><\/p>\n","protected":false},"excerpt":{"rendered":"<p>*Ernesto Rojas Ayuso denuncia persecuci\u00f3n y difamaci\u00f3n; se\u00f1ala al Secretario de Gobierno y al Consejero Jur\u00eddico, los dos funcionarios del<\/p>\n","protected":false},"author":1,"featured_media":226837,"comment_status":"closed","ping_status":"closed","sticky":false,"template":"","format":"standard","meta":{"footnotes":""},"categories":[11,3,4,14],"tags":[],"class_list":["post-226836","post","type-post","status-publish","format-standard","has-post-thumbnail","hentry","category-capital","category-las-destacadas","category-policiaca","category-titulares"],"_links":{"self":[{"href":"https:\/\/oaxacadiaadia.com\/index.php?rest_route=\/wp\/v2\/posts\/226836","targetHints":{"allow":["GET"]}}],"collection":[{"href":"https:\/\/oaxacadiaadia.com\/index.php?rest_route=\/wp\/v2\/posts"}],"about":[{"href":"https:\/\/oaxacadiaadia.com\/index.php?rest_route=\/wp\/v2\/types\/post"}],"author":[{"embeddable":true,"href":"https:\/\/oaxacadiaadia.com\/index.php?rest_route=\/wp\/v2\/users\/1"}],"replies":[{"embeddable":true,"href":"https:\/\/oaxacadiaadia.com\/index.php?rest_route=%2Fwp%2Fv2%2Fcomments&post=226836"}],"version-history":[{"count":2,"href":"https:\/\/oaxacadiaadia.com\/index.php?rest_route=\/wp\/v2\/posts\/226836\/revisions"}],"predecessor-version":[{"id":226864,"href":"https:\/\/oaxacadiaadia.com\/index.php?rest_route=\/wp\/v2\/posts\/226836\/revisions\/226864"}],"wp:featuredmedia":[{"embeddable":true,"href":"https:\/\/oaxacadiaadia.com\/index.php?rest_route=\/wp\/v2\/media\/226837"}],"wp:attachment":[{"href":"https:\/\/oaxacadiaadia.com\/index.php?rest_route=%2Fwp%2Fv2%2Fmedia&parent=226836"}],"wp:term":[{"taxonomy":"category","embeddable":true,"href":"https:\/\/oaxacadiaadia.com\/index.php?rest_route=%2Fwp%2Fv2%2Fcategories&post=226836"},{"taxonomy":"post_tag","embeddable":true,"href":"https:\/\/oaxacadiaadia.com\/index.php?rest_route=%2Fwp%2Fv2%2Ftags&post=226836"}],"curies":[{"name":"wp","href":"https:\/\/api.w.org\/{rel}","templated":true}]}}