{"id":226833,"date":"2026-09-01T16:03:16","date_gmt":"2026-09-01T22:03:16","guid":{"rendered":"https:\/\/oaxacadiaadia.com\/?p=226833"},"modified":"2026-09-01T16:40:05","modified_gmt":"2026-09-01T22:40:05","slug":"en-oaxaca-arranca-ciclo-escolar","status":"publish","type":"post","link":"https:\/\/oaxacadiaadia.com\/?p=226833","title":{"rendered":"En Oaxaca arranc\u00f3 ciclo escolar"},"content":{"rendered":"\n<figure class=\"wp-block-image size-full\"><a href=\"http:\/\/oaxacadiaadia.com\/wp-content\/uploads\/2026\/01\/Oaxaca-No-volvieron-a-clases-79-escuelas.jpg\"><img loading=\"lazy\" decoding=\"async\" width=\"410\" height=\"274\" src=\"http:\/\/oaxacadiaadia.com\/wp-content\/uploads\/2026\/01\/Oaxaca-No-volvieron-a-clases-79-escuelas.jpg\" alt=\"\" class=\"wp-image-219954\" srcset=\"https:\/\/oaxacadiaadia.com\/wp-content\/uploads\/2026\/01\/Oaxaca-No-volvieron-a-clases-79-escuelas.jpg 410w, https:\/\/oaxacadiaadia.com\/wp-content\/uploads\/2026\/01\/Oaxaca-No-volvieron-a-clases-79-escuelas-300x200.jpg 300w\" sizes=\"auto, (max-width: 410px) 100vw, 410px\" \/><\/a><\/figure>\n\n\n\n<p>*El IEEPO abre debate sobre celulares y anuncia 2 mil 388 contrataciones<\/p>\n\n\n\n<!--more-->\n\n\n\n<p>Oaxaca, Oaxaca, Martes 01 de Septiembre, 2026, (Fuente: X: @jaimeguerrero08).- Un total de 812 mil 900 estudiantes de educaci\u00f3n b\u00e1sica inici\u00f3 oficialmente este lunes el ciclo escolar 2026-2027 en Oaxaca, en 12 mil 40 escuelas p\u00fablicas y particulares, en una jornada marcada por la incorporaci\u00f3n de nuevo personal docente y el anuncio del IEEPO de abrir el debate sobre el uso de tel\u00e9fonos celulares en las aulas.<\/p>\n\n\n\n<p>El regreso ocurre conforme al calendario oficial de la Secretar\u00eda de Educaci\u00f3n P\u00fablica (SEP), que establece el 31 de agosto como inicio del ciclo de 185 d\u00edas para preescolar, primaria y secundaria, pese a que la Secci\u00f3n 22 del SNTE-CNTE hab\u00eda fijado en su calendario alternativo el 24 de agosto.<\/p>\n\n\n\n<p>Aunque el sindicato realiz\u00f3 un acto de apertura una semana antes en San Blas Atempa, el regreso anticipado no se generaliz\u00f3 y numerosos planteles mantuvieron el 31 de agosto como fecha para recibir al alumnado.<\/p>\n\n\n\n<p>El director general del Instituto Estatal de Educaci\u00f3n P\u00fablica de Oaxaca (IEEPO), Emilio Montero P\u00e9rez, destac\u00f3 que los acuerdos alcanzados entre los gobiernos federal y estatal y la Secci\u00f3n 22 permitieron la contrataci\u00f3n de mil 392 docentes y Personal de Apoyo y Asistencia a la Educaci\u00f3n (PAAE), adem\u00e1s de 996 egresados de las 11 escuelas normales p\u00fablicas de Oaxaca.<\/p>\n\n\n\n<p>En total, de acuerdo con las cifras planteadas por el funcionario, son 2 mil 388 incorporaciones para el nuevo periodo escolar.<\/p>\n\n\n\n<p>Los acuerdos derivan de las mesas tripartitas sostenidas entre el Gobierno de Claudia Sheinbaum, la administraci\u00f3n de Salom\u00f3n Jara Cruz y la dirigencia de la Secci\u00f3n 22.<\/p>\n\n\n\n<p>El IEEPO inform\u00f3 previamente que el proceso de incorporaci\u00f3n de normalistas forma parte de los compromisos alcanzados con el magisterio oaxaque\u00f1o. El pasado 26 de agosto report\u00f3 la asignaci\u00f3n de plazas y centros de trabajo a 982 egresados normalistas y nueve becarios de la Estrategia Nacional de Iniciaci\u00f3n a la Docencia en el Medio Ind\u00edgena.<\/p>\n\n\n\n<p>Para continuar con el cumplimiento de los acuerdos, una nueva mesa tripartita est\u00e1 programada para el pr\u00f3ximo 2 de septiembre en la Ciudad de M\u00e9xico.<\/p>\n\n\n\n<p>El arranque moviliz\u00f3 a 53 mil 419 maestras y maestros frente a grupo en las ocho regiones de Oaxaca. El IEEPO report\u00f3 que alrededor del 95 por ciento de los planteles se encontraba en condiciones adecuadas para comenzar actividades.<\/p>\n\n\n\n<p>Sin embargo, al menos 26 escuelas no iniciaron actividades: tres por conflictos agrarios, siete por problemas internos, cuatro por falta de docentes y 14 sin registro de alumnado, de acuerdo con informaci\u00f3n proporcionada por la Direcci\u00f3n de Planeaci\u00f3n del IEEPO.<\/p>\n\n\n\n<p><strong>IEEPO abre debate sobre celulares<\/strong><\/p>\n\n\n\n<p>Montero P\u00e9rez plante\u00f3 adem\u00e1s que durante el nuevo ciclo escolar deber\u00e1 discutirse el uso de tel\u00e9fonos celulares dentro de los salones.<\/p>\n\n\n\n<p>\u201cVamos a entrarle con responsabilidad al debate en torno al uso de celulares en las aulas, sin prejuicios, pensando en el mejor desarrollo de nuestros hijos e hijas\u201d, se\u00f1al\u00f3.<\/p>\n\n\n\n<p>El planteamiento coincide con la discusi\u00f3n nacional impulsada por la SEP sobre el uso de dispositivos digitales en las escuelas.<\/p>\n\n\n\n<p>El director del IEEPO tambi\u00e9n llam\u00f3 a gobiernos, familias, sociedad y magisterio a trabajar conjuntamente contra el bullying, la violencia de g\u00e9nero, la discriminaci\u00f3n y las adicciones en los planteles.<\/p>\n\n\n\n<p>El ciclo escolar oficial concluir\u00e1 el 9 de julio de 2027 y contempla ocho sesiones ordinarias del Consejo T\u00e9cnico Escolar, adem\u00e1s de dos periodos de receso.<\/p>\n\n\n\n<p><strong>Sheinbaum pone en marcha \u201cEl ABC de las emociones\u201d en escuelas; estrategia surge tras ataques violentos de estudiantes<\/strong><\/p>\n\n\n\n<p>Por su parte, la presidenta Claudia Sheinbaum puso en marcha este lunes la estrategia nacional \u201cEl ABC de las emociones\u201d, que llevar\u00e1 actividades semanales de salud mental a secundarias y bachilleratos del pa\u00eds, como respuesta a los problemas emocionales entre adolescentes y tras episodios de violencia registrados en planteles de Michoac\u00e1n y la Ciudad de M\u00e9xico.<\/p>\n\n\n\n<p>Durante el arranque del ciclo escolar 2026-2027, en la Secundaria T\u00e9cnica n\u00famero 10 \u201cArtes Gr\u00e1ficas\u201d, en la Ciudad de M\u00e9xico, la mandataria explic\u00f3 que los lunes se abrir\u00e1n espacios para que estudiantes y docentes hablen sobre emociones, ansiedad, relaciones personales y los efectos del uso excesivo de redes sociales y dispositivos digitales.<\/p>\n\n\n\n<p>\u201cLos lunes lo vamos a poder platicar en el sal\u00f3n de clases y adem\u00e1s el Gobierno va a estar cerca de todas y todos los adolescentes\u201d, afirm\u00f3 Sheinbaum.<\/p>\n\n\n\n<p>La estrategia est\u00e1 dirigida principalmente a j\u00f3venes de 14 a 18 a\u00f1os y tendr\u00e1 un enfoque preventivo y comunitario. En tercero de secundaria se destinar\u00e1 una hora semanal para actividades socioemocionales, con una cobertura estimada de 1.8 millones de alumnos.<\/p>\n\n\n\n<p>En bachillerato, donde la matr\u00edcula ronda los 5 millones de estudiantes, tambi\u00e9n habr\u00e1 una hora semanal para abordar de manera transversal temas relacionados con bienestar emocional, convivencia y construcci\u00f3n de redes de apoyo.<\/p>\n\n\n\n<p>La subsecretaria de Educaci\u00f3n Media Superior, Tania Rodr\u00edguez Mora, inform\u00f3 que fueron impresas 16 millones de gu\u00edas: 7.5 millones para estudiantes, igual n\u00famero para madres, padres y personas cuidadoras, y un mill\u00f3n para docentes.<\/p>\n\n\n\n<p>Los materiales incluyen ejercicios para reconocer emociones, identificar cu\u00e1ndo es necesario pedir ayuda, cuidar a otras personas, fortalecer relaciones comunitarias y reflexionar sobre el uso de celulares, redes sociales, inteligencia artificial y otras tecnolog\u00edas.<\/p>\n\n\n\n<p>La estrategia fue dise\u00f1ada despu\u00e9s de episodios de violencia protagonizados por estudiantes, entre ellos el ataque ocurrido el 24 de marzo en el Instituto Educativo Ant\u00f3n Mak\u00e1renko, de L\u00e1zaro C\u00e1rdenas, Michoac\u00e1n.<\/p>\n\n\n\n<p>Ese d\u00eda, un alumno de 15 a\u00f1os ingres\u00f3 al plantel con un rifle semiautom\u00e1tico AR-15 y asesin\u00f3 a las profesoras Mariana del Rosario Sagrero y Tatiana Madrigal Bedolla. Antes del ataque hab\u00eda difundido en redes sociales im\u00e1genes y un video con el arma.<\/p>\n\n\n\n<p>Sheinbaum plante\u00f3 fortalecer la atenci\u00f3n a la salud mental y analizar el impacto que las redes sociales, comunidades digitales y el uso intensivo de dispositivos tienen sobre ni\u00f1as, ni\u00f1os y adolescentes.<\/p>\n\n\n\n<p>\u201cEl ABC de las emociones\u201d contempla tambi\u00e9n asambleas con madres, padres y personas cuidadoras entre octubre y diciembre, as\u00ed como actividades did\u00e1cticas, sociodramas, ejercicios colectivos y acompa\u00f1amiento a docentes.<\/p>\n\n\n\n<p>A partir del 23 de septiembre, servidores p\u00fablicos acudir\u00e1n a planteles para realizar jornadas de lectura, reflexi\u00f3n y di\u00e1logo con estudiantes, acompa\u00f1ados por brigadas del sector salud.<\/p>\n\n\n\n<p>El esquema se complementar\u00e1 con 60 Centros Comunitarios \u201cM\u00e9xico Imparable\u201d, donde habr\u00e1 actividades deportivas, culturales y atenci\u00f3n relacionada con salud mental.<\/p>\n\n\n\n<p>Los casos que requieran atenci\u00f3n especializada podr\u00e1n ser canalizados a la L\u00ednea de la Vida, que opera las 24 horas, los siete d\u00edas de la semana, en el 800 911 2000.<\/p>\n\n\n\n<p>Sheinbaum adelant\u00f3 adem\u00e1s que ella misma acudir\u00e1 al menos una vez al mes a planteles escolares para participar en las jornadas de lectura y convivencia con estudiantes.<\/p>\n","protected":false},"excerpt":{"rendered":"<p>*El IEEPO abre debate sobre celulares y anuncia 2 mil 388 contrataciones<\/p>\n","protected":false},"author":1,"featured_media":219954,"comment_status":"closed","ping_status":"closed","sticky":false,"template":"","format":"standard","meta":{"footnotes":""},"categories":[11,3,13],"tags":[],"class_list":["post-226833","post","type-post","status-publish","format-standard","has-post-thumbnail","hentry","category-capital","category-las-destacadas","category-nacional"],"_links":{"self":[{"href":"https:\/\/oaxacadiaadia.com\/index.php?rest_route=\/wp\/v2\/posts\/226833","targetHints":{"allow":["GET"]}}],"collection":[{"href":"https:\/\/oaxacadiaadia.com\/index.php?rest_route=\/wp\/v2\/posts"}],"about":[{"href":"https:\/\/oaxacadiaadia.com\/index.php?rest_route=\/wp\/v2\/types\/post"}],"author":[{"embeddable":true,"href":"https:\/\/oaxacadiaadia.com\/index.php?rest_route=\/wp\/v2\/users\/1"}],"replies":[{"embeddable":true,"href":"https:\/\/oaxacadiaadia.com\/index.php?rest_route=%2Fwp%2Fv2%2Fcomments&post=226833"}],"version-history":[{"count":2,"href":"https:\/\/oaxacadiaadia.com\/index.php?rest_route=\/wp\/v2\/posts\/226833\/revisions"}],"predecessor-version":[{"id":226865,"href":"https:\/\/oaxacadiaadia.com\/index.php?rest_route=\/wp\/v2\/posts\/226833\/revisions\/226865"}],"wp:featuredmedia":[{"embeddable":true,"href":"https:\/\/oaxacadiaadia.com\/index.php?rest_route=\/wp\/v2\/media\/219954"}],"wp:attachment":[{"href":"https:\/\/oaxacadiaadia.com\/index.php?rest_route=%2Fwp%2Fv2%2Fmedia&parent=226833"}],"wp:term":[{"taxonomy":"category","embeddable":true,"href":"https:\/\/oaxacadiaadia.com\/index.php?rest_route=%2Fwp%2Fv2%2Fcategories&post=226833"},{"taxonomy":"post_tag","embeddable":true,"href":"https:\/\/oaxacadiaadia.com\/index.php?rest_route=%2Fwp%2Fv2%2Ftags&post=226833"}],"curies":[{"name":"wp","href":"https:\/\/api.w.org\/{rel}","templated":true}]}}