{"id":226830,"date":"2026-09-01T16:01:57","date_gmt":"2026-09-01T22:01:57","guid":{"rendered":"https:\/\/oaxacadiaadia.com\/?p=226830"},"modified":"2026-09-01T16:01:58","modified_gmt":"2026-09-01T22:01:58","slug":"mixtepec-y-yosonama-se-recriminan-mutuamente","status":"publish","type":"post","link":"https:\/\/oaxacadiaadia.com\/?p=226830","title":{"rendered":"Mixtepec y Yoso\u00f1ama se recriminan mutuamente"},"content":{"rendered":"\n<figure class=\"wp-block-image size-full\"><a href=\"https:\/\/oaxacadiaadia.com\/wp-content\/uploads\/2026\/09\/Mixtepec-y-Yosonama-se-recriminan-mutuamente.jpg\"><img loading=\"lazy\" decoding=\"async\" width=\"408\" height=\"272\" src=\"https:\/\/oaxacadiaadia.com\/wp-content\/uploads\/2026\/09\/Mixtepec-y-Yosonama-se-recriminan-mutuamente.jpg\" alt=\"\" class=\"wp-image-226831\" srcset=\"https:\/\/oaxacadiaadia.com\/wp-content\/uploads\/2026\/09\/Mixtepec-y-Yosonama-se-recriminan-mutuamente.jpg 408w, https:\/\/oaxacadiaadia.com\/wp-content\/uploads\/2026\/09\/Mixtepec-y-Yosonama-se-recriminan-mutuamente-300x200.jpg 300w\" sizes=\"auto, (max-width: 408px) 100vw, 408px\" \/><\/a><\/figure>\n\n\n\n<!--more-->\n\n\n\n<p>Oaxaca, Oaxaca, Martes 01 de Septiembre, 2026, (Fuente: Agencia Zona Roja).- El Comisariado de Bienes Comunales de San Juan Mixtepec (del distrito de Juxtlahuaca) refut\u00f3 las acusaciones de Santo Domingo Yosoyama (del distrito de Tlaxiaco), que dejaron el fin de semana el saldo de una persona fallecida en la regi\u00f3n Mixteca de Oaxaca.<\/p>\n\n\n\n<p>En un comunicado, reconoci\u00f3 que s\u00ed hubo agresiones armadas el 29 de agosto en la comunidad La Batea, por parte de \u201cun grupo encapuchado y armado que se encontraba cerca del pante\u00f3n\u201d y que alcanzaron a una familia que se encontraba realizando un novenario.<\/p>\n\n\n\n<p>La agresi\u00f3n del pasado 29 de agosto dej\u00f3 un veh\u00edculo da\u00f1ado, pero no especifica si hubo heridos o fallecidos en esos hechos que sucedieron pr\u00e1cticamente durante todo el d\u00eda.<\/p>\n\n\n\n<p>Tras ello, el comisariado dio aviso al gobierno estatal, pero inform\u00f3 que hasta ayer domingo no hab\u00eda presencia de elementos de la Secretar\u00eda de Seguridad y Protecci\u00f3n Ciudadana estatal.<\/p>\n\n\n\n<p>Reafirm\u00f3 su compromiso con el respeto a la firma de un convenio de no agresi\u00f3n y dijo que no hay necesidad de ataques armados, pues Mixtepec es el posesionario leg\u00edtimo de las tierras en disputa con Yoso\u00f1ama.<\/p>\n\n\n\n<p>\u201cLos habitantes y la autoridad comunal de San Juan Mixtepec condenamos los hechos de violencia y exigimos que se aclare ese y todos los cr\u00edmenes cometidos en la regi\u00f3n, y que no se acuse sin fundamento a nadie\u201d.<\/p>\n\n\n\n<p>Tras ello, la Secretar\u00eda de Gobierno de Oaxaca emiti\u00f3 ayer por la tarde su comunicado en que convoc\u00f3 a las partes a respetar los acuerdos de paz y de no agresi\u00f3n, refrendado el pasado 21 de julio en el Palacio de Gobierno.<\/p>\n\n\n\n<p>\u201cNinguna diferencia territorial puede estar por encima de los compromisos asumidos ni ser utilizada como justificaci\u00f3n para recurrir a la violencia\u201d, difundi\u00f3.<\/p>\n\n\n\n<p>En su comunicado dijo que se reforz\u00f3 la vigilancia en la zona en disputa y llam\u00f3 a los dos pueblos a retomar el di\u00e1logo y privilegiar la paz social.<\/p>\n","protected":false},"excerpt":{"rendered":"","protected":false},"author":1,"featured_media":226831,"comment_status":"closed","ping_status":"closed","sticky":false,"template":"","format":"standard","meta":{"footnotes":""},"categories":[3,7,4],"tags":[],"class_list":["post-226830","post","type-post","status-publish","format-standard","has-post-thumbnail","hentry","category-las-destacadas","category-municipal","category-policiaca"],"_links":{"self":[{"href":"https:\/\/oaxacadiaadia.com\/index.php?rest_route=\/wp\/v2\/posts\/226830","targetHints":{"allow":["GET"]}}],"collection":[{"href":"https:\/\/oaxacadiaadia.com\/index.php?rest_route=\/wp\/v2\/posts"}],"about":[{"href":"https:\/\/oaxacadiaadia.com\/index.php?rest_route=\/wp\/v2\/types\/post"}],"author":[{"embeddable":true,"href":"https:\/\/oaxacadiaadia.com\/index.php?rest_route=\/wp\/v2\/users\/1"}],"replies":[{"embeddable":true,"href":"https:\/\/oaxacadiaadia.com\/index.php?rest_route=%2Fwp%2Fv2%2Fcomments&post=226830"}],"version-history":[{"count":1,"href":"https:\/\/oaxacadiaadia.com\/index.php?rest_route=\/wp\/v2\/posts\/226830\/revisions"}],"predecessor-version":[{"id":226832,"href":"https:\/\/oaxacadiaadia.com\/index.php?rest_route=\/wp\/v2\/posts\/226830\/revisions\/226832"}],"wp:featuredmedia":[{"embeddable":true,"href":"https:\/\/oaxacadiaadia.com\/index.php?rest_route=\/wp\/v2\/media\/226831"}],"wp:attachment":[{"href":"https:\/\/oaxacadiaadia.com\/index.php?rest_route=%2Fwp%2Fv2%2Fmedia&parent=226830"}],"wp:term":[{"taxonomy":"category","embeddable":true,"href":"https:\/\/oaxacadiaadia.com\/index.php?rest_route=%2Fwp%2Fv2%2Fcategories&post=226830"},{"taxonomy":"post_tag","embeddable":true,"href":"https:\/\/oaxacadiaadia.com\/index.php?rest_route=%2Fwp%2Fv2%2Ftags&post=226830"}],"curies":[{"name":"wp","href":"https:\/\/api.w.org\/{rel}","templated":true}]}}