{"id":226822,"date":"2026-09-01T15:59:58","date_gmt":"2026-09-01T21:59:58","guid":{"rendered":"https:\/\/oaxacadiaadia.com\/?p=226822"},"modified":"2026-09-01T15:59:59","modified_gmt":"2026-09-01T21:59:59","slug":"no-hay-porque-meternos-el-pie-debemos-impulsar-una-agenda-por-oaxaca","status":"publish","type":"post","link":"https:\/\/oaxacadiaadia.com\/?p=226822","title":{"rendered":"\u201cNo hay porqu\u00e9 meternos el pie; debemos impulsar una agenda por Oaxaca\u201d"},"content":{"rendered":"\n<figure class=\"wp-block-image size-full\"><a href=\"https:\/\/oaxacadiaadia.com\/wp-content\/uploads\/2026\/09\/No-hay-porque-meternos-el-pie-debemos-impulsar-una-agenda-por-Oaxaca.jpg\"><img loading=\"lazy\" decoding=\"async\" width=\"410\" height=\"273\" src=\"https:\/\/oaxacadiaadia.com\/wp-content\/uploads\/2026\/09\/No-hay-porque-meternos-el-pie-debemos-impulsar-una-agenda-por-Oaxaca.jpg\" alt=\"\" class=\"wp-image-226823\" srcset=\"https:\/\/oaxacadiaadia.com\/wp-content\/uploads\/2026\/09\/No-hay-porque-meternos-el-pie-debemos-impulsar-una-agenda-por-Oaxaca.jpg 410w, https:\/\/oaxacadiaadia.com\/wp-content\/uploads\/2026\/09\/No-hay-porque-meternos-el-pie-debemos-impulsar-una-agenda-por-Oaxaca-300x200.jpg 300w\" sizes=\"auto, (max-width: 410px) 100vw, 410px\" \/><\/a><\/figure>\n\n\n\n<p>*El diputado federal Ra\u00fal Bola\u00f1os Cacho Cu\u00e9 no niega aspiraci\u00f3n por Oaxaca en 2028, pero marca l\u00ednea: \u201chay un jefe pol\u00edtico\u201d, respalda a Salom\u00f3n Jara y apuesta por la institucionalidad<\/p>\n\n\n\n<!--more-->\n\n\n\n<p>Oaxaca, Oaxaca, Martes 01 de Septiembre, 2026, (Fuente: X: @jaimeguerrero08).- El diputado federal por Oaxaca del PVEM, Ra\u00fal Bola\u00f1os Cacho Cu\u00e9, reconoci\u00f3 que mantiene una aspiraci\u00f3n leg\u00edtima por gobernar Oaxaca, pero advirti\u00f3 que los tiempos pol\u00edticos deben respetarse: hoy, dijo, el estado tiene un jefe pol\u00edtico, Salom\u00f3n Jara Cruz, a quien los integrantes de la coalici\u00f3n Morena-PT-PVEM deben respaldar desde la institucionalidad.<\/p>\n\n\n\n<p>\u201cYo no voy a negar que tengo una aspiraci\u00f3n leg\u00edtima, pero no soy de los que piensa m\u00e1s all\u00e1 del presente inmediato\u201d, afirm\u00f3, al ser cuestionado sobre el escenario pol\u00edtico rumbo a la gubernatura de dos a\u00f1os que se disputar\u00e1 en Oaxaca en 2028.<\/p>\n\n\n\n<p>A unas horas de que la C\u00e1mara de Diputados defina la presidencia de su Mesa Directiva, Bola\u00f1os Cacho sostuvo que cualquier proyecto futuro depender\u00e1 primero de los resultados que entregue en la responsabilidad que est\u00e1 por asumir en San L\u00e1zaro.<\/p>\n\n\n\n<p>\u201cSi yo quisiera tener o construir esa aspiraci\u00f3n leg\u00edtima tendr\u00eda que dar resultados en la responsabilidad que hoy en d\u00eda est\u00e1 por confiarme esta C\u00e1mara de Diputados\u201d, plante\u00f3.<\/p>\n\n\n\n<p>Por ello, asegur\u00f3 que su prioridad inmediata es la votaci\u00f3n prevista para este lunes y, en caso de recibir el respaldo del pleno, desempe\u00f1ar una buena conducci\u00f3n de la Mesa Directiva.<\/p>\n\n\n\n<p>\u201cHoy estoy concentrado en que salga bien la votaci\u00f3n y, en caso de que as\u00ed lo decida la C\u00e1mara de Diputados, pueda ser un gran presidente de la Mesa Directiva. Ya que pase eso hablaremos de Oaxaca y del 28\u201d, expres\u00f3.<\/p>\n\n\n\n<p>Respecto de las diferencias pol\u00edticas que comienzan a observarse en Oaxaca entre actores de MORENA, PT y PVEM, Bola\u00f1os Cacho llam\u00f3 a contener los intereses personales y entender los tiempos.<\/p>\n\n\n\n<p>Consider\u00f3 que por encima de las aspiraciones individuales se encuentra el objetivo de respaldar a la presidenta Claudia Sheinbaum y garantizar resultados desde la coalici\u00f3n gobernante.<\/p>\n\n\n\n<p>\u201cMuchos somos miembros de una misma coalici\u00f3n que tiene un bien superior, que es que le vaya bien a la presidenta Claudia Sheinbaum, porque si le va bien a ella, le va bien a nuestro pa\u00eds\u201d, sostuvo.<\/p>\n\n\n\n<p>En el escenario estatal fue m\u00e1s directo: \u201cOaxaca tiene un jefe pol\u00edtico\u201d, afirm\u00f3 en referencia al gobernador Salom\u00f3n Jara Cruz.<\/p>\n\n\n\n<p>Record\u00f3 que MORENA, PT y PVEM acompa\u00f1aron a Jara Cruz durante su campa\u00f1a y consider\u00f3 que ahora corresponde respaldarlo en el ejercicio de gobierno, respetar sus decisiones y evitar confrontaciones anticipadas por la sucesi\u00f3n.<\/p>\n\n\n\n<p>\u201cDe nada nos sirve estarnos constantemente metiendo el pie entre actores pol\u00edticos de distintas fuerzas, cuando lo que deber\u00edamos hacer es impulsar todos juntos una agenda por Oaxaca\u201d, se\u00f1al\u00f3.<\/p>\n\n\n\n<p>El legislador asegur\u00f3 que mantiene una \u201calianza s\u00f3lida y firme\u201d con el gobernador y revel\u00f3 que este lunes convers\u00f3 telef\u00f3nicamente con \u00e9l para agradecerle el respaldo recibido durante el proceso para encabezar la Mesa Directiva de San L\u00e1zaro.<\/p>\n\n\n\n<p>\u201cYo soy de los que creen en la buena pol\u00edtica y en la institucionalidad. Hoy le corresponde a Salom\u00f3n Jara gobernar y a m\u00ed, desde la C\u00e1mara de Diputados del Congreso de la Uni\u00f3n, me corresponde respaldarlo para que le vaya bien a Oaxaca\u201d, afirm\u00f3.<\/p>\n\n\n\n<p>Sobre la coalici\u00f3n nacional, Bola\u00f1os Cacho consider\u00f3 que permanece s\u00f3lida pese al desencuentro registrado durante la discusi\u00f3n de la reforma electoral, aunque reconoci\u00f3 que existen riesgos de divisi\u00f3n si las fuerzas pol\u00edticas no procesan a tiempo sus definiciones y aspiraciones.<\/p>\n\n\n\n<p>A su juicio, mientras m\u00e1s r\u00e1pido se definan las coordinaciones en los estados donde habr\u00e1 renovaci\u00f3n de gubernaturas, menor ser\u00e1 el riesgo de fracturas internas.<\/p>\n\n\n\n<p>\u201cEl inter\u00e9s superior es respaldar a la presidenta de la Rep\u00fablica como coalici\u00f3n, por encima de cualquier inter\u00e9s personal\u201d, sostuvo.<\/p>\n\n\n\n<p><strong>Ra\u00fal Bola\u00f1os Cacho Cu\u00e9 asume la C\u00e1mara de Diputados; Pleno avala nueva Mesa Directiva<\/strong><\/p>\n\n\n\n<p>Y es que, con 432 votos a favor, uno en contra y 10 abstenciones, el Pleno de la C\u00e1mara de Diputados federal aprob\u00f3 la integraci\u00f3n de la Mesa Directiva que conducir\u00e1 los trabajos del tercer y \u00faltimo a\u00f1o de ejercicio de la LXVI Legislatura.<\/p>\n\n\n\n<p>Una vez registrada la votaci\u00f3n, Bola\u00f1os Cacho Cue rindi\u00f3 protesta al cargo.<\/p>\n\n\n\n<p>La presidencia ser\u00e1 asumida por el diputado federal oaxaque\u00f1o Ra\u00fal Bola\u00f1os Cacho Cu\u00e9, del PVEM, quien estar\u00e1 al frente de la conducci\u00f3n de las sesiones de San L\u00e1zaro durante el nuevo a\u00f1o legislativo.<\/p>\n\n\n\n<p>Bola\u00f1os Cacho Cu\u00e9 encabezar\u00e1 la C\u00e1mara de Diputados en una etapa marcada por la discusi\u00f3n de la agenda legislativa del gobierno federal y los grupos parlamentarios.<\/p>\n\n\n\n<p><strong>Eligen a Ra\u00fal Bola\u00f1os-Cacho Cu\u00e9 como presidente de la C\u00e1mara de Diputados para el tercer a\u00f1o de la LXVI Legislatura<\/strong><\/p>\n\n\n\n<p>De este modo, en Sesi\u00f3n Preparatoria, el diputado Ra\u00fal Bola\u00f1os-Cacho Cu\u00e9 (PVEM) rindi\u00f3 protesta como presidente de la Mesa Directiva de la C\u00e1mara de Diputados para el tercer a\u00f1o de ejercicio de la LXVI Legislatura, luego de ser electo por el Pleno con mayor\u00eda calificada de 432 votos a favor, uno en contra y 10 abstenciones.<\/p>\n\n\n\n<p>Al asumir el cargo, el diputado Ra\u00fal Bola\u00f1os declar\u00f3 legalmente instalada la C\u00e1mara de Diputados para funcionar durante el primer periodo de sesiones ordinarias del tercer a\u00f1o de ejercicio de la LXVI Legislatura.<\/p>\n\n\n\n<p>Enseguida, tom\u00f3 protesta a quienes conformar\u00e1n la Mesa Directiva. La primera vicepresidencia estar\u00e1 a cargo del diputado Sergio Guti\u00e9rrez Luna (Morena), la segunda la ocupar\u00e1 la diputada Annia Sarah\u00ed G\u00f3mez C\u00e1rdenas (PAN) y en la tercera vicepresidencia, la diputada Nayeli Arlen Fern\u00e1ndez Cruz (PVEM).<\/p>\n\n\n\n<p>Las diputadas y los diputados secretarias y secretarios electos fueron: Julieta Villalpando Riquelme (Morena), Diana Estefan\u00eda Guti\u00e9rrez Valtierra (PAN), Felipe Miguel Delgado Carrillo (PVEM), Francisco Amadeo Espinosa Ramos (PT), Fuensanta Guadalupe Guerrero Esquivel (PRI) y Laura Ira\u00eds Ballesteros Mancilla (MC).<\/p>\n\n\n\n<p>El acuerdo de los grupos parlamentarios, relativo a la propuesta para la elecci\u00f3n de las y los integrantes de la Mesa Directiva, precisa que el numeral 7 del art\u00edculo 17 de la Ley Org\u00e1nica del Congreso General establece que, para la elecci\u00f3n de la Mesa Directiva correspondiente al segundo y tercer a\u00f1o de ejercicio de la Legislatura, se garantizar\u00e1 que la presidencia de \u00e9sta recaiga, en orden decreciente, en una persona integrante de los dos grupos parlamentarios con mayor n\u00famero de diputados que no la hayan ejercido.<\/p>\n\n\n\n<p>Adem\u00e1s, el art\u00edculo 17, numeral 1 de la Ley Org\u00e1nica del Congreso General se\u00f1ala que la Mesa Directiva de la H. C\u00e1mara de Diputados ser\u00e1 electa por el Pleno y se integrar\u00e1 por una presidencia, tres vicepresidencias y una secretar\u00eda propuesta por cada grupo parlamentario, pudiendo optar este \u00faltimo por no ejercer dicho derecho. Los integrantes de la Mesa Directiva durar\u00e1n en sus funciones un a\u00f1o y podr\u00e1n ser reelectos.<\/p>\n\n\n\n<p>Mientras que los numerales 2 y 3 del art\u00edculo 17, estipulan que la elecci\u00f3n de la Mesa Directiva se realizar\u00e1 por el voto de las dos terceras partes de las y los diputados presentes, mediante una lista que contenga los nombres de las personas propuestas con sus respectivos cargos, por c\u00e9dula o utilizando el sistema de votaci\u00f3n electr\u00f3nica.<\/p>\n\n\n\n<p>En tanto, el numeral 4 del art\u00edculo 17 de la citada Ley establece que los grupos parlamentarios postular\u00e1n a quienes deban integrar la Mesa Directiva, cuidando que las personas candidatas cuenten con una trayectoria y comportamiento que acredite prudencia, tolerancia y respeto en la convivencia, as\u00ed como experiencia en la conducci\u00f3n de asambleas, como lo se\u00f1ala el art\u00edculo 18 de la Ley.<\/p>\n\n\n\n<p><strong>Narrativa de \u201cNarcogobierno\u201d impacta en ciudadan\u00eda y polarizaci\u00f3n degrada la pol\u00edtica; el reto es recuperar credibilidad y dignificarla: Ra\u00fal Bola\u00f1os Cacho Cu\u00e9<\/strong><\/p>\n\n\n\n<p>Por otra parte, ante el impacto de la narrativa de \u201cnarcogobierno\u201d contra la 4T y una polarizaci\u00f3n pol\u00edtica marcada por insultos, gritos y confrontaciones, el diputado federal del PVEM, Ra\u00fal Bola\u00f1os Cacho Cu\u00e9, afirm\u00f3 que el reto de la clase pol\u00edtica es recuperar credibilidad, dignificar su ejercicio y enfrentar las acusaciones con argumentos y debate serio.<\/p>\n\n\n\n<p>\u201cEl reto es redignificar a la pol\u00edtica. Por supuesto que el que constantemente se est\u00e9 llamando \u2018narcogobierno\u2019 ha tenido un impacto en la ciudadan\u00eda\u201d, reconoci\u00f3 el legislador oaxaque\u00f1o.<\/p>\n\n\n\n<p>Frente a esa narrativa de la oposici\u00f3n, Bola\u00f1os Cacho Cu\u00e9 consider\u00f3 que corresponde a quienes representan a la coalici\u00f3n gobernante salir ante la ciudadan\u00eda para explicar y defender su posici\u00f3n.<\/p>\n\n\n\n<p>\u201cYo lo que siempre he dicho es que la mejor manera de contrarrestar es con el debate serio\u201d, sostuvo.<\/p>\n\n\n\n<p>El diputado del Partido Verde revir\u00f3 que entre quienes utilizan la acusaci\u00f3n de \u201cnarcogobierno\u201d existen fuerzas pol\u00edticas que han tenido exgobernadores encarcelados y acusados de narcotr\u00e1fico.<\/p>\n\n\n\n<p>\u201cPero eso es responsabilidad de nosotros, que representamos a una coalici\u00f3n, salir a aclararlo con la ciudadan\u00eda, porque si no estar\u00edamos cayendo en esa trampa\u201d, plante\u00f3.<\/p>\n\n\n\n<p>En paralelo, advirti\u00f3 que la polarizaci\u00f3n pol\u00edtica no debe traducirse en la normalizaci\u00f3n de insultos, empujones y confrontaciones f\u00edsicas dentro del Poder Legislativo.<\/p>\n\n\n\n<p>\u201cNo soy de los que cree que esas im\u00e1genes en las que los insultos, los gritos, los empujones y los jaloneos se est\u00e1n volviendo cada d\u00eda m\u00e1s cotidianos deben coexistir en la pol\u00edtica\u201d, afirm\u00f3.<\/p>\n\n\n\n<p>Consider\u00f3 que ning\u00fan ciudadano puede sentirse dignamente representado por legisladores que pretendan resolver sus diferencias mediante agresiones.<\/p>\n\n\n\n<p>\u201cNo veo ning\u00fan solo escenario en el que la gente se sienta bien representada por un legislador que pretende resolver a empujones o insultos una disputa pol\u00edtica\u201d, se\u00f1al\u00f3.<\/p>\n\n\n\n<p>Por ello, plante\u00f3 que el nuevo a\u00f1o legislativo debe privilegiar la seriedad y la serenidad, particularmente frente a un rezago de m\u00e1s de 2 mil 500 iniciativas pendientes de dictaminaci\u00f3n.<\/p>\n\n\n\n<p>\u201cYo esperar\u00eda de este a\u00f1o que haya debates de altura, que ganen m\u00e1s los argumentos que los insultos, que podamos representar de manera digna al Poder Legislativo y a nuestros electores\u201d, expres\u00f3.<\/p>\n\n\n\n<p>Bola\u00f1os Cacho Cu\u00e9 est\u00e1 a unas horas de convertirse en presidente de la Mesa Directiva de la C\u00e1mara de Diputados.<\/p>\n\n\n\n<p>Por lo pronto, adelant\u00f3 que dejar\u00e1 de lado su posici\u00f3n partidista para asumir una representaci\u00f3n institucional de la pluralidad de San L\u00e1zaro.<\/p>\n\n\n\n<p>\u201cMe quitar\u00e9 mi camisa partidista para subir una camisa institucional\u201d, afirm\u00f3.<\/p>\n\n\n\n<p>Bola\u00f1os anticip\u00f3 que su eventual conducci\u00f3n de las sesiones estar\u00e1 marcada por \u201cun compromiso absoluto con la neutralidad y el estricto apego a la ley\u201d, en un periodo legislativo atravesado por la confrontaci\u00f3n entre oficialismo y oposici\u00f3n.<\/p>\n\n\n\n<p><strong>\u201cLa oposici\u00f3n tambi\u00e9n es M\u00e9xico\u201d: Bola\u00f1os promete neutralidad y respeto al asumir presidencia de Diputados<\/strong><\/p>\n\n\n\n<p>Asimismo, en su primer mensaje como presidente de la C\u00e1mara de Diputados, Ra\u00fal Baoa\u00f1os Cacho Cu\u00e9 prometi\u00f3 una conducci\u00f3n neutral, respeto a la oposici\u00f3n y reglas iguales para todas las fuerzas pol\u00edticas, al advertir que San L\u00e1zaro \u201cno le pertenece a la mayor\u00eda, a una minor\u00eda o a un partido\u201d.<\/p>\n\n\n\n<p>El diputado oaxaque\u00f1o del PVEM asumi\u00f3 la presidencia de la Mesa Directiva para el tercer y \u00faltimo a\u00f1o de la LXVI Legislatura, tras ser electo por el Pleno con 432 votos a favor, uno en contra y 10 abstenciones.<\/p>\n\n\n\n<p>Desde la tribuna, dirigi\u00f3 un mensaje particular al PAN, PRI y Movimiento Ciudadano, a cuyos integrantes garantiz\u00f3 que tendr\u00e1n voz durante su gesti\u00f3n.<\/p>\n\n\n\n<p>\u201cA quienes integran la Oposici\u00f3n: al PAN, al PRI y a MC, quiero decirles algo con absoluta claridad: esta presidencia los va a escuchar y les va a respetar porque no somos ustedes y nosotros. Todos somos M\u00e9xico\u201d, afirm\u00f3.<\/p>\n\n\n\n<p>Bola\u00f1os Cacho reconoci\u00f3 que el \u00faltimo a\u00f1o de la Legislatura estar\u00e1 marcado por el contexto electoral, pero llam\u00f3 a las y los diputados a no perder de vista su responsabilidad constitucional de representar, escuchar y servir al pa\u00eds.<\/p>\n\n\n\n<p>Pidi\u00f3 debatir con firmeza, pero con respeto; defender convicciones sin dejar de escuchar y permitir que los argumentos tengan mayor peso que los insultos.<\/p>\n\n\n\n<p>\u201cEstoy convencido de que la pol\u00edtica puede volver a ser un punto de encuentro. Podemos pensar distinto sin dejar de respetarnos. Podemos debatir con intensidad sin convertir al otro en enemigo\u201d, expres\u00f3.<\/p>\n\n\n\n<p>El legislador sostuvo que, pese a las diferencias partidistas, debe existir una coincidencia fundamental: \u201cM\u00e9xico est\u00e1 por encima de nosotros mismos\u201d.<\/p>\n\n\n\n<p>Tambi\u00e9n asegur\u00f3 que ejercer\u00e1 la presidencia con \u201cabsoluta neutralidad\u201d y apego a la ley, con el compromiso de garantizar los derechos tanto de las mayor\u00edas como de las minor\u00edas parlamentarias.<\/p>\n\n\n\n<p>\u201cNo habr\u00e1 privilegios, no habr\u00e1 exclusiones. Habr\u00e1 reglas claras y ser\u00e1n aplicadas para todos por igual, porque presidir esta C\u00e1mara no significa representar una sola voz, significa garantizar que todas las voces sean escuchadas\u201d, manifest\u00f3.<\/p>\n\n\n\n<p>Bola\u00f1os Cacho encabezar\u00e1 la Mesa Directiva acompa\u00f1ado en las vicepresidencias por Sergio Guti\u00e9rrez Luna, de Morena; Annia Sarah\u00ed G\u00f3mez C\u00e1rdenas, del PAN, y Nayeli Arlen Fern\u00e1ndez Cruz, del PVEM.<\/p>\n\n\n\n<p>La elecci\u00f3n alcanz\u00f3 la mayor\u00eda calificada requerida y formaliz\u00f3 el relevo en la conducci\u00f3n de San L\u00e1zaro para el periodo que comprende de septiembre de 2026 a agosto de 2027.<\/p>\n\n\n\n<p>Al concluir la sesi\u00f3n preparatoria, Bola\u00f1os cit\u00f3 a las y los legisladores para este martes 1 de septiembre a las 17:00 horas, cuando se realizar\u00e1 la sesi\u00f3n de Congreso General para abrir el primer periodo ordinario del tercer a\u00f1o de ejercicio de la LXVI Legislatura.<\/p>\n\n\n\n<p>La C\u00e1mara de Diputados tiene previsto recibir el Segundo Informe de Gobierno de la presidenta Claudia Sheinbaum Pardo, uno de los primeros actos institucionales que corresponder\u00e1 encabezar a Bola\u00f1os como presidente de San L\u00e1zaro.<\/p>\n","protected":false},"excerpt":{"rendered":"<p>*El diputado federal Ra\u00fal Bola\u00f1os Cacho Cu\u00e9 no niega aspiraci\u00f3n por Oaxaca en 2028, pero marca l\u00ednea: \u201chay un jefe<\/p>\n","protected":false},"author":1,"featured_media":226823,"comment_status":"closed","ping_status":"closed","sticky":false,"template":"","format":"standard","meta":{"footnotes":""},"categories":[3,13,14],"tags":[],"class_list":["post-226822","post","type-post","status-publish","format-standard","has-post-thumbnail","hentry","category-las-destacadas","category-nacional","category-titulares"],"_links":{"self":[{"href":"https:\/\/oaxacadiaadia.com\/index.php?rest_route=\/wp\/v2\/posts\/226822","targetHints":{"allow":["GET"]}}],"collection":[{"href":"https:\/\/oaxacadiaadia.com\/index.php?rest_route=\/wp\/v2\/posts"}],"about":[{"href":"https:\/\/oaxacadiaadia.com\/index.php?rest_route=\/wp\/v2\/types\/post"}],"author":[{"embeddable":true,"href":"https:\/\/oaxacadiaadia.com\/index.php?rest_route=\/wp\/v2\/users\/1"}],"replies":[{"embeddable":true,"href":"https:\/\/oaxacadiaadia.com\/index.php?rest_route=%2Fwp%2Fv2%2Fcomments&post=226822"}],"version-history":[{"count":1,"href":"https:\/\/oaxacadiaadia.com\/index.php?rest_route=\/wp\/v2\/posts\/226822\/revisions"}],"predecessor-version":[{"id":226824,"href":"https:\/\/oaxacadiaadia.com\/index.php?rest_route=\/wp\/v2\/posts\/226822\/revisions\/226824"}],"wp:featuredmedia":[{"embeddable":true,"href":"https:\/\/oaxacadiaadia.com\/index.php?rest_route=\/wp\/v2\/media\/226823"}],"wp:attachment":[{"href":"https:\/\/oaxacadiaadia.com\/index.php?rest_route=%2Fwp%2Fv2%2Fmedia&parent=226822"}],"wp:term":[{"taxonomy":"category","embeddable":true,"href":"https:\/\/oaxacadiaadia.com\/index.php?rest_route=%2Fwp%2Fv2%2Fcategories&post=226822"},{"taxonomy":"post_tag","embeddable":true,"href":"https:\/\/oaxacadiaadia.com\/index.php?rest_route=%2Fwp%2Fv2%2Ftags&post=226822"}],"curies":[{"name":"wp","href":"https:\/\/api.w.org\/{rel}","templated":true}]}}