{"id":226815,"date":"2026-09-01T15:45:55","date_gmt":"2026-09-01T21:45:55","guid":{"rendered":"https:\/\/oaxacadiaadia.com\/?p=226815"},"modified":"2026-09-01T15:45:55","modified_gmt":"2026-09-01T21:45:55","slug":"istmo-violento-7","status":"publish","type":"post","link":"https:\/\/oaxacadiaadia.com\/?p=226815","title":{"rendered":"Istmo violento"},"content":{"rendered":"\n<figure class=\"wp-block-image size-full\"><a href=\"http:\/\/oaxacadiaadia.com\/wp-content\/uploads\/2021\/01\/acordonamiento-escena-del-crimen.jpg\"><img loading=\"lazy\" decoding=\"async\" width=\"416\" height=\"232\" src=\"http:\/\/oaxacadiaadia.com\/wp-content\/uploads\/2021\/01\/acordonamiento-escena-del-crimen.jpg\" alt=\"\" class=\"wp-image-136955\" srcset=\"https:\/\/oaxacadiaadia.com\/wp-content\/uploads\/2021\/01\/acordonamiento-escena-del-crimen.jpg 416w, https:\/\/oaxacadiaadia.com\/wp-content\/uploads\/2021\/01\/acordonamiento-escena-del-crimen-300x167.jpg 300w\" sizes=\"auto, (max-width: 416px) 100vw, 416px\" \/><\/a><\/figure>\n\n\n\n<p>*Un baleado en Juchit\u00e1n y otro asesinado en Tehuantepec<\/p>\n\n\n\n<!--more-->\n\n\n\n<p>Oaxaca, Oaxaca, Martes 01 de Septiembre, 2026, (Fuente: Agencia Zona Roja).- La violencia no tiene freno en la regi\u00f3n del Istmo de Oaxaca y sus habitantes viven d\u00eda con d\u00eda una ola criminal de ataques armados y asesinatos.<\/p>\n\n\n\n<p>Un caso sucedi\u00f3 la tarde de este lunes, en Juchit\u00e1n de Zaragoza, donde una persona del sexo masculino result\u00f3 lesionada tras una agresi\u00f3n a balazos.<\/p>\n\n\n\n<p>Ocurri\u00f3 en la calle Zaragoza, entre Libertad y Constituci\u00f3n, de la populosa S\u00e9ptima Secci\u00f3n, donde sujetos a bordo de un veh\u00edculo dispararon en contra de su v\u00edctima.<\/p>\n\n\n\n<p>El hombre lesionado fue identificado de manera preliminar como Felipe \u201cN\u201d, de 28 a\u00f1os de edad, y fue trasladado de emergencia; de los atacantes nada se sabe, pese a los supuestos operativos policiacos.<\/p>\n\n\n\n<p>Por otra parte, un individuo fue ejecutado a balazos la noche del pasado domingo en Santo Domingo Tehuantepec, tambi\u00e9n regi\u00f3n Istmo, pero su cuerpo fue descubierto la ma\u00f1ana de este lunes.<\/p>\n\n\n\n<p>El crimen ocurri\u00f3 en un local comercial del barrio Vixhana, donde los pobladores de las cercan\u00edas reportaron m\u00faltiples disparos de arma de fuego, pero los polic\u00edas nunca llegaron.<\/p>\n\n\n\n<p>Fue hasta la ma\u00f1ana de lunes en que se asomaron y confirmaron que hab\u00eda una persona sin vida, a\u00fan no identificada; tampoco se saben las causas del ataque armado y asesinato.<\/p>\n\n\n\n<p>Ambos casos ya son investigados por la Fiscal\u00eda General del Estado de Oaxaca, a trav\u00e9s de la Vicefiscal\u00eda Regional del Istmo, y hasta el momento no hay mayores avances de los casos.<\/p>\n","protected":false},"excerpt":{"rendered":"<p>*Un baleado en Juchit\u00e1n y otro asesinado en Tehuantepec<\/p>\n","protected":false},"author":1,"featured_media":136955,"comment_status":"closed","ping_status":"closed","sticky":false,"template":"","format":"standard","meta":{"footnotes":""},"categories":[3,7,4],"tags":[],"class_list":["post-226815","post","type-post","status-publish","format-standard","has-post-thumbnail","hentry","category-las-destacadas","category-municipal","category-policiaca"],"_links":{"self":[{"href":"https:\/\/oaxacadiaadia.com\/index.php?rest_route=\/wp\/v2\/posts\/226815","targetHints":{"allow":["GET"]}}],"collection":[{"href":"https:\/\/oaxacadiaadia.com\/index.php?rest_route=\/wp\/v2\/posts"}],"about":[{"href":"https:\/\/oaxacadiaadia.com\/index.php?rest_route=\/wp\/v2\/types\/post"}],"author":[{"embeddable":true,"href":"https:\/\/oaxacadiaadia.com\/index.php?rest_route=\/wp\/v2\/users\/1"}],"replies":[{"embeddable":true,"href":"https:\/\/oaxacadiaadia.com\/index.php?rest_route=%2Fwp%2Fv2%2Fcomments&post=226815"}],"version-history":[{"count":1,"href":"https:\/\/oaxacadiaadia.com\/index.php?rest_route=\/wp\/v2\/posts\/226815\/revisions"}],"predecessor-version":[{"id":226816,"href":"https:\/\/oaxacadiaadia.com\/index.php?rest_route=\/wp\/v2\/posts\/226815\/revisions\/226816"}],"wp:featuredmedia":[{"embeddable":true,"href":"https:\/\/oaxacadiaadia.com\/index.php?rest_route=\/wp\/v2\/media\/136955"}],"wp:attachment":[{"href":"https:\/\/oaxacadiaadia.com\/index.php?rest_route=%2Fwp%2Fv2%2Fmedia&parent=226815"}],"wp:term":[{"taxonomy":"category","embeddable":true,"href":"https:\/\/oaxacadiaadia.com\/index.php?rest_route=%2Fwp%2Fv2%2Fcategories&post=226815"},{"taxonomy":"post_tag","embeddable":true,"href":"https:\/\/oaxacadiaadia.com\/index.php?rest_route=%2Fwp%2Fv2%2Ftags&post=226815"}],"curies":[{"name":"wp","href":"https:\/\/api.w.org\/{rel}","templated":true}]}}