{"id":226807,"date":"2026-08-31T00:00:00","date_gmt":"2026-08-31T06:00:00","guid":{"rendered":"https:\/\/oaxacadiaadia.com\/?p=226807"},"modified":"2026-08-31T00:02:47","modified_gmt":"2026-08-31T06:02:47","slug":"yosonama-y-mixtepec-vuelven-a-tensar-conflicto","status":"publish","type":"post","link":"https:\/\/oaxacadiaadia.com\/?p=226807","title":{"rendered":"Yoso\u00f1ama y Mixtepec vuelven a tensar conflicto"},"content":{"rendered":"\n<figure class=\"wp-block-image size-full\"><a href=\"https:\/\/oaxacadiaadia.com\/wp-content\/uploads\/2026\/08\/Yosonama-y-Mixtepec-vuelven-a-tensar-conflicto-ok.jpg\"><img loading=\"lazy\" decoding=\"async\" width=\"401\" height=\"376\" src=\"https:\/\/oaxacadiaadia.com\/wp-content\/uploads\/2026\/08\/Yosonama-y-Mixtepec-vuelven-a-tensar-conflicto-ok.jpg\" alt=\"\" class=\"wp-image-226808\" srcset=\"https:\/\/oaxacadiaadia.com\/wp-content\/uploads\/2026\/08\/Yosonama-y-Mixtepec-vuelven-a-tensar-conflicto-ok.jpg 401w, https:\/\/oaxacadiaadia.com\/wp-content\/uploads\/2026\/08\/Yosonama-y-Mixtepec-vuelven-a-tensar-conflicto-ok-300x281.jpg 300w\" sizes=\"auto, (max-width: 401px) 100vw, 401px\" \/><\/a><\/figure>\n\n\n\n<p>*A pesar de haber firmado acuerdo de paz ante la SEGO<\/p>\n\n\n\n<!--more-->\n\n\n\n<p>Oaxaca, Oaxaca, Lunes 31 de Agosto, 2026, (Fuente: Facebook: Dominio Informativo Digital, X: @jaimeguerrero08 y Omar Colmenares \/ Panorama Informativo 360).- Mientras la Secretar\u00eda de Gobierno de Oaxaca mantiene una pol\u00edtica de construcci\u00f3n de acuerdos para atender los conflictos agrarios, Santo Domingo Yoso\u00f1ama (del distrito de Tlaxiaco) y San Juan Mixtepec (del distrito de Juxtlahuaca), los dos poblados de la regi\u00f3n Mixteca de Oaxaca, vuelven a romper los compromisos de paz que ellos mismos firmaron. Los hechos registrados el pasado 29 de agosto en el paraje \u201cPortezuelo de la Paz\u201d evidencian que, pese a los acuerdos alcanzados, persisten acciones que pueden reavivar la confrontaci\u00f3n entre ambas comunidades.<\/p>\n\n\n\n<p>En un comunicado, la Secretar\u00eda de Gobierno record\u00f3 que el 10 de julio de 2026, Yoso\u00f1ama y Mixtepec suscribieron un compromiso para privilegiar el di\u00e1logo y evitar nuevas confrontaciones, mismo que fue refrendado el 21 de julio en una reuni\u00f3n celebrada en Palacio de Gobierno. Sin embargo, a poco m\u00e1s de un mes de aquellos acuerdos, un nuevo hecho oblig\u00f3 a solicitar el reforzamiento de la seguridad en la zona.<\/p>\n\n\n\n<p>Esta situaci\u00f3n evidencia que ning\u00fan acuerdo puede funcionar si quienes lo suscriben no tienen la voluntad de respetarlo, como justamente ocurre con Santo Domingo Yoso\u00f1ama y San Juan Mixtepec.<\/p>\n\n\n\n<p>La Secretar\u00eda de Gobierno reiter\u00f3 que continuar\u00e1 tendiendo puentes de di\u00e1logo y generando condiciones para alcanzar soluciones, pero llam\u00f3 a las autoridades y habitantes de ambas comunidades a asumir su responsabilidad.<\/p>\n\n\n\n<p>\u201cNinguna diferencia territorial puede estar por encima de los compromisos asumidos ni ser utilizada como justificaci\u00f3n para recurrir a la violencia\u201d, se\u00f1al\u00f3 la dependencia.<\/p>\n\n\n\n<p><strong>Enfrentamiento entre Yoso\u00f1ama y Mixtepec deja un muerto; familias de La Batea exigen alto al fuego y seguridad<\/strong><\/p>\n\n\n\n<p>De este modo, un nuevo episodio de violencia en el a\u00f1ejo conflicto entre Santo Domingo Yoso\u00f1ama y San Juan Mixtepec dej\u00f3 un hombre muerto y mantuvo durante varias horas un intenso intercambio de disparos en la Mixteca de Oaxaca, mientras habitantes de La Batea exigieron al gobierno del estado y a la Fiscal\u00eda General de Oaxaca (FGO) garantizar seguridad en la zona.<\/p>\n\n\n\n<p>La v\u00edctima fue identificada como Juan Carlos Sanjuan Gonz\u00e1lez, de 36 a\u00f1os, originario de San Isidro Yoso\u00f1ama, quien result\u00f3 herido por arma de fuego y muri\u00f3 cuando era trasladado a un centro m\u00e9dico de Tlaxiaco.<\/p>\n\n\n\n<p>Los hechos comenzaron alrededor de las 07:00 horas del s\u00e1bado y se prolongaron durante el d\u00eda y parte de la noche, a menos de dos kil\u00f3metros de La Batea, comunidad perteneciente a San Juan Mixtepec y ubicada en la franja del conflicto.<\/p>\n\n\n\n<p>Habitantes de La Batea denunciaron que alrededor de 50 hombres, vestidos de verde y portando armas de alto calibre, ingresaron a la zona.<\/p>\n\n\n\n<p>\u201cBajaron a matarnos, eran cerca de 50 hombres vestidos de verde con armas de alto calibre\u201d, acusaron pobladores, quienes cuestionaron la falta de presencia permanente de las fuerzas de seguridad.<\/p>\n\n\n\n<p>Las versiones sobre el origen de la agresi\u00f3n son encontradas. Autoridades agrarias y municipales de San Juan \u00d1um\u00ed reportaron que sus pobladores fueron atacados en el paraje Portezuelo de la Paz, donde Juan Carlos Sanjuan fue herido.<\/p>\n\n\n\n<p>En contraste, habitantes de La Batea sostienen, con fotograf\u00edas y videos, que se trat\u00f3 de un enfrentamiento ocurrido cerca de su comunidad y denunciaron el ingreso de un grupo armado.<\/p>\n\n\n\n<p>La violencia ocurre apenas mes y medio despu\u00e9s de otro ataque registrado el 14 de julio en el mismo paraje Portezuelo de la Paz, donde tres comuneros de Santo Domingo Yoso\u00f1ama \u2014Ezequiel Sanjuan, Daniel Sanjuan y Nicol\u00e1s Jos\u00e9\u2014 resultaron heridos mientras realizaban labores de siembra.<\/p>\n\n\n\n<p>Tras esos hechos, el secretario de Gobierno, Jes\u00fas Romero L\u00f3pez, inform\u00f3 que se realizar\u00edan investigaciones y record\u00f3 que autoridades de San Juan \u00d1um\u00ed y San Juan Mixtepec hab\u00edan sostenido previamente una mesa de di\u00e1logo para atender el conflicto.<\/p>\n\n\n\n<p>La disputa territorial entre Santo Domingo Yoso\u00f1ama, perteneciente a San Juan \u00d1um\u00ed, y San Juan Mixtepec acumula d\u00e9cadas de enfrentamientos, asesinatos, desplazamientos y destrucci\u00f3n de bienes.<\/p>\n\n\n\n<p>En abril pasado, el Gobierno de Oaxaca report\u00f3 avances en trabajos t\u00e9cnicos y topogr\u00e1ficos para buscar una soluci\u00f3n definitiva, despu\u00e9s de m\u00e1s de 50 mesas de negociaci\u00f3n entre ambos n\u00facleos agrarios.<\/p>\n\n\n\n<p>Sin embargo, la reactivaci\u00f3n de los enfrentamientos mantiene bajo riesgo a comunidades ubicadas en la franja lim\u00edtrofe. Familias de La Batea demandaron presencia inmediata y permanente de fuerzas de seguridad.<\/p>\n\n\n\n<p>\u201cExigimos que pare el fuego, tememos por nuestras vidas\u201d, se\u00f1alaron.<\/p>\n\n\n\n<p><strong>Denuncian comuneros de San Juan Mixtepec presencia de encapuchados y disparos en La Batea<\/strong><\/p>\n\n\n\n<p>Por su parte, el Comisariado de Bienes Comunales de San Juan Mixtepec denunci\u00f3 p\u00fablicamente la presencia de un grupo de personas encapuchadas y armadas en el pante\u00f3n de la localidad de La Batea, quienes presuntamente realizaron disparos de arma de fuego.<\/p>\n\n\n\n<p>A trav\u00e9s de un documento dirigido al gobernador Salom\u00f3n Jara Cruz, al secretario de Gobierno Jes\u00fas Romero, a los medios de comunicaci\u00f3n y a la opini\u00f3n p\u00fablica, la autoridad comunal inform\u00f3 que los hechos ocurrieron el s\u00e1bado 29 de agosto, alrededor de las 7:00 de la ma\u00f1ana.<\/p>\n\n\n\n<p>Seg\u00fan el escrito, los comuneros de La Batea alertaron sobre un grupo encapuchado que se encontraba en el pante\u00f3n realizando detonaciones, las cuales habr\u00edan provocado da\u00f1os en las instalaciones.<\/p>\n\n\n\n<p>El Comisariado se\u00f1al\u00f3 que algunos de los disparos alcanzaron una vivienda donde se encontraba reunida una familia con vecinos y familiares que participaban en un novenario. Asimismo, denunci\u00f3 da\u00f1os a un veh\u00edculo y afirm\u00f3 que los hechos generaron miedo y crisis nerviosa entre ni\u00f1os, mujeres y personas adultas mayores.<\/p>\n\n\n\n<p>La autoridad comunal asegur\u00f3 que las detonaciones continuaron hasta despu\u00e9s de las 6:00 de la tarde y que se dio aviso al secretario de Conciliaci\u00f3n Agraria y a la Secretar\u00eda de Seguridad P\u00fablica; sin embargo, afirm\u00f3 que hasta ese momento no hab\u00eda observado la presencia de elementos de seguridad en la zona.<\/p>\n\n\n\n<p>Ante esta situaci\u00f3n, hicieron un llamado urgente al gobernador Salom\u00f3n Jara Cruz, al secretario de Gobierno Jes\u00fas Romero Paz y al fiscal general del estado, Bernardo Rodr\u00edguez Alamilla, para que intervengan y se esclarezcan los hechos.<\/p>\n\n\n\n<p>Los comuneros tambi\u00e9n reiteraron su compromiso de mantener la paz y tranquilidad en la regi\u00f3n y se\u00f1alaron que han acudido a diversas mesas de di\u00e1logo con las autoridades correspondientes.<\/p>\n\n\n\n<p>En el documento, el Comisariado manifest\u00f3 que se debe aplicar la ley contra quien resulte responsable, pero subray\u00f3 que corresponde a las instancias judiciales investigar y determinar a los responsables.<\/p>\n\n\n\n<p>Asimismo, sostuvieron que San Juan Mixtepec cuenta con documentos oficiales que, seg\u00fan su postura, acreditan la leg\u00edtima propiedad de las tierras ubicadas en el \u00e1rea en disputa, documentaci\u00f3n que, afirmaron, ha sido presentada ante el gobernador, la Secretar\u00eda de Gobierno y otras instancias.<\/p>\n\n\n\n<p>Finalmente, los habitantes y la autoridad comunal condenaron los hechos de violencia y exigieron el esclarecimiento de los delitos cometidos en la regi\u00f3n, adem\u00e1s de pedir que no se acuse sin fundamento a ninguna persona.<\/p>\n","protected":false},"excerpt":{"rendered":"<p>*A pesar de haber firmado acuerdo de paz ante la SEGO<\/p>\n","protected":false},"author":1,"featured_media":226808,"comment_status":"closed","ping_status":"closed","sticky":false,"template":"","format":"standard","meta":{"footnotes":""},"categories":[3,7,4,14],"tags":[],"class_list":["post-226807","post","type-post","status-publish","format-standard","has-post-thumbnail","hentry","category-las-destacadas","category-municipal","category-policiaca","category-titulares"],"_links":{"self":[{"href":"https:\/\/oaxacadiaadia.com\/index.php?rest_route=\/wp\/v2\/posts\/226807","targetHints":{"allow":["GET"]}}],"collection":[{"href":"https:\/\/oaxacadiaadia.com\/index.php?rest_route=\/wp\/v2\/posts"}],"about":[{"href":"https:\/\/oaxacadiaadia.com\/index.php?rest_route=\/wp\/v2\/types\/post"}],"author":[{"embeddable":true,"href":"https:\/\/oaxacadiaadia.com\/index.php?rest_route=\/wp\/v2\/users\/1"}],"replies":[{"embeddable":true,"href":"https:\/\/oaxacadiaadia.com\/index.php?rest_route=%2Fwp%2Fv2%2Fcomments&post=226807"}],"version-history":[{"count":1,"href":"https:\/\/oaxacadiaadia.com\/index.php?rest_route=\/wp\/v2\/posts\/226807\/revisions"}],"predecessor-version":[{"id":226809,"href":"https:\/\/oaxacadiaadia.com\/index.php?rest_route=\/wp\/v2\/posts\/226807\/revisions\/226809"}],"wp:featuredmedia":[{"embeddable":true,"href":"https:\/\/oaxacadiaadia.com\/index.php?rest_route=\/wp\/v2\/media\/226808"}],"wp:attachment":[{"href":"https:\/\/oaxacadiaadia.com\/index.php?rest_route=%2Fwp%2Fv2%2Fmedia&parent=226807"}],"wp:term":[{"taxonomy":"category","embeddable":true,"href":"https:\/\/oaxacadiaadia.com\/index.php?rest_route=%2Fwp%2Fv2%2Fcategories&post=226807"},{"taxonomy":"post_tag","embeddable":true,"href":"https:\/\/oaxacadiaadia.com\/index.php?rest_route=%2Fwp%2Fv2%2Ftags&post=226807"}],"curies":[{"name":"wp","href":"https:\/\/api.w.org\/{rel}","templated":true}]}}