{"id":226798,"date":"2026-08-30T23:29:38","date_gmt":"2026-08-31T05:29:38","guid":{"rendered":"https:\/\/oaxacadiaadia.com\/?p=226798"},"modified":"2026-08-30T23:29:39","modified_gmt":"2026-08-31T05:29:39","slug":"denuncia-sict-a-quienes-bloquean-en-juchitan","status":"publish","type":"post","link":"https:\/\/oaxacadiaadia.com\/?p=226798","title":{"rendered":"Denuncia SICT a quienes bloquean en Juchit\u00e1n"},"content":{"rendered":"\n<figure class=\"wp-block-image size-full\"><a href=\"https:\/\/oaxacadiaadia.com\/wp-content\/uploads\/2026\/08\/Denuncia-SICT-a-quienes-bloquean-en-Juchitan.jpg\"><img loading=\"lazy\" decoding=\"async\" width=\"298\" height=\"420\" src=\"https:\/\/oaxacadiaadia.com\/wp-content\/uploads\/2026\/08\/Denuncia-SICT-a-quienes-bloquean-en-Juchitan.jpg\" alt=\"\" class=\"wp-image-226799\" srcset=\"https:\/\/oaxacadiaadia.com\/wp-content\/uploads\/2026\/08\/Denuncia-SICT-a-quienes-bloquean-en-Juchitan.jpg 298w, https:\/\/oaxacadiaadia.com\/wp-content\/uploads\/2026\/08\/Denuncia-SICT-a-quienes-bloquean-en-Juchitan-213x300.jpg 213w\" sizes=\"auto, (max-width: 298px) 100vw, 298px\" \/><\/a><\/figure>\n\n\n\n<!--more-->\n\n\n\n<p>Oaxaca, Oaxaca, Domingo 30 de Agosto, 2026, (Fuente: Agencia Zona Roja).- El Centro Oaxaca de la Secretar\u00eda de Infraestructuras, Comunicaciones y Transportes (SICT) pidi\u00f3 este s\u00e1bado a la Fiscal\u00eda General de la Rep\u00fablica iniciar procedimientos en contra de al menos nueve personas que han realizado bloqueos en la carretera Juchit\u00e1n-Tehuantepec.<\/p>\n\n\n\n<p>La solicitud est\u00e1 firmada por Pablo Olaza Aquino, jefe de la Unidad de Asuntos Jur\u00eddicos de la SICT en la entidad, y est\u00e1 dirigida a Damaris Baglieto Hernandez, delegada de la FGR en Oaxaca.<\/p>\n\n\n\n<p>La denuncia\/querella est\u00e1 dirigida en contra de Bernardo C. T., Guadalupe C. L., Alma Delia O. V., Sara V. G., Xhunaxhi del C. V., Shunashi D. L., Gabriela S. C., Martha S. M., M\u00edstica Z. L. Y\/ en contra de quienes resulten responsables del il\u00edcito que se les imputa.<\/p>\n\n\n\n<p>El escrito refiere que ayer s\u00e1bado alrededor de las 10:40 horas se recibi\u00f3 v\u00eda WhatsApp un mensaje de David Jonathan Ib\u00e1\u00f1ez, jefe de la Unidad Jur\u00eddica de la Coordinaci\u00f3n de Delegados de Paz del gobierno de Oaxaca, quien hizo conocimiento de los bloqueos, citando los nombres y n\u00fameros telef\u00f3nicos de las y los se\u00f1alados.<\/p>\n\n\n\n<p>\u201cTengo derecho a denunciar a nombre de la Federaci\u00f3n a trav\u00e9s de la Secretar\u00eda de Infraestructura, Comunicaciones y Transportes, Centro SICT Oaxaca, los hechos antes narrados de conformidad con las facultades que me confieren los art\u00edculos 1, 3 apartado A, fracci\u00f3n III, Inciso a), 9, 10, 11, 12, 13, 40 Y 41 del Reglamento Interior de la Secretaria de Infraestructura, Comunicaciones y Transportes, publicado en el Diario Oficial de la Federaci\u00f3n el 09 de junio de 2026\u201d, destaca.<\/p>\n\n\n\n<p>Y es que, durante tres d\u00edas seguidos, un grupo de personas de Juchit\u00e1n de Zaragoza ha bloqueado al menos tres puntos de la carretera Panamericana tramo hacia Santo Domingo Tehuantepec, en demanda de la liberaci\u00f3n de dos personas, sin alcanzar acuerdo hasta ahora con las autoridades.<\/p>\n","protected":false},"excerpt":{"rendered":"","protected":false},"author":1,"featured_media":226799,"comment_status":"closed","ping_status":"closed","sticky":false,"template":"","format":"standard","meta":{"footnotes":""},"categories":[3,12,7],"tags":[],"class_list":["post-226798","post","type-post","status-publish","format-standard","has-post-thumbnail","hentry","category-las-destacadas","category-lo-de-siempre","category-municipal"],"_links":{"self":[{"href":"https:\/\/oaxacadiaadia.com\/index.php?rest_route=\/wp\/v2\/posts\/226798","targetHints":{"allow":["GET"]}}],"collection":[{"href":"https:\/\/oaxacadiaadia.com\/index.php?rest_route=\/wp\/v2\/posts"}],"about":[{"href":"https:\/\/oaxacadiaadia.com\/index.php?rest_route=\/wp\/v2\/types\/post"}],"author":[{"embeddable":true,"href":"https:\/\/oaxacadiaadia.com\/index.php?rest_route=\/wp\/v2\/users\/1"}],"replies":[{"embeddable":true,"href":"https:\/\/oaxacadiaadia.com\/index.php?rest_route=%2Fwp%2Fv2%2Fcomments&post=226798"}],"version-history":[{"count":1,"href":"https:\/\/oaxacadiaadia.com\/index.php?rest_route=\/wp\/v2\/posts\/226798\/revisions"}],"predecessor-version":[{"id":226800,"href":"https:\/\/oaxacadiaadia.com\/index.php?rest_route=\/wp\/v2\/posts\/226798\/revisions\/226800"}],"wp:featuredmedia":[{"embeddable":true,"href":"https:\/\/oaxacadiaadia.com\/index.php?rest_route=\/wp\/v2\/media\/226799"}],"wp:attachment":[{"href":"https:\/\/oaxacadiaadia.com\/index.php?rest_route=%2Fwp%2Fv2%2Fmedia&parent=226798"}],"wp:term":[{"taxonomy":"category","embeddable":true,"href":"https:\/\/oaxacadiaadia.com\/index.php?rest_route=%2Fwp%2Fv2%2Fcategories&post=226798"},{"taxonomy":"post_tag","embeddable":true,"href":"https:\/\/oaxacadiaadia.com\/index.php?rest_route=%2Fwp%2Fv2%2Ftags&post=226798"}],"curies":[{"name":"wp","href":"https:\/\/api.w.org\/{rel}","templated":true}]}}