{"id":226795,"date":"2026-08-30T23:28:58","date_gmt":"2026-08-31T05:28:58","guid":{"rendered":"https:\/\/oaxacadiaadia.com\/?p=226795"},"modified":"2026-08-31T00:03:00","modified_gmt":"2026-08-31T06:03:00","slug":"oaxaca-piden-que-desapariciones-sean-crimen-de-lesa-humanidad","status":"publish","type":"post","link":"https:\/\/oaxacadiaadia.com\/?p=226795","title":{"rendered":"Oaxaca: piden que desapariciones sean crimen de lesa humanidad"},"content":{"rendered":"\n<figure class=\"wp-block-image size-full\"><a href=\"https:\/\/oaxacadiaadia.com\/wp-content\/uploads\/2026\/08\/Oaxaca-piden-que-desapariciones-sean-crimen-de-lesa-humanidad.jpg\"><img loading=\"lazy\" decoding=\"async\" width=\"408\" height=\"230\" src=\"https:\/\/oaxacadiaadia.com\/wp-content\/uploads\/2026\/08\/Oaxaca-piden-que-desapariciones-sean-crimen-de-lesa-humanidad.jpg\" alt=\"\" class=\"wp-image-226796\" srcset=\"https:\/\/oaxacadiaadia.com\/wp-content\/uploads\/2026\/08\/Oaxaca-piden-que-desapariciones-sean-crimen-de-lesa-humanidad.jpg 408w, https:\/\/oaxacadiaadia.com\/wp-content\/uploads\/2026\/08\/Oaxaca-piden-que-desapariciones-sean-crimen-de-lesa-humanidad-300x169.jpg 300w\" sizes=\"auto, (max-width: 408px) 100vw, 408px\" \/><\/a><\/figure>\n\n\n\n<!--more-->\n\n\n\n<p>Oaxaca, Oaxaca, Domingo 30 de Agosto, 2026, (Fuente: Agencia Zona Roja).- Buscar a un hijo, a una madre, a un hermano o a una compa\u00f1era no es una elecci\u00f3n; es una sentencia de amor y dolor con la que despertamos cada ma\u00f1ana. Las familias de personas desaparecidas no venimos a pedir favores ni pretendemos imponernos sobre las instituciones\u201d.<\/p>\n\n\n\n<p>Bajo esa premisa, integrantes de diversos colectivos de b\u00fasqueda de personas se pronunciaron este domingo porque las autoridades consideren las desapariciones de personas como crimen de lesa humanidad.<\/p>\n\n\n\n<p>Asimismo, en el marco del D\u00eda Internacional de las V\u00edctimas de Desaparici\u00f3n Forzada, reiteraron la exigencia de renuncia de la titular de la Comisi\u00f3n Estatal de B\u00fasqueda, Michel Juli\u00e1n L\u00f3pez, por negligencia, probable corrupci\u00f3n e intereses pol\u00edticos, en lugar de realizar su labor.<\/p>\n\n\n\n<p>Este domingo, en el z\u00f3calo de la capital de Oaxaca, se pronunciaron para recordar que la b\u00fasqueda no es una concesi\u00f3n diplom\u00e1tica ni un acto de caridad del Estado: \u201ces un derecho imprescriptible de las v\u00edctimas y una obligaci\u00f3n constitucional que las autoridades est\u00e1n fallando en cumplir\u201d.<\/p>\n\n\n\n<p>Manifestaron que no aceptar\u00e1n jam\u00e1s que las mismas instituciones creadas para protegerlas sean las que las excluyan, discriminen o pretendan silenciar su voz.<\/p>\n\n\n\n<p>\u201cExigimos la renuncia inmediata de la titular de la Comisi\u00f3n Estatal de B\u00fasqueda. Quien encabeza este organismo debe entender que el cargo no es un escritorio de tr\u00e1mites\u201d.<\/p>\n\n\n\n<p>Recriminaron a Michel Juli\u00e1n la falta de convocatorias y consulta para las b\u00fasquedas: \u201cJam\u00e1s ha tenido la sensibilidad de convocar a mesas de trabajo t\u00e9cnicas y regionalizadas para revisar casos y planear b\u00fasquedas reales. Ha preferido tomar decisiones unilaterales desde la comodidad de una oficina, organizando eventos superficiales -como su \u2018rodada\u2019- que se desentienden por completo del dolor y de la urgencia del terreno\u201d.<\/p>\n\n\n\n<p>Se\u00f1alaron asimismo a la funcionaria de dividir a los colectivos de b\u00fasqueda de personas en la entidad oaxaque\u00f1a y le exigieron cuentas claras e informes p\u00fablicos y transparentes, acerca del presupuesto que tiene asignada la comisi\u00f3n.<\/p>\n\n\n\n<p>A las y los integrantes del Poder Legislativo le recordaron que legislar a espaldas del pueblo es traicionarlo.<\/p>\n\n\n\n<p>\u201cLas recientes modificaciones a la Ley en Materia de Desaparici\u00f3n de Personas del Estado de Oaxaca representan un grave y doloroso retroceso al despojar de atribuciones al Consejo Estatal Ciudadano.<\/p>\n\n\n\n<p>\u201cQuitar que el consejo escuche a las familias porque son ellos los que nos representan en el \u00f3rgano de gobierno, es un intento directo por apagar nuestro reclamo. Les exigimos recapacitar y restituir de inmediato las facultades del Consejo. Su deber legislativo es garantizar los derechos humanos, no desmantelar los espacios donde las familias defendemos la vida\u201d, se\u00f1alaron.<\/p>\n\n\n\n<p>Entre las organizaciones que participaron en la protesta de este domingo est\u00e1n Oaxaque\u00f1os Unidos Exigiendo Justicia, Sabuesos Guerreras Oaxaca A.C., Colectivo Oaxaque\u00f1os Buscando a los Nuestros, A.C., Frente del Pueblo \u201cSol Rojo\u201d Acompa\u00f1amiento Jur\u00eddico y Psicol\u00f3gico por la Dignidad Disidente A.C., Manos Migrantes, Apoyados No Olvidados A.C., Agenda LGTB+ Concordia, por mencionar algunos.<\/p>\n\n\n\n<p><strong>Colectivos de b\u00fasqueda de Oaxaca denuncian a la comisionada Michel Juli\u00e1n ante la FGR<\/strong><\/p>\n\n\n\n<p>Por otra parte, colectivos oaxaque\u00f1os de b\u00fasqueda de personas desaparecidas denunciaron ante la Fiscal\u00eda General de la Rep\u00fablica (FGR) y la Secretar\u00eda de Gobernaci\u00f3n (SEGOB) a la comisionada estatal de b\u00fasqueda, Michel Juli\u00e1n L\u00f3pez, por malas pr\u00e1cticas y presunto desv\u00edo de recursos.<\/p>\n\n\n\n<p>Adem\u00e1s de esta denuncia, de la que esperan una investigaci\u00f3n imparcial, los colectivos exigen la renuncia de la comisionada, demanda que han externado en los \u00faltimos d\u00edas en el centro de la ciudad de Oaxaca a trav\u00e9s de lonas con fotograf\u00edas de sus familiares desaparecidos.<\/p>\n\n\n\n<p>La denuncia y exigencia de renuncia de la comisionada son la antesala del D\u00eda Internacional de m\u00e1s V\u00edctimas de Desapariciones Forzadas, que se conmemora este 30 de agosto.<\/p>\n\n\n\n<p>Martha Pablo Cruz, fundadora del Colectivo Oaxaque\u00f1os Buscando a los Nuestros A. C., se\u00f1al\u00f3 que los colectivos entregaron pruebas de las acusaciones contra la comisionada a la fiscal general, Ernestina Godoy, as\u00ed como a la secretaria de Gobernaci\u00f3n, Rosa Icela Rodr\u00edguez; al subsecretario de Gobernaci\u00f3n, Arturo Medina Padilla, y a la titular de la Comisi\u00f3n Nacional de B\u00fasqueda, Martha Lidia P\u00e9rez Gumecindo.<\/p>\n\n\n\n<p>La activista y madre buscadora detall\u00f3 que las instituciones se comprometieron a investigar sus denuncias en contra de Michel.<\/p>\n\n\n\n<p>\u201cHay ese compromiso. Hace 20 d\u00edas estuvimos nuevamente en Ciudad de M\u00e9xico porque tenemos que darle seguimiento y s\u00ed hay respuesta, tal es que el pasado martes vino personal de la Comisi\u00f3n Nacional de B\u00fasqueda (CNB) y nos atendi\u00f3 a los colectivos\u201d, expuso sobre el seguimiento que se ha dado con los 13 colectivos que forman parte de Colectivos y Organizaciones Unidas en Oaxaca.<\/p>\n\n\n\n<p>Marta Pablo se\u00f1al\u00f3 que, aunque las acusaciones son principalmente en contra de la comisionada Michel Juli\u00e1n L\u00f3pez y la Comisi\u00f3n Estatal de B\u00fasqueda del estado de Oaxaca, las familias tambi\u00e9n han enfrentado la burocracia y otros obst\u00e1culos en las instituciones de las que esperan su apoyo para encontrar a sus desaparecidos. Incluso en la Fiscal\u00eda General del Estado de Oaxaca, por lo que llam\u00f3 al fiscal general, Bernardo Rodr\u00edguez Alamilla, a revisar el actuar de su personal.<\/p>\n\n\n\n<p>\u201cEs cansado estar insistiendo porque pareciera que nos est\u00e1n haciendo un favor cuando la ley es muy clara y dice que, a los 60 d\u00edas de haberse implementado la ley en materia de desaparici\u00f3n forzada, se ten\u00eda que haber formado la fiscal\u00eda especializada, despu\u00e9s el Consejo Estatal Ciudadano, que ya est\u00e1, pero lamentablemente nos damos cuenta las familias que le quitaron las atribuciones al consejo. El consejo se forma de cinco personas que nos representan a las familias\u201d, explic\u00f3.<\/p>\n\n\n\n<p>Para la Fiscal\u00eda Especializada en la Investigaci\u00f3n de la Desaparici\u00f3n Cometida por Particulares, Desaparici\u00f3n Forzada y Delitos Vinculados, cuya creaci\u00f3n aprob\u00f3 el congreso local el pasado 3 de marzo, Marta Pablo confirm\u00f3 que a\u00fan no se ha designado un titular. Aunque tampoco considera que en la Fiscal\u00eda General del Estado haya un perfil id\u00f3neo y emp\u00e1tico con las familias.<\/p>\n\n\n\n<p>Para este 30 de agosto, los colectivos de b\u00fasqueda han organizado una marcha en la ciudad de Oaxaca, que saldr\u00e1 a las 10 de la ma\u00f1ana de la fuente de las Ocho Regiones hacia el z\u00f3calo. En este \u00faltimo lugar har\u00e1n un pronunciamiento, un mitin y el pase de lista de sus familiares desaparecidos, algunos de los m\u00e1s de 4 mil que estiman tan solo para el estado de Oaxaca y que en muchos casos tienen m\u00e1s de 15 a\u00f1os sin ser localizados o incluso d\u00e9cadas.<\/p>\n\n\n\n<p>Para el pa\u00eds, con base en el Registro Nacional de Personas Desaparecidas y No localizadas (RNPDNO), organismos como la Comisi\u00f3n Interamericana de Derechos Humanos (CIDH) y el Instituto Mexicano de Derechos Humanos y Democracia han calculado m\u00e1s de 135 mil personas desaparecidas, hasta junio de 2026.<\/p>\n\n\n\n<p><strong>Cerca de 165,000 hijos viven la ausencia de padres desaparecidos en M\u00e9xico<\/strong><\/p>\n\n\n\n<p>En tanto, en M\u00e9xico, cerca de 165,000 hijas e hijos podr\u00edan estar vinculados con personas desaparecidas o no localizadas, esto de acuerdo con una estimaci\u00f3n elaborada por Tejiendo Redes Infancia en Am\u00e9rica Latina y el Caribe y el Observatorio Infancia Latina. El c\u00e1lculo busca dimensionar una poblaci\u00f3n que permanece pr\u00e1cticamente invisible para los registros oficiales.<\/p>\n\n\n\n<p>El informe se dio a conocer previo a este 30 de agosto, D\u00eda Internacional de las V\u00edctimas de Desapariciones Forzadas, una fecha dedicada a visibilizar a las v\u00edctimas de este delito y a sus familias.<\/p>\n\n\n\n<p>El informe Hijas e hijos de personas desaparecidas en M\u00e9xico: Estimaci\u00f3n nacional, invisibilidad institucional y obligaciones urgentes, advierte as\u00ed que M\u00e9xico no tiene actualmente datos que permitan conocer con precisi\u00f3n cu\u00e1ntas ni\u00f1as, ni\u00f1os, adolescentes y personas adultas son hijas o hijos de quienes permanecen desaparecidos.<\/p>\n\n\n\n<p>Sin embargo, el c\u00e1lculo parte de 103,176 personas de entre 15 y 49 a\u00f1os que permanecen desaparecidas o no localizadas al mes de agosto de 2026, seg\u00fan el Registro Nacional de Personas Desaparecidas y No Localizadas (RNPDNO).<\/p>\n\n\n\n<p>Fue as\u00ed que esta cifra se aplic\u00f3 el indicador de 1.60 hijas e hijos, tomado de la Encuesta Nacional de la Din\u00e1mica Demogr\u00e1fica (ENADID) 2023, para obtener un escenario de cerca 165,081 hijos e hijas potencialmente vinculados con ese universo de personas desaparecidas.<\/p>\n\n\n\n<p>El informe enfatiza que esta cifra no equivale a un censo ni a un n\u00famero exacto de hijos de personas desaparecidas. Tampoco significa que todas esas personas sean actualmente ni\u00f1as, ni\u00f1os o adolescentes.<\/p>\n\n\n\n<p><strong>M\u00e9xico registra personas, no familias<\/strong><\/p>\n\n\n\n<p>Seg\u00fan Tejiendo Redes por la Infancia, el principal problema para la realizaci\u00f3n de este informe se encontr\u00f3 en la estructura del RNPDNO, pues, aunque el registro permite conocer caracter\u00edsticas de las personas desaparecidas, no se relaciona p\u00fablicamente con sus familiares.<\/p>\n\n\n\n<p>Por ello, no permite saber cu\u00e1ntas personas desaparecidas ten\u00edan hijas o hijos, qu\u00e9 edades tienen, qui\u00e9n est\u00e1 a cargo de su cuidado o qu\u00e9 apoyos reciben. Tampoco identifica casos en los que dos personas desaparecidas formen parte de una misma familia.<\/p>\n\n\n\n<p>La fecha internacional, que se conmemora cada 30 de agosto, fue establecida por la Asamblea General de Naciones Unidas mediante la resoluci\u00f3n 65\/209 en 2010 y comenz\u00f3 a observarse en 2011. La ONU subraya que las desapariciones no afectan \u00fanicamente a quienes desaparecen, sino tambi\u00e9n a sus familias y comunidades.<\/p>\n\n\n\n<p>Este a\u00f1o, adem\u00e1s, la conmemoraci\u00f3n adquiere un significado particular: 2026 marca el 20 aniversario de la adopci\u00f3n de la Convenci\u00f3n Internacional para la Protecci\u00f3n de Todas las Personas contra las Desapariciones Forzadas, el \u00fanico tratado universal dedicado espec\u00edficamente a prevenir y erradicar esta pr\u00e1ctica. La ONU coloc\u00f3 como lema de este aniversario \u201cLas v\u00edctimas primero. Acciones ya\u201d, con \u00e9nfasis en los derechos a la verdad, la justicia y la reparaci\u00f3n.<\/p>\n\n\n\n<p>En M\u00e9xico, el informe reci\u00e9n prestado plantea as\u00ed que poner a las v\u00edctimas en el centro tambi\u00e9n implica mirar a quienes permanecen fuera de la estad\u00edstica: las hijas e hijos que deben reorganizar su vida ante la ausencia prolongada de una madre, un padre o una persona cuidadora.<\/p>\n\n\n\n<p>Y es que la desaparici\u00f3n puede interrumpir cuidados, reducir ingresos, afectar la continuidad escolar, deteriorar la salud, incrementar riesgos de seguridad y modificar los v\u00ednculos familiares y comunitarios. Sin embargo, el Estado no cuenta actualmente con informaci\u00f3n suficiente para saber cu\u00e1ntas ni\u00f1as, ni\u00f1os y adolescentes enfrentan estas consecuencias ni qu\u00e9 respuestas reciben.<\/p>\n","protected":false},"excerpt":{"rendered":"","protected":false},"author":1,"featured_media":226796,"comment_status":"closed","ping_status":"closed","sticky":false,"template":"","format":"standard","meta":{"footnotes":""},"categories":[11,3,13,14],"tags":[],"class_list":["post-226795","post","type-post","status-publish","format-standard","has-post-thumbnail","hentry","category-capital","category-las-destacadas","category-nacional","category-titulares"],"_links":{"self":[{"href":"https:\/\/oaxacadiaadia.com\/index.php?rest_route=\/wp\/v2\/posts\/226795","targetHints":{"allow":["GET"]}}],"collection":[{"href":"https:\/\/oaxacadiaadia.com\/index.php?rest_route=\/wp\/v2\/posts"}],"about":[{"href":"https:\/\/oaxacadiaadia.com\/index.php?rest_route=\/wp\/v2\/types\/post"}],"author":[{"embeddable":true,"href":"https:\/\/oaxacadiaadia.com\/index.php?rest_route=\/wp\/v2\/users\/1"}],"replies":[{"embeddable":true,"href":"https:\/\/oaxacadiaadia.com\/index.php?rest_route=%2Fwp%2Fv2%2Fcomments&post=226795"}],"version-history":[{"count":1,"href":"https:\/\/oaxacadiaadia.com\/index.php?rest_route=\/wp\/v2\/posts\/226795\/revisions"}],"predecessor-version":[{"id":226797,"href":"https:\/\/oaxacadiaadia.com\/index.php?rest_route=\/wp\/v2\/posts\/226795\/revisions\/226797"}],"wp:featuredmedia":[{"embeddable":true,"href":"https:\/\/oaxacadiaadia.com\/index.php?rest_route=\/wp\/v2\/media\/226796"}],"wp:attachment":[{"href":"https:\/\/oaxacadiaadia.com\/index.php?rest_route=%2Fwp%2Fv2%2Fmedia&parent=226795"}],"wp:term":[{"taxonomy":"category","embeddable":true,"href":"https:\/\/oaxacadiaadia.com\/index.php?rest_route=%2Fwp%2Fv2%2Fcategories&post=226795"},{"taxonomy":"post_tag","embeddable":true,"href":"https:\/\/oaxacadiaadia.com\/index.php?rest_route=%2Fwp%2Fv2%2Ftags&post=226795"}],"curies":[{"name":"wp","href":"https:\/\/api.w.org\/{rel}","templated":true}]}}