{"id":226789,"date":"2026-08-30T23:26:58","date_gmt":"2026-08-31T05:26:58","guid":{"rendered":"https:\/\/oaxacadiaadia.com\/?p=226789"},"modified":"2026-08-30T23:26:59","modified_gmt":"2026-08-31T05:26:59","slug":"en-la-uabjo-las-cuotas-si-se-descuentan","status":"publish","type":"post","link":"https:\/\/oaxacadiaadia.com\/?p=226789","title":{"rendered":"En la UABJO las cuotas s\u00ed se descuentan"},"content":{"rendered":"\n<figure class=\"wp-block-image size-full\"><a href=\"https:\/\/oaxacadiaadia.com\/wp-content\/uploads\/2026\/08\/En-la-UABJO-las-cuotas-si-se-descuentan.jpg\"><img loading=\"lazy\" decoding=\"async\" width=\"410\" height=\"407\" src=\"https:\/\/oaxacadiaadia.com\/wp-content\/uploads\/2026\/08\/En-la-UABJO-las-cuotas-si-se-descuentan.jpg\" alt=\"\" class=\"wp-image-226790\" srcset=\"https:\/\/oaxacadiaadia.com\/wp-content\/uploads\/2026\/08\/En-la-UABJO-las-cuotas-si-se-descuentan.jpg 410w, https:\/\/oaxacadiaadia.com\/wp-content\/uploads\/2026\/08\/En-la-UABJO-las-cuotas-si-se-descuentan-300x298.jpg 300w, https:\/\/oaxacadiaadia.com\/wp-content\/uploads\/2026\/08\/En-la-UABJO-las-cuotas-si-se-descuentan-150x150.jpg 150w\" sizes=\"auto, (max-width: 410px) 100vw, 410px\" \/><\/a><\/figure>\n\n\n\n<p>*Pero al parecer se les pierde el camino<\/p>\n\n\n\n<!--more-->\n\n\n\n<p>Oaxaca, Oaxaca, Domingo 30 de Agosto, 2026, (Fuente: Facebook: Entidad Noticias).- Algo est\u00e1 pasando en la Universidad Aut\u00f3noma \u201cBenito Ju\u00e1rez\u201d de Oaxaca, porque cuando se trata de descontar las cuotas sindicales a los trabajadores, parece que el sistema funciona perfectamente. El problema, seg\u00fan denuncian integrantes del sindicato, viene despu\u00e9s: a la hora de entregar esos recursos.<\/p>\n\n\n\n<p>Y es que trabajadores sindicalizados decidieron alzar la voz y tomar las instalaciones de Rector\u00eda de la UABJO, luego de denunciar que las cuotas sindicales, descontadas directamente de sus salarios desde la segunda quincena de junio, no hab\u00edan sido entregadas como corresponde.<\/p>\n\n\n\n<p>Es decir, el descuento s\u00ed apareci\u00f3 puntualmente en la n\u00f3mina, pero el recurso, al parecer, decidi\u00f3 quedarse un tiempo m\u00e1s bajo resguardo.<\/p>\n\n\n\n<p>De acuerdo con los trabajadores, se trata de dinero que proviene de sus propios salarios, de sus aportaciones sindicales. Dinero que la administraci\u00f3n universitaria descuenta directamente y que, seg\u00fan se\u00f1alan, debe ser entregado a la organizaci\u00f3n sindical.<\/p>\n\n\n\n<p>Entonces, la pregunta parece bastante sencilla: si el dinero ya fue descontado, \u00bfd\u00f3nde est\u00e1 y por qu\u00e9 no hab\u00eda sido entregado?<\/p>\n\n\n\n<p>Pero en la m\u00e1xima casa de estudios las cosas, al parecer, no siempre son tan sencillas.<\/p>\n\n\n\n<p>La inconformidad escal\u00f3 hasta que los trabajadores decidieron tomar Rector\u00eda. Y fue despu\u00e9s de la presi\u00f3n, de reuniones, de una minuta y de aclaraciones sobre el destino de las cuotas sindicales, que finalmente se determin\u00f3 liberar el inmueble.<\/p>\n\n\n\n<p>En medio del conflicto, tambi\u00e9n surgieron diferencias al interior del propio Comit\u00e9 Ejecutivo.<\/p>\n\n\n\n<p>Integrantes de la organizaci\u00f3n sindical se\u00f1alaron que las cuotas se encontraban bajo el cargo o resguardo de la Secretar\u00eda General desde la segunda quincena de junio, situaci\u00f3n sobre la que, aseguraron, no se les hab\u00eda informado oportunamente.<\/p>\n\n\n\n<p>En su posicionamiento, los inconformes se\u00f1alaron que, tras una aclaraci\u00f3n de la secretaria general, Cristina Gonz\u00e1lez Ramos, se tom\u00f3 la decisi\u00f3n de liberar las instalaciones de Rector\u00eda.<\/p>\n\n\n\n<p>Pero, adem\u00e1s, aprovecharon para recordar algo que, al parecer, tambi\u00e9n necesita repasarse dentro de la estructura sindical: cada secretar\u00eda tiene funciones y atribuciones espec\u00edficas.<\/p>\n\n\n\n<p>Por ello, exhortaron a respetar las responsabilidades de la Secretar\u00eda de Finanzas y las facultades de cada una de las \u00e1reas que integran el Comit\u00e9 Ejecutivo.<\/p>\n\n\n\n<p>Y mientras al interior del sindicato intentan poner orden en sus propias responsabilidades, las miradas tambi\u00e9n apuntan hacia la administraci\u00f3n central universitaria, encabezada por el rector Farid Acevedo L\u00f3pez.<\/p>\n\n\n\n<p>Porque los trabajadores se preguntan si el rector conoce los acuerdos establecidos con la base universitaria o si algunos compromisos simplemente se quedaron archivados, esperando mejores tiempos.<\/p>\n\n\n\n<p>La administraci\u00f3n universitaria tendr\u00e1 que explicar qu\u00e9 ocurri\u00f3 con estos recursos, porque trat\u00e1ndose del dinero de los trabajadores, el asunto dif\u00edcilmente puede resolverse con un simple: \u201cah\u00ed estaba, nada m\u00e1s que no hab\u00edamos avisado\u201d.<\/p>\n\n\n\n<p>As\u00ed que la pregunta sigue sobre la mesa:<\/p>\n\n\n\n<p>*\u00bfLas cuotas se descontaron? S\u00ed<\/p>\n\n\n\n<p>*\u00bfLos trabajadores aportaron? S\u00ed<\/p>\n\n\n\n<p>*Entonces, \u00bfpor qu\u00e9 el recurso no hab\u00eda llegado a donde correspond\u00eda?<\/p>\n\n\n\n<p>Esa es la respuesta que esperan los trabajadores de la UABJO.<\/p>\n\n\n\n<p>Porque para descontar parece no haber retrasos, pero para entregar, al parecer, las cuotas sindicales tuvieron que tomar un peque\u00f1o paseo por los pasillos de la burocracia universitaria.<\/p>\n\n\n\n<p>Y mientras tanto, se\u00f1or rector, la comunidad trabajadora sigue preguntando: \u00bfqu\u00e9 est\u00e1 pasando con nuestro dinero?<\/p>\n","protected":false},"excerpt":{"rendered":"<p>*Pero al parecer se les pierde el camino<\/p>\n","protected":false},"author":1,"featured_media":226790,"comment_status":"closed","ping_status":"closed","sticky":false,"template":"","format":"standard","meta":{"footnotes":""},"categories":[11,3],"tags":[],"class_list":["post-226789","post","type-post","status-publish","format-standard","has-post-thumbnail","hentry","category-capital","category-las-destacadas"],"_links":{"self":[{"href":"https:\/\/oaxacadiaadia.com\/index.php?rest_route=\/wp\/v2\/posts\/226789","targetHints":{"allow":["GET"]}}],"collection":[{"href":"https:\/\/oaxacadiaadia.com\/index.php?rest_route=\/wp\/v2\/posts"}],"about":[{"href":"https:\/\/oaxacadiaadia.com\/index.php?rest_route=\/wp\/v2\/types\/post"}],"author":[{"embeddable":true,"href":"https:\/\/oaxacadiaadia.com\/index.php?rest_route=\/wp\/v2\/users\/1"}],"replies":[{"embeddable":true,"href":"https:\/\/oaxacadiaadia.com\/index.php?rest_route=%2Fwp%2Fv2%2Fcomments&post=226789"}],"version-history":[{"count":1,"href":"https:\/\/oaxacadiaadia.com\/index.php?rest_route=\/wp\/v2\/posts\/226789\/revisions"}],"predecessor-version":[{"id":226791,"href":"https:\/\/oaxacadiaadia.com\/index.php?rest_route=\/wp\/v2\/posts\/226789\/revisions\/226791"}],"wp:featuredmedia":[{"embeddable":true,"href":"https:\/\/oaxacadiaadia.com\/index.php?rest_route=\/wp\/v2\/media\/226790"}],"wp:attachment":[{"href":"https:\/\/oaxacadiaadia.com\/index.php?rest_route=%2Fwp%2Fv2%2Fmedia&parent=226789"}],"wp:term":[{"taxonomy":"category","embeddable":true,"href":"https:\/\/oaxacadiaadia.com\/index.php?rest_route=%2Fwp%2Fv2%2Fcategories&post=226789"},{"taxonomy":"post_tag","embeddable":true,"href":"https:\/\/oaxacadiaadia.com\/index.php?rest_route=%2Fwp%2Fv2%2Ftags&post=226789"}],"curies":[{"name":"wp","href":"https:\/\/api.w.org\/{rel}","templated":true}]}}