{"id":226778,"date":"2026-08-30T23:24:09","date_gmt":"2026-08-31T05:24:09","guid":{"rendered":"https:\/\/oaxacadiaadia.com\/?p=226778"},"modified":"2026-08-30T23:24:10","modified_gmt":"2026-08-31T05:24:10","slug":"el-cuquis-y-la-contadora-de-asaeo-siguen-profugos","status":"publish","type":"post","link":"https:\/\/oaxacadiaadia.com\/?p=226778","title":{"rendered":"\u201cEl Cuquis\u201d y \u201cLa Contadora\u201d, de ASAEO, siguen pr\u00f3fugos"},"content":{"rendered":"\n<figure class=\"wp-block-image size-full\"><a href=\"https:\/\/oaxacadiaadia.com\/wp-content\/uploads\/2026\/08\/El-Cuquis-y-La-Contadora-de-ASAEO-siguen-profugos.jpg\"><img loading=\"lazy\" decoding=\"async\" width=\"389\" height=\"407\" src=\"https:\/\/oaxacadiaadia.com\/wp-content\/uploads\/2026\/08\/El-Cuquis-y-La-Contadora-de-ASAEO-siguen-profugos.jpg\" alt=\"\" class=\"wp-image-226779\" srcset=\"https:\/\/oaxacadiaadia.com\/wp-content\/uploads\/2026\/08\/El-Cuquis-y-La-Contadora-de-ASAEO-siguen-profugos.jpg 389w, https:\/\/oaxacadiaadia.com\/wp-content\/uploads\/2026\/08\/El-Cuquis-y-La-Contadora-de-ASAEO-siguen-profugos-287x300.jpg 287w\" sizes=\"auto, (max-width: 389px) 100vw, 389px\" \/><\/a><\/figure>\n\n\n\n<!--more-->\n\n\n\n<p>Oaxaca, Oaxaca, Domingo 30 de Agosto, 2026, (Fuente: Giselle Melchor \/ Facebook: Diario El Fort\u00edn y Jorge Vega Santos \/ Facebook: Agencia FotoEs).- La ca\u00edda de Sharon Italia Curiel, lideresa de la Alianza de Sindicatos y Asociaciones del estado de Oaxaca (ASAEO), no cierra el c\u00edrculo. Dos de sus aliados m\u00e1s cercanos: Iv\u00e1n R\u00edos, alias \u201cEl Cuquis\u201d, e Indira R\u00edos conocida como \u201cLa Contadora, permanecen pr\u00f3fugos de la justicia.<\/p>\n\n\n\n<p>Ambos formaban parte del n\u00facleo de la organizaci\u00f3n que qued\u00f3 decapitada en el operativo conjunto de fuerzas federales y estatales. Mientras Sharon Italia y el resto de la c\u00fapula detenida ya rindieron declaraci\u00f3n ante la Fiscal\u00eda Especializada en Delincuencia Organizada de la Fiscal\u00eda General de la Rep\u00fablica (FGR), \u201cEl Cuquis\u201d y \u201cLa Contadora\u201d siguen en la calle.<\/p>\n\n\n\n<p>La operaci\u00f3n se inscribe en la ofensiva que encabeza el secretario de Seguridad y Protecci\u00f3n Ciudadana Omar Garc\u00eda Harfuch, y el Fiscal de Oaxaca Jos\u00e9 Bernardo Rodr\u00edguez Alamilla; no es un golpe aislado: es el inicio de una purga. Y en Oaxaca ya se da por hecho que m\u00e1s de un pol\u00edtico con aspiraciones en los pr\u00f3ximos procesos electorales saldr\u00e1 salpicado.<\/p>\n\n\n\n<p>ASAEO no era s\u00f3lo un conglomerado sindical. Las autoridades le atribuyen cobro de piso, extorsi\u00f3n, despojo, narcomenudeo y sicariato. Los cateos simult\u00e1neos de la madrugada del jueves 27 de agosto, con participaci\u00f3n de la Secretar\u00eda de Marina (SEMAR), de la Secretar\u00eda de Seguridad y Protecci\u00f3n Ciudadana de M\u00e9xico (SSPC), la Secretar\u00eda de la Defensa (DEFENSA), la Guardia Nacional y la Fiscal\u00eda General de Oaxaca, dejaron al descubierto una estructura que operaba con protecci\u00f3n, presencia en calles, sindicatos y cabildos de algunos municipios de la regi\u00f3n Valles Centrales de Oaxaca.<\/p>\n\n\n\n<p>Los detenidos ya est\u00e1n en la Ciudad de M\u00e9xico. Hablaron. Lo que revelen ante la fiscal\u00eda federal de delincuencia organizada determinar\u00e1 hasta d\u00f3nde llega la red y a qui\u00e9nes alcanza.<\/p>\n\n\n\n<p>Por ahora, dos nombres (al menos de la organizaci\u00f3n) faltan en la lista de capturados: Iv\u00e1n R\u00edos \u201cEl Cuquis\u201d e Indira R\u00edos \u201cLa Contadora\u201d. Mientras no caigan, el golpe a ASAEO queda incompleto. El gobernador Salom\u00f3n Jara Cruz respald\u00f3 las detenciones y afirm\u00f3 que nadie est\u00e1 por encima de la ley; sea quien sea y caiga quien caiga.<\/p>\n\n\n\n<p><strong>Dos integrantes no localizados tras operativo contra ASAEO<\/strong><\/p>\n\n\n\n<p>De este modo, tras el operativo del 27 de agosto en la regi\u00f3n Valles Centrales de Oaxaca contra la ASAEO, organizaci\u00f3n que operaba respaldada por autoridades municipales, contin\u00faan las investigaciones.<\/p>\n\n\n\n<p>En las 14 acciones simult\u00e1neas realizadas en Pueblo Nuevo, Viguera, fraccionamiento Esmeralda en Etla y Xoxocotl\u00e1n, con m\u00e1s de 300 elementos de Fiscal\u00eda de Oaxaca, Marina, Defensa, Guardia Nacional y SSPC, fueron detenidas 10 personas. Entre ellas S.I.C.H., identificada como Secretaria General de ASAEO, y E.S.M.C., regidora de Educaci\u00f3n de San Antonio de la Cal, as\u00ed como el s\u00edndico segundo del municipio de la capital de Oaxaca R.R.P.<\/p>\n\n\n\n<p>De acuerdo con l\u00edneas de investigaci\u00f3n period\u00edstica, se indaga un v\u00ednculo con un grupo delictivo con presencia nacional con el respaldo de funcionarios municipales oaxaque\u00f1os.<\/p>\n\n\n\n<p>Reportes period\u00edsticos se\u00f1alan que dos personas vinculadas al n\u00facleo de dicha organizaci\u00f3n (ASAEO) no fueron localizadas durante las diligencias: Iv\u00e1n R\u00edos Su\u00e1rez y su hermana Indira R\u00edos Su\u00e1rez.<\/p>\n\n\n\n<p>Ambos aparecen en registros del 23 de julio, durante la Gran Calenda organizada por la CTM, Confederaci\u00f3n Libertad y ASAEO, que parti\u00f3 de la avenida Central, hacia la Alameda de Le\u00f3n, en el Centro Hist\u00f3rico de la capital de Oaxaca, con carros aleg\u00f3ricos, banda y pirotecnia.<\/p>\n\n\n\n<p>Comerciantes de la Central y del Centro se\u00f1alaron a esta organizaci\u00f3n durante el mes de julio de presuntos cobros por derecho de piso, con cuotas mensuales, quincenales y semanales, para permitirles trabajar por concepto de afiliaci\u00f3n y protecci\u00f3n. Dichos se\u00f1alamientos forman parte de las carpetas que hoy sigue la Fiscal\u00eda General de la Rep\u00fablica, que no la estatal.<\/p>\n\n\n\n<p>Hasta el momento, la Fiscal\u00eda General de Oaxaca&nbsp; y la Fiscal\u00eda General de la Rep\u00fablica no han emitido ficha oficial de b\u00fasqueda por estas dos personas. Las investigaciones siguen en curso.<\/p>\n\n\n\n<p>Por su parte, Salom\u00f3n Jara Cruz dijo tajante: \u201cEn Oaxaca actuamos con firmeza y determinaci\u00f3n. No vamos a permitir que ning\u00fan grupo o inter\u00e9s particular pretenda colocarse por encima de la tranquilidad de nuestro pueblo ni del Estado de derecho. Que quede claro: en Oaxaca nadie est\u00e1 por encima de la ley\u201d. #Click: Archivo \/ Max N\u00fa\u00f1ez\/&nbsp; fotoes.mx.<\/p>\n","protected":false},"excerpt":{"rendered":"","protected":false},"author":1,"featured_media":226779,"comment_status":"closed","ping_status":"closed","sticky":false,"template":"","format":"standard","meta":{"footnotes":""},"categories":[11,3,4],"tags":[],"class_list":["post-226778","post","type-post","status-publish","format-standard","has-post-thumbnail","hentry","category-capital","category-las-destacadas","category-policiaca"],"_links":{"self":[{"href":"https:\/\/oaxacadiaadia.com\/index.php?rest_route=\/wp\/v2\/posts\/226778","targetHints":{"allow":["GET"]}}],"collection":[{"href":"https:\/\/oaxacadiaadia.com\/index.php?rest_route=\/wp\/v2\/posts"}],"about":[{"href":"https:\/\/oaxacadiaadia.com\/index.php?rest_route=\/wp\/v2\/types\/post"}],"author":[{"embeddable":true,"href":"https:\/\/oaxacadiaadia.com\/index.php?rest_route=\/wp\/v2\/users\/1"}],"replies":[{"embeddable":true,"href":"https:\/\/oaxacadiaadia.com\/index.php?rest_route=%2Fwp%2Fv2%2Fcomments&post=226778"}],"version-history":[{"count":1,"href":"https:\/\/oaxacadiaadia.com\/index.php?rest_route=\/wp\/v2\/posts\/226778\/revisions"}],"predecessor-version":[{"id":226780,"href":"https:\/\/oaxacadiaadia.com\/index.php?rest_route=\/wp\/v2\/posts\/226778\/revisions\/226780"}],"wp:featuredmedia":[{"embeddable":true,"href":"https:\/\/oaxacadiaadia.com\/index.php?rest_route=\/wp\/v2\/media\/226779"}],"wp:attachment":[{"href":"https:\/\/oaxacadiaadia.com\/index.php?rest_route=%2Fwp%2Fv2%2Fmedia&parent=226778"}],"wp:term":[{"taxonomy":"category","embeddable":true,"href":"https:\/\/oaxacadiaadia.com\/index.php?rest_route=%2Fwp%2Fv2%2Fcategories&post=226778"},{"taxonomy":"post_tag","embeddable":true,"href":"https:\/\/oaxacadiaadia.com\/index.php?rest_route=%2Fwp%2Fv2%2Ftags&post=226778"}],"curies":[{"name":"wp","href":"https:\/\/api.w.org\/{rel}","templated":true}]}}