{"id":226775,"date":"2026-08-30T23:23:23","date_gmt":"2026-08-31T05:23:23","guid":{"rendered":"https:\/\/oaxacadiaadia.com\/?p=226775"},"modified":"2026-08-30T23:23:24","modified_gmt":"2026-08-31T05:23:24","slug":"oaxaca-estrena-dos-nuevas-unidades-medicas","status":"publish","type":"post","link":"https:\/\/oaxacadiaadia.com\/?p=226775","title":{"rendered":"Oaxaca estrena dos nuevas unidades m\u00e9dicas"},"content":{"rendered":"\n<figure class=\"wp-block-image size-full\"><a href=\"https:\/\/oaxacadiaadia.com\/wp-content\/uploads\/2026\/08\/Oaxaca-estrena-dos-nuevas-unidades-medicas.jpg\"><img loading=\"lazy\" decoding=\"async\" width=\"410\" height=\"231\" src=\"https:\/\/oaxacadiaadia.com\/wp-content\/uploads\/2026\/08\/Oaxaca-estrena-dos-nuevas-unidades-medicas.jpg\" alt=\"\" class=\"wp-image-226776\" srcset=\"https:\/\/oaxacadiaadia.com\/wp-content\/uploads\/2026\/08\/Oaxaca-estrena-dos-nuevas-unidades-medicas.jpg 410w, https:\/\/oaxacadiaadia.com\/wp-content\/uploads\/2026\/08\/Oaxaca-estrena-dos-nuevas-unidades-medicas-300x169.jpg 300w\" sizes=\"auto, (max-width: 410px) 100vw, 410px\" \/><\/a><\/figure>\n\n\n\n<p>*Entrar\u00e1n en operaci\u00f3n este lunes, con el objetivo de ampliar la atenci\u00f3n a poblaci\u00f3n sin seguridad social y reducir la presi\u00f3n que enfrentan hospitales regionales<\/p>\n\n\n\n<!--more-->\n\n\n\n<p>Oaxaca, Oaxaca, Domingo 30 de Agosto, 2026, (Fuente: Facebook: Plataforma Informativa Oaxaca).- Dos nuevas unidades m\u00e9dicas de IMSS-Bienestar comenzar\u00e1n a operar este lunes en Oaxaca, con el objetivo de ampliar la atenci\u00f3n a poblaci\u00f3n sin seguridad social y reducir la presi\u00f3n que enfrentan hospitales regionales.<\/p>\n\n\n\n<p>El coordinador estatal de IMSS-Bienestar, Carlos Bautista Leyva, inform\u00f3 que entrar\u00e1n en funcionamiento el Hospital Comunitario de Jalapa de D\u00edaz, en la Cuenca del Papaloapan, y el Centro de Salud con Servicios Ampliados de San Pablo Villa de Mitla, en los Valles Centrales.<\/p>\n\n\n\n<p>El Hospital Comunitario de Jalapa de D\u00edaz dar\u00e1 servicio a habitantes de esa zona y de comunidades cercanas, entre ellas Usila y Huautla de Jim\u00e9nez.<\/p>\n\n\n\n<p>Su puesta en marcha permitir\u00e1 reducir traslados de pacientes y desahogar parte de la demanda que actualmente recibe el Hospital General de Tuxtepec.<\/p>\n\n\n\n<p>En Mitla, el nuevo Centro de Salud con Servicios Ampliados reforzar\u00e1 la atenci\u00f3n m\u00e9dica en los Valles Centrales. Para su funcionamiento se incorporar\u00e1n 41 plazas laborales de nueva creaci\u00f3n, adicionales al personal que ya forma parte de la plantilla.<\/p>\n\n\n\n<p>Bautista Leyva se\u00f1al\u00f3 que una de las prioridades ser\u00e1 fortalecer el primer nivel de atenci\u00f3n, donde puede resolverse buena parte de las necesidades m\u00e9dicas de la poblaci\u00f3n antes de que los pacientes tengan que recurrir a hospitales de mayor capacidad.<\/p>\n\n\n\n<p>Actualmente, cerca de 700 de las casi mil unidades transferidas a IMSS-Bienestar en Oaxaca corresponden precisamente al primer nivel.<\/p>\n\n\n\n<p>El funcionario adelant\u00f3 que tambi\u00e9n contin\u00faan los trabajos para sustituir el hospital de Huajuapan de Le\u00f3n y avanzar en el proyecto de una nueva sede para el Hospital General \u201cDr. Aurelio Valdivieso\u201d, adem\u00e1s de revisiones a las condiciones del Hospital Psiqui\u00e1trico y del Hospital de la Ni\u00f1ez Oaxaque\u00f1a.<\/p>\n","protected":false},"excerpt":{"rendered":"<p>*Entrar\u00e1n en operaci\u00f3n este lunes, con el objetivo de ampliar la atenci\u00f3n a poblaci\u00f3n sin seguridad social y reducir la<\/p>\n","protected":false},"author":1,"featured_media":226776,"comment_status":"closed","ping_status":"closed","sticky":false,"template":"","format":"standard","meta":{"footnotes":""},"categories":[11,3,7],"tags":[],"class_list":["post-226775","post","type-post","status-publish","format-standard","has-post-thumbnail","hentry","category-capital","category-las-destacadas","category-municipal"],"_links":{"self":[{"href":"https:\/\/oaxacadiaadia.com\/index.php?rest_route=\/wp\/v2\/posts\/226775","targetHints":{"allow":["GET"]}}],"collection":[{"href":"https:\/\/oaxacadiaadia.com\/index.php?rest_route=\/wp\/v2\/posts"}],"about":[{"href":"https:\/\/oaxacadiaadia.com\/index.php?rest_route=\/wp\/v2\/types\/post"}],"author":[{"embeddable":true,"href":"https:\/\/oaxacadiaadia.com\/index.php?rest_route=\/wp\/v2\/users\/1"}],"replies":[{"embeddable":true,"href":"https:\/\/oaxacadiaadia.com\/index.php?rest_route=%2Fwp%2Fv2%2Fcomments&post=226775"}],"version-history":[{"count":1,"href":"https:\/\/oaxacadiaadia.com\/index.php?rest_route=\/wp\/v2\/posts\/226775\/revisions"}],"predecessor-version":[{"id":226777,"href":"https:\/\/oaxacadiaadia.com\/index.php?rest_route=\/wp\/v2\/posts\/226775\/revisions\/226777"}],"wp:featuredmedia":[{"embeddable":true,"href":"https:\/\/oaxacadiaadia.com\/index.php?rest_route=\/wp\/v2\/media\/226776"}],"wp:attachment":[{"href":"https:\/\/oaxacadiaadia.com\/index.php?rest_route=%2Fwp%2Fv2%2Fmedia&parent=226775"}],"wp:term":[{"taxonomy":"category","embeddable":true,"href":"https:\/\/oaxacadiaadia.com\/index.php?rest_route=%2Fwp%2Fv2%2Fcategories&post=226775"},{"taxonomy":"post_tag","embeddable":true,"href":"https:\/\/oaxacadiaadia.com\/index.php?rest_route=%2Fwp%2Fv2%2Ftags&post=226775"}],"curies":[{"name":"wp","href":"https:\/\/api.w.org\/{rel}","templated":true}]}}