{"id":226771,"date":"2026-08-30T23:22:38","date_gmt":"2026-08-31T05:22:38","guid":{"rendered":"https:\/\/oaxacadiaadia.com\/?p=226771"},"modified":"2026-08-30T23:22:39","modified_gmt":"2026-08-31T05:22:39","slug":"seguridad-publica-de-oaxaca-miente-por-su-reputacion","status":"publish","type":"post","link":"https:\/\/oaxacadiaadia.com\/?p=226771","title":{"rendered":"Seguridad P\u00fablica de Oaxaca miente por su reputaci\u00f3n"},"content":{"rendered":"\n<figure class=\"wp-block-image size-full\"><a href=\"https:\/\/oaxacadiaadia.com\/wp-content\/uploads\/2026\/08\/Seguridad-Publica-de-Oaxaca-miente-por-su-reputacion-1.jpg\"><img loading=\"lazy\" decoding=\"async\" width=\"245\" height=\"432\" src=\"https:\/\/oaxacadiaadia.com\/wp-content\/uploads\/2026\/08\/Seguridad-Publica-de-Oaxaca-miente-por-su-reputacion-1.jpg\" alt=\"\" class=\"wp-image-226772\" srcset=\"https:\/\/oaxacadiaadia.com\/wp-content\/uploads\/2026\/08\/Seguridad-Publica-de-Oaxaca-miente-por-su-reputacion-1.jpg 245w, https:\/\/oaxacadiaadia.com\/wp-content\/uploads\/2026\/08\/Seguridad-Publica-de-Oaxaca-miente-por-su-reputacion-1-170x300.jpg 170w\" sizes=\"auto, (max-width: 245px) 100vw, 245px\" \/><\/a><\/figure>\n\n\n\n<p>*Desmiente periodista que el elemento que vend\u00eda arma de grueso calibre hubiera sido dado de baja<\/p>\n\n\n\n<!--more-->\n\n\n\n<p>Oaxaca, Oaxaca, Domingo 30 de Agosto, 2026, (Fuente: Ernesto Rojas Ayuzo\/ Facebook: Plataforma Informativa Oaxaca).- A la Secretar\u00eda de Seguridad y Protecci\u00f3n Ciudadana (SSPC) de Oaxaca parece haberle resultado m\u00e1s sencillo recurrir al desmentido, que explicar qu\u00e9 est\u00e1 pasando dentro de la Polic\u00eda Estatal Preventiva.<\/p>\n\n\n\n<p>El periodista Tom\u00e1s Mart\u00ednez Ju\u00e1rez, especializado en informaci\u00f3n policiaca desde hace por lo menos 30 a\u00f1os, difundi\u00f3 este pasado viernes una captura de lo que identifica como el registro interno de personal de Seguridad P\u00fablica, en la cual un hombre identificado como Juan P. G. G. aparece con estatus de \u201cACTIVO\u201d. Seg\u00fan la publicaci\u00f3n, el registro corresponder\u00eda al 1 de agosto de 2026, fecha en que el elemento habr\u00eda sido detenido.<\/p>\n\n\n\n<p>La informaci\u00f3n cobra relevancia porque esta semana se dio a conocer que un integrante de la Polic\u00eda Estatal fue detenido por agentes de investigaci\u00f3n cuando presuntamente pretend\u00eda vender un fusil AR-15 en San Antonio de la Cal.<\/p>\n\n\n\n<p>Durante la intervenci\u00f3n tambi\u00e9n le habr\u00edan asegurado droga y el caso qued\u00f3 en manos del Ministerio P\u00fablico Federal.<\/p>\n\n\n\n<p>De acuerdo con la versi\u00f3n publicada por Mart\u00ednez Ju\u00e1rez, el polic\u00eda todav\u00eda figuraba como elemento activo cuando ocurri\u00f3 su detenci\u00f3n y habr\u00eda sido dado de baja ese mismo d\u00eda.<\/p>\n\n\n\n<figure class=\"wp-block-image size-full\"><a href=\"https:\/\/oaxacadiaadia.com\/wp-content\/uploads\/2026\/08\/Seguridad-Publica-de-Oaxaca-miente-por-su-reputacion-2.jpg\"><img loading=\"lazy\" decoding=\"async\" width=\"265\" height=\"413\" src=\"https:\/\/oaxacadiaadia.com\/wp-content\/uploads\/2026\/08\/Seguridad-Publica-de-Oaxaca-miente-por-su-reputacion-2.jpg\" alt=\"\" class=\"wp-image-226773\" srcset=\"https:\/\/oaxacadiaadia.com\/wp-content\/uploads\/2026\/08\/Seguridad-Publica-de-Oaxaca-miente-por-su-reputacion-2.jpg 265w, https:\/\/oaxacadiaadia.com\/wp-content\/uploads\/2026\/08\/Seguridad-Publica-de-Oaxaca-miente-por-su-reputacion-2-192x300.jpg 192w\" sizes=\"auto, (max-width: 265px) 100vw, 265px\" \/><\/a><\/figure>\n\n\n\n<p>De confirmarse la autenticidad y fecha del registro exhibido, el documento pondr\u00eda en entredicho cualquier intento de presentar al detenido como una persona que ya no pertenec\u00eda a la corporaci\u00f3n al momento de los hechos.<\/p>\n\n\n\n<p>Y ah\u00ed est\u00e1 precisamente el problema para la SSPC: un desmentido no sustituye una explicaci\u00f3n.<\/p>\n\n\n\n<p>La dependencia tendr\u00eda que aclarar p\u00fablicamente cu\u00e1ndo ingres\u00f3 el elemento, cu\u00e1l era su adscripci\u00f3n, cu\u00e1ndo se orden\u00f3 formalmente su baja y, sobre todo, cu\u00e1l era su situaci\u00f3n administrativa exacta al momento de ser detenido.<\/p>\n\n\n\n<p>Tambi\u00e9n corresponde esclarecer el origen del arma asegurada, asunto que, seg\u00fan la informaci\u00f3n publicada, podr\u00eda formar parte de las investigaciones.<\/p>\n\n\n\n<p>La pol\u00e9mica se suma a los cuestionamientos recientes contra la corporaci\u00f3n por fotograf\u00edas difundidas en redes sociales en las que presuntamente aparecen polic\u00edas consumiendo bebidas alcoh\u00f3licas dentro de instalaciones oficiales, asegurando las involucradas, uso de IA para manipular las fotos, sin embargo, resultados del an\u00e1lisis de las im\u00e1genes, certifican que fueron manipuladas para borrar las cervezas de la mesa, siendo ese otro episodio que ha generado reclamos de explicaciones claras y no solamente negativas institucionales.<\/p>\n\n\n\n<p>La SSPC puede emitir todos los desmentidos que considere necesarios. Lo que no puede hacer un bolet\u00edn es borrar registros, fotograf\u00edas o investigaciones ministeriales.<\/p>\n\n\n\n<p>Si asegura que las versiones difundidas son falsas, la salida es bastante sencilla: documentos, fechas y pruebas sobre la mesa.<\/p>\n\n\n\n<p>Porque cuando una corporaci\u00f3n encargada de la seguridad p\u00fablica acumula se\u00f1alamientos sobre la conducta de sus propios elementos, el problema deja de ser lo que publican los periodistas. El problema es lo que ocurre dentro de la instituci\u00f3n y qu\u00e9 est\u00e1n haciendo sus mandos para corregirlo.<\/p>\n","protected":false},"excerpt":{"rendered":"<p>*Desmiente periodista que el elemento que vend\u00eda arma de grueso calibre hubiera sido dado de baja<\/p>\n","protected":false},"author":1,"featured_media":226772,"comment_status":"closed","ping_status":"closed","sticky":false,"template":"","format":"standard","meta":{"footnotes":""},"categories":[11,3,4],"tags":[],"class_list":["post-226771","post","type-post","status-publish","format-standard","has-post-thumbnail","hentry","category-capital","category-las-destacadas","category-policiaca"],"_links":{"self":[{"href":"https:\/\/oaxacadiaadia.com\/index.php?rest_route=\/wp\/v2\/posts\/226771","targetHints":{"allow":["GET"]}}],"collection":[{"href":"https:\/\/oaxacadiaadia.com\/index.php?rest_route=\/wp\/v2\/posts"}],"about":[{"href":"https:\/\/oaxacadiaadia.com\/index.php?rest_route=\/wp\/v2\/types\/post"}],"author":[{"embeddable":true,"href":"https:\/\/oaxacadiaadia.com\/index.php?rest_route=\/wp\/v2\/users\/1"}],"replies":[{"embeddable":true,"href":"https:\/\/oaxacadiaadia.com\/index.php?rest_route=%2Fwp%2Fv2%2Fcomments&post=226771"}],"version-history":[{"count":1,"href":"https:\/\/oaxacadiaadia.com\/index.php?rest_route=\/wp\/v2\/posts\/226771\/revisions"}],"predecessor-version":[{"id":226774,"href":"https:\/\/oaxacadiaadia.com\/index.php?rest_route=\/wp\/v2\/posts\/226771\/revisions\/226774"}],"wp:featuredmedia":[{"embeddable":true,"href":"https:\/\/oaxacadiaadia.com\/index.php?rest_route=\/wp\/v2\/media\/226772"}],"wp:attachment":[{"href":"https:\/\/oaxacadiaadia.com\/index.php?rest_route=%2Fwp%2Fv2%2Fmedia&parent=226771"}],"wp:term":[{"taxonomy":"category","embeddable":true,"href":"https:\/\/oaxacadiaadia.com\/index.php?rest_route=%2Fwp%2Fv2%2Fcategories&post=226771"},{"taxonomy":"post_tag","embeddable":true,"href":"https:\/\/oaxacadiaadia.com\/index.php?rest_route=%2Fwp%2Fv2%2Ftags&post=226771"}],"curies":[{"name":"wp","href":"https:\/\/api.w.org\/{rel}","templated":true}]}}