{"id":222983,"date":"2026-05-02T09:22:39","date_gmt":"2026-05-02T15:22:39","guid":{"rendered":"https:\/\/oaxacadiaadia.com\/?p=222983"},"modified":"2026-05-02T09:26:54","modified_gmt":"2026-05-02T15:26:54","slug":"nuevo-abuso-de-autoridad-de-policias-de-san-antonio-de-la-cal","status":"publish","type":"post","link":"https:\/\/oaxacadiaadia.com\/?p=222983","title":{"rendered":"Nuevo abuso de autoridad de polic\u00edas de San Antonio de la Cal"},"content":{"rendered":"\n<figure class=\"wp-block-image size-full\"><a href=\"https:\/\/oaxacadiaadia.com\/wp-content\/uploads\/2026\/05\/Nuevo-abuso-de-autoridad-de-policias-de-San-Antonio-de-la-Cal.jpg\"><img loading=\"lazy\" decoding=\"async\" width=\"257\" height=\"411\" src=\"https:\/\/oaxacadiaadia.com\/wp-content\/uploads\/2026\/05\/Nuevo-abuso-de-autoridad-de-policias-de-San-Antonio-de-la-Cal.jpg\" alt=\"\" class=\"wp-image-222984\" srcset=\"https:\/\/oaxacadiaadia.com\/wp-content\/uploads\/2026\/05\/Nuevo-abuso-de-autoridad-de-policias-de-San-Antonio-de-la-Cal.jpg 257w, https:\/\/oaxacadiaadia.com\/wp-content\/uploads\/2026\/05\/Nuevo-abuso-de-autoridad-de-policias-de-San-Antonio-de-la-Cal-188x300.jpg 188w\" sizes=\"auto, (max-width: 257px) 100vw, 257px\" \/><\/a><\/figure>\n\n\n\n<!--more-->\n\n\n\n<p>Oaxaca, Oaxaca, S\u00e1bado 02 de Mayo, 2026, (Fuente: Revista Tuc\u00e1n).- El empresario \u00c1lvaro Jim\u00e9nez denunci\u00f3 p\u00fablicamente actos de abuso de autoridad por parte de elementos policiacos del municipio de San Antonio de la Cal, cercano a la capital de Oaxaca.<\/p>\n\n\n\n<p>De acuerdo con su testimonio, fue detenido sin orden judicial y privado de su libertad de manera injustificada.<\/p>\n\n\n\n<p>Se\u00f1al\u00f3 que, hasta el momento, no ha tenido acercamiento con autoridades municipales para esclarecer los hechos ni se han iniciado acciones para sancionar a los responsables.<\/p>\n\n\n\n<p>Jim\u00e9nez tambi\u00e9n acus\u00f3 que durante el incidente se registraron delitos como robo y lesiones, adem\u00e1s de se\u00f1alar una grave agresi\u00f3n en contra de su hija de 14 a\u00f1os de edad por parte de los elementos involucrados.<\/p>\n\n\n\n<p>Ante esta situaci\u00f3n, hizo un llamado directo al edil, Alejandro Mart\u00ednez Garc\u00eda, mejor conocido como \u201cEl Pirri\u201d, para que se investigue el actuar de sus subordinados y se haga justicia.<\/p>\n\n\n\n<p>Hasta ahora no existe una postura oficial del ayuntamiento sobre estas acusaciones.<\/p>\n\n\n\n<p>Aqu\u00ed el testimonio de la v\u00edctima:<\/p>\n\n\n\n<figure class=\"wp-block-embed\"><div class=\"wp-block-embed__wrapper\">\nhttps:\/\/www.facebook.com\/share\/v\/1Dth75keFV\/.\n<\/div><\/figure>\n","protected":false},"excerpt":{"rendered":"","protected":false},"author":1,"featured_media":222984,"comment_status":"closed","ping_status":"closed","sticky":false,"template":"","format":"standard","meta":{"footnotes":""},"categories":[3,7,4,14],"tags":[],"class_list":["post-222983","post","type-post","status-publish","format-standard","has-post-thumbnail","hentry","category-las-destacadas","category-municipal","category-policiaca","category-titulares"],"_links":{"self":[{"href":"https:\/\/oaxacadiaadia.com\/index.php?rest_route=\/wp\/v2\/posts\/222983","targetHints":{"allow":["GET"]}}],"collection":[{"href":"https:\/\/oaxacadiaadia.com\/index.php?rest_route=\/wp\/v2\/posts"}],"about":[{"href":"https:\/\/oaxacadiaadia.com\/index.php?rest_route=\/wp\/v2\/types\/post"}],"author":[{"embeddable":true,"href":"https:\/\/oaxacadiaadia.com\/index.php?rest_route=\/wp\/v2\/users\/1"}],"replies":[{"embeddable":true,"href":"https:\/\/oaxacadiaadia.com\/index.php?rest_route=%2Fwp%2Fv2%2Fcomments&post=222983"}],"version-history":[{"count":1,"href":"https:\/\/oaxacadiaadia.com\/index.php?rest_route=\/wp\/v2\/posts\/222983\/revisions"}],"predecessor-version":[{"id":222985,"href":"https:\/\/oaxacadiaadia.com\/index.php?rest_route=\/wp\/v2\/posts\/222983\/revisions\/222985"}],"wp:featuredmedia":[{"embeddable":true,"href":"https:\/\/oaxacadiaadia.com\/index.php?rest_route=\/wp\/v2\/media\/222984"}],"wp:attachment":[{"href":"https:\/\/oaxacadiaadia.com\/index.php?rest_route=%2Fwp%2Fv2%2Fmedia&parent=222983"}],"wp:term":[{"taxonomy":"category","embeddable":true,"href":"https:\/\/oaxacadiaadia.com\/index.php?rest_route=%2Fwp%2Fv2%2Fcategories&post=222983"},{"taxonomy":"post_tag","embeddable":true,"href":"https:\/\/oaxacadiaadia.com\/index.php?rest_route=%2Fwp%2Fv2%2Ftags&post=222983"}],"curies":[{"name":"wp","href":"https:\/\/api.w.org\/{rel}","templated":true}]}}