{"id":222979,"date":"2026-05-02T09:21:20","date_gmt":"2026-05-02T15:21:20","guid":{"rendered":"https:\/\/oaxacadiaadia.com\/?p=222979"},"modified":"2026-05-02T09:21:21","modified_gmt":"2026-05-02T15:21:21","slug":"enviciaban-con-metanfetaminas-al-istmo","status":"publish","type":"post","link":"https:\/\/oaxacadiaadia.com\/?p=222979","title":{"rendered":"Enviciaban con metanfetaminas al Istmo"},"content":{"rendered":"\n<figure class=\"wp-block-image size-full\"><a href=\"https:\/\/oaxacadiaadia.com\/wp-content\/uploads\/2026\/05\/Enviciaban-con-metanfetaminas-al-Istmo.jpg\"><img loading=\"lazy\" decoding=\"async\" width=\"415\" height=\"245\" src=\"https:\/\/oaxacadiaadia.com\/wp-content\/uploads\/2026\/05\/Enviciaban-con-metanfetaminas-al-Istmo.jpg\" alt=\"\" class=\"wp-image-222980\" srcset=\"https:\/\/oaxacadiaadia.com\/wp-content\/uploads\/2026\/05\/Enviciaban-con-metanfetaminas-al-Istmo.jpg 415w, https:\/\/oaxacadiaadia.com\/wp-content\/uploads\/2026\/05\/Enviciaban-con-metanfetaminas-al-Istmo-300x177.jpg 300w\" sizes=\"auto, (max-width: 415px) 100vw, 415px\" \/><\/a><\/figure>\n\n\n\n<p>*Vinculan a proceso a tres hombres por suministro de metanfetamina en el Istmo de Oaxaca<\/p>\n\n\n\n<!--more-->\n\n\n\n<p>Oaxaca, Oaxaca, S\u00e1bado 02 de Mayo, 2026, (Fuente: Comunicado).- La Fiscal\u00eda General del Estado de Oaxaca (FGEO) logr\u00f3 la vinculaci\u00f3n a proceso de tres imputados por su probable responsabilidad en el delito de delitos contra la salud en la modalidad de narcomenudeo, espec\u00edficamente en su modalidad de suministro de metanfetamina, luego de ser detenidos en flagrancia en la regi\u00f3n del Istmo de Oaxaca.<\/p>\n\n\n\n<p>El pasado 1 de abril de 2026, agentes estatales de investigaci\u00f3n detectaron a unas personas quienes realizaban un intercambio de lo que parec\u00edan drogas en calles de la colonia Gustavo de la Cruz, perteneciente a Juchit\u00e1n de Zaragoza, momento en el que dos de las personas se percataron de la presencia de los elementos de seguridad.<\/p>\n\n\n\n<p>Tras observar la situaci\u00f3n los elementos de la Agencia Estatal de investigaciones procedieron a realizar una revisi\u00f3n a una persona del sexo masculino identificado como A.E.N.P., a quien se le localizaron 4 bolsitas de pl\u00e1stico \u2014tres con leyenda \u00ab100\u00bb y una con leyenda \u00ab50\u00bb\u2014 conteniendo una sustancia con caracter\u00edsticas similares a la droga conocida como metanfetamina.<\/p>\n\n\n\n<p>Mientras que a B.D.D.O., se le encontraron 4 bolsitas de pl\u00e1stico similares, conteniendo una sustancia con caracter\u00edsticas similares a la droga conocida como metanfetamina y al realizar la revisi\u00f3n a la persona identificada como \u00c1.A.M.L., se le aseguraron 8 bolsitas de pl\u00e1stico \u2014siete con leyenda \u00ab100\u00bb y una con leyenda \u00ab50\u00bb\u2014, con una sustancia similar a la droga conocida como metanfetamina.<\/p>\n\n\n\n<p>La Fiscal\u00eda de Oaxaca por estos hechos realiz\u00f3 la detenci\u00f3n correspondiente y puso a disposici\u00f3n de la autoridad ministerial a los tres detenidos, por lo que durante la audiencia el Juez de la causa determin\u00f3 la legalidad de la detenci\u00f3n de los tres imputados.<\/p>\n\n\n\n<p>Posteriormente, en audiencia y tras valorar las pruebas presentadas por la FGEO, el Juez de la causa resolvi\u00f3 la vinculaci\u00f3n a proceso por delitos contra la salud en la modalidad de narcomenudeo, espec\u00edficamente en su modalidad de suministro de metanfetamina contra los tres imputados, y les impuso prisi\u00f3n preventiva justificada como medida cautelar, tambi\u00e9n otorg\u00f3 un mes para el cierre de la investigaci\u00f3n.<\/p>\n\n\n\n<p>La Fiscal\u00eda General del Estado de Oaxaca subraya que aplica su capacidad operativa e investigativa de sus agentes en la regi\u00f3n del Istmo, y ratifica que las acciones contra el narcomenudeo continuar\u00e1n de manera permanente en todo el estado de Oaxaca.<\/p>\n\n\n\n<p><strong>Fiscal\u00eda de Oaxaca cumplimenta \u00f3rdenes de cateo en la Costa; detienen a dos personas por el delito de homicidio<\/strong><\/p>\n\n\n\n<p>En tanto, como parte de las labores de investigaci\u00f3n ministerial en el combate a delitos de alto impacto, la Fiscal\u00eda General del Estado de Oaxaca (FGEO) dio cumplimiento a dos \u00f3rdenes de cateo en la regi\u00f3n de la Costa, acciones que derivaron en la detenci\u00f3n de dos personas del sexo masculino, quienes son investigadas por su probable participaci\u00f3n en el delito de homicidio calificado con ventaja.<\/p>\n\n\n\n<p>El operativo fue coordinado por la FGEO, a trav\u00e9s de la Vicefiscal\u00eda Regional de la Costa, con la participaci\u00f3n de elementos de la Agencia Estatal de Investigaciones (AEI), en coordinaci\u00f3n con efectivos de la Secretar\u00eda de la Defensa Nacional (DEFENSA), la Secretar\u00eda de Marina (SEMAR) y la Polic\u00eda Estatal, quienes brindaron seguridad perimetral durante las intervenciones.<\/p>\n\n\n\n<p>Los mandatos judiciales se ejecutaron en dos domicilios ubicados en la comunidad de El Santo, perteneciente al municipio de Santiago Jamiltepec, en el marco de las investigaciones por el delito de homicidio calificado con ventaja, en agravio de las v\u00edctimas.<\/p>\n\n\n\n<p>Como resultado de estos operativos, fueron detenidos dos hombres identificados como C.G.H. y C.R.M., quienes fueron puestos a disposici\u00f3n de la autoridad ministerial correspondiente, a fin de que se determine su situaci\u00f3n jur\u00eddica legal.<\/p>\n\n\n\n<p>La Fiscal\u00eda General del Estado de Oaxaca reiter\u00f3 que las personas detenidas se presumen inocentes mientras no se declare su responsabilidad mediante sentencia emitida por la autoridad judicial, y reafirm\u00f3 su compromiso de realizar investigaciones exhaustivas, con estricto apego a la ley, para garantizar a las v\u00edctimas directas e indirectas el pleno acceso a la justicia.<\/p>\n\n\n\n<p><strong>Coordinaci\u00f3n interinstitucional permite cumplimiento de orden de aprehensi\u00f3n por homicidio en agravio de dos personas, cometido en la regi\u00f3n de la Cuenca<\/strong><\/p>\n\n\n\n<p>Por otra parte, la investigaci\u00f3n ministerial especializada en delitos de alto impacto que realiza la Fiscal\u00eda General del Estado de Oaxaca (FGEO), as\u00ed como el trabajo de colaboraci\u00f3n interinstitucional con la Fiscal\u00eda General de Quer\u00e9taro, permitieron ejecutar una orden de aprehensi\u00f3n en contra de una persona del sexo masculino identificada como R.D.S., por su probable responsabilidad en el delito de homicidio calificado, en hechos ocurridos en la regi\u00f3n de la Cuenca.<\/p>\n\n\n\n<p>De acuerdo con el expediente penal, los hechos se registraron el 20 de enero de 2018, cuando las v\u00edctimas circulaban a bordo de una motocicleta sobre la carretera federal Tuxtepec\u2013Ingenio Adolfo L\u00f3pez Mateos, a la altura de la colonia 23 de Noviembre.<\/p>\n\n\n\n<p>Las investigaciones ministeriales establecen que, en ese punto, las v\u00edctimas habr\u00edan sido impactadas por una camioneta tipo Nissan, lo que les provoc\u00f3 lesiones que derivaron en la p\u00e9rdida de la vida. Asimismo, una de las v\u00edctimas habr\u00eda quedado debajo del veh\u00edculo, siendo arrastrada varios metros sobre la carpeta asf\u00e1ltica.<\/p>\n\n\n\n<p>Derivado de diversos actos de investigaci\u00f3n realizados por la Vicefiscal\u00eda Regional de la Cuenca, se logr\u00f3 establecer la posible ubicaci\u00f3n del imputado en el estado de Quer\u00e9taro, por lo que se solicit\u00f3 la colaboraci\u00f3n interinstitucional para su localizaci\u00f3n y detenci\u00f3n.<\/p>\n\n\n\n<p>La ejecuci\u00f3n del mandato judicial fue realizada por elementos de la Agencia Estatal de Investigaciones (AEI), en coordinaci\u00f3n con Agentes de Investigaci\u00f3n de la Fiscal\u00eda de Quer\u00e9taro.<\/p>\n\n\n\n<p>Tras la detenci\u00f3n, se iniciaron los tr\u00e1mites legales correspondientes para su traslado al estado de Oaxaca, donde ser\u00e1 puesto a disposici\u00f3n de la autoridad competente, que determinar\u00e1 su situaci\u00f3n jur\u00eddica.<\/p>\n\n\n\n<p>La Fiscal\u00eda General del Estado de Oaxaca reitera su compromiso de trabajar de manera coordinada con las Fiscal\u00edas de otras entidades del pa\u00eds para que las v\u00edctimas tengan pleno acceso a la justicia y la reparaci\u00f3n del da\u00f1o.<\/p>\n","protected":false},"excerpt":{"rendered":"<p>*Vinculan a proceso a tres hombres por suministro de metanfetamina en el Istmo de Oaxaca<\/p>\n","protected":false},"author":1,"featured_media":222980,"comment_status":"closed","ping_status":"closed","sticky":false,"template":"","format":"standard","meta":{"footnotes":""},"categories":[3,7,4],"tags":[],"class_list":["post-222979","post","type-post","status-publish","format-standard","has-post-thumbnail","hentry","category-las-destacadas","category-municipal","category-policiaca"],"_links":{"self":[{"href":"https:\/\/oaxacadiaadia.com\/index.php?rest_route=\/wp\/v2\/posts\/222979","targetHints":{"allow":["GET"]}}],"collection":[{"href":"https:\/\/oaxacadiaadia.com\/index.php?rest_route=\/wp\/v2\/posts"}],"about":[{"href":"https:\/\/oaxacadiaadia.com\/index.php?rest_route=\/wp\/v2\/types\/post"}],"author":[{"embeddable":true,"href":"https:\/\/oaxacadiaadia.com\/index.php?rest_route=\/wp\/v2\/users\/1"}],"replies":[{"embeddable":true,"href":"https:\/\/oaxacadiaadia.com\/index.php?rest_route=%2Fwp%2Fv2%2Fcomments&post=222979"}],"version-history":[{"count":1,"href":"https:\/\/oaxacadiaadia.com\/index.php?rest_route=\/wp\/v2\/posts\/222979\/revisions"}],"predecessor-version":[{"id":222981,"href":"https:\/\/oaxacadiaadia.com\/index.php?rest_route=\/wp\/v2\/posts\/222979\/revisions\/222981"}],"wp:featuredmedia":[{"embeddable":true,"href":"https:\/\/oaxacadiaadia.com\/index.php?rest_route=\/wp\/v2\/media\/222980"}],"wp:attachment":[{"href":"https:\/\/oaxacadiaadia.com\/index.php?rest_route=%2Fwp%2Fv2%2Fmedia&parent=222979"}],"wp:term":[{"taxonomy":"category","embeddable":true,"href":"https:\/\/oaxacadiaadia.com\/index.php?rest_route=%2Fwp%2Fv2%2Fcategories&post=222979"},{"taxonomy":"post_tag","embeddable":true,"href":"https:\/\/oaxacadiaadia.com\/index.php?rest_route=%2Fwp%2Fv2%2Ftags&post=222979"}],"curies":[{"name":"wp","href":"https:\/\/api.w.org\/{rel}","templated":true}]}}