{"id":222976,"date":"2026-05-02T09:20:18","date_gmt":"2026-05-02T15:20:18","guid":{"rendered":"https:\/\/oaxacadiaadia.com\/?p=222976"},"modified":"2026-05-02T09:20:19","modified_gmt":"2026-05-02T15:20:19","slug":"recibe-salomon-peticiones-de-s-22","status":"publish","type":"post","link":"https:\/\/oaxacadiaadia.com\/?p=222976","title":{"rendered":"Recibe Salom\u00f3n peticiones de S-22"},"content":{"rendered":"\n<figure class=\"wp-block-image size-full\"><a href=\"https:\/\/oaxacadiaadia.com\/wp-content\/uploads\/2026\/05\/Recibe-Salomon-peticiones-de-S-22.jpg\"><img loading=\"lazy\" decoding=\"async\" width=\"423\" height=\"282\" src=\"https:\/\/oaxacadiaadia.com\/wp-content\/uploads\/2026\/05\/Recibe-Salomon-peticiones-de-S-22.jpg\" alt=\"\" class=\"wp-image-222977\" srcset=\"https:\/\/oaxacadiaadia.com\/wp-content\/uploads\/2026\/05\/Recibe-Salomon-peticiones-de-S-22.jpg 423w, https:\/\/oaxacadiaadia.com\/wp-content\/uploads\/2026\/05\/Recibe-Salomon-peticiones-de-S-22-300x200.jpg 300w\" sizes=\"auto, (max-width: 423px) 100vw, 423px\" \/><\/a><\/figure>\n\n\n\n<p>*El mandatario estatal recibi\u00f3 el pliego petitorio del magisterio oaxaque\u00f1o y reiter\u00f3 la disposici\u00f3n de su administraci\u00f3n para fortalecer la educaci\u00f3n p\u00fablica en la entidad<\/p>\n\n\n\n<!--more-->\n\n\n\n<p>Oaxaca, Oaxaca, S\u00e1bado 02 de Mayo, 2026, (Fuente: Comunicado).- Con voluntad pol\u00edtica y apertura al di\u00e1logo, el Gobernador Salom\u00f3n Jara Cruz recibi\u00f3 el pliego petitorio de la dirigencia de la Secci\u00f3n XXII del Sindicato Nacional de Trabajadores de la Educaci\u00f3n (SNTE) en Oaxaca e integrantes de la Coordinadora Nacional de Trabajadores de la Educaci\u00f3n (CNTE), con el objetivo de atender sus demandas a trav\u00e9s de un di\u00e1logo franco, respetuoso y constructivo.<\/p>\n\n\n\n<p>\u201cSomos un gobierno de puertas abiertas, que escucha y atiende los planteamientos del magisterio, con quien mantenemos una ruta de trabajo conjunta para fortalecer la educaci\u00f3n. Reconocemos en la Secci\u00f3n XXII a un movimiento que ha sido clave en la defensa de la educaci\u00f3n p\u00fablica, en la lucha por los derechos laborales, y en la construcci\u00f3n de una conciencia social profundamente arraigada en nuestras comunidades\u201d, expres\u00f3.<\/p>\n\n\n\n<p>Durante la actividad realizada en Palacio de Gobierno, el Mandatario estatal afirm\u00f3 que la convicci\u00f3n de su administraci\u00f3n es construir soluciones desde el respeto, la comunicaci\u00f3n y la responsabilidad compartida, con plena disposici\u00f3n para contribuir con la Federaci\u00f3n para la atenci\u00f3n de las solicitudes del profesorado.<\/p>\n\n\n\n<p>Por su parte, la dirigente magisterial Yenny Aracely P\u00e9rez Mart\u00ednez se\u00f1al\u00f3 que el pliego petitorio integra demandas acumuladas de a\u00f1os anteriores junto con planteamientos recientes, en \u00e1mbitos como el educativo, social, econ\u00f3mico y administrativo.<\/p>\n\n\n\n<p>Precis\u00f3 que algunos de los puntos responden a agendas de car\u00e1cter nacional impulsadas por la Coordinadora Nacional de Trabajadores de la Educaci\u00f3n (CNTE), mientras que otros corresponden a necesidades espec\u00edficas del estado, incluyendo temas de infraestructura escolar, condiciones laborales, seguridad social y atenci\u00f3n a problem\u00e1ticas cotidianas en los planteles.<\/p>\n\n\n\n<p>El director general del Instituto Estatal de Educaci\u00f3n P\u00fablica de Oaxaca (IEEPO), Emilio Montero P\u00e9rez indic\u00f3 que, tras la recepci\u00f3n del documento, se establecer\u00e1n mesas de trabajo para la atenci\u00f3n de los planteamientos, privilegiando la voluntad pol\u00edtica, el di\u00e1logo y la construcci\u00f3n de soluciones conjuntas.<\/p>\n","protected":false},"excerpt":{"rendered":"<p>*El mandatario estatal recibi\u00f3 el pliego petitorio del magisterio oaxaque\u00f1o y reiter\u00f3 la disposici\u00f3n de su administraci\u00f3n para fortalecer la<\/p>\n","protected":false},"author":1,"featured_media":222977,"comment_status":"closed","ping_status":"closed","sticky":false,"template":"","format":"standard","meta":{"footnotes":""},"categories":[11,3,14],"tags":[],"class_list":["post-222976","post","type-post","status-publish","format-standard","has-post-thumbnail","hentry","category-capital","category-las-destacadas","category-titulares"],"_links":{"self":[{"href":"https:\/\/oaxacadiaadia.com\/index.php?rest_route=\/wp\/v2\/posts\/222976","targetHints":{"allow":["GET"]}}],"collection":[{"href":"https:\/\/oaxacadiaadia.com\/index.php?rest_route=\/wp\/v2\/posts"}],"about":[{"href":"https:\/\/oaxacadiaadia.com\/index.php?rest_route=\/wp\/v2\/types\/post"}],"author":[{"embeddable":true,"href":"https:\/\/oaxacadiaadia.com\/index.php?rest_route=\/wp\/v2\/users\/1"}],"replies":[{"embeddable":true,"href":"https:\/\/oaxacadiaadia.com\/index.php?rest_route=%2Fwp%2Fv2%2Fcomments&post=222976"}],"version-history":[{"count":1,"href":"https:\/\/oaxacadiaadia.com\/index.php?rest_route=\/wp\/v2\/posts\/222976\/revisions"}],"predecessor-version":[{"id":222978,"href":"https:\/\/oaxacadiaadia.com\/index.php?rest_route=\/wp\/v2\/posts\/222976\/revisions\/222978"}],"wp:featuredmedia":[{"embeddable":true,"href":"https:\/\/oaxacadiaadia.com\/index.php?rest_route=\/wp\/v2\/media\/222977"}],"wp:attachment":[{"href":"https:\/\/oaxacadiaadia.com\/index.php?rest_route=%2Fwp%2Fv2%2Fmedia&parent=222976"}],"wp:term":[{"taxonomy":"category","embeddable":true,"href":"https:\/\/oaxacadiaadia.com\/index.php?rest_route=%2Fwp%2Fv2%2Fcategories&post=222976"},{"taxonomy":"post_tag","embeddable":true,"href":"https:\/\/oaxacadiaadia.com\/index.php?rest_route=%2Fwp%2Fv2%2Ftags&post=222976"}],"curies":[{"name":"wp","href":"https:\/\/api.w.org\/{rel}","templated":true}]}}