{"id":222956,"date":"2026-05-01T07:59:41","date_gmt":"2026-05-01T13:59:41","guid":{"rendered":"https:\/\/oaxacadiaadia.com\/?p=222956"},"modified":"2026-05-01T08:03:55","modified_gmt":"2026-05-01T14:03:55","slug":"inicia-disputa-por-rectoria-de-la-uabjo","status":"publish","type":"post","link":"https:\/\/oaxacadiaadia.com\/?p=222956","title":{"rendered":"Inicia disputa por la rector\u00eda de la UABJO"},"content":{"rendered":"\n<p>*Despu\u00e9s de una d\u00e9cada, habr\u00e1 rector en la Universidad Aut\u00f3noma \u201cBenito Ju\u00e1rez\u201d de Oaxaca<\/p>\n\n\n\n<figure class=\"wp-block-image size-full\"><a href=\"https:\/\/oaxacadiaadia.com\/wp-content\/uploads\/2026\/05\/Despues-de-una-decada-habra-rector-en-la-UABJO.jpg\"><img loading=\"lazy\" decoding=\"async\" width=\"408\" height=\"306\" src=\"https:\/\/oaxacadiaadia.com\/wp-content\/uploads\/2026\/05\/Despues-de-una-decada-habra-rector-en-la-UABJO.jpg\" alt=\"\" class=\"wp-image-222957\" srcset=\"https:\/\/oaxacadiaadia.com\/wp-content\/uploads\/2026\/05\/Despues-de-una-decada-habra-rector-en-la-UABJO.jpg 408w, https:\/\/oaxacadiaadia.com\/wp-content\/uploads\/2026\/05\/Despues-de-una-decada-habra-rector-en-la-UABJO-300x225.jpg 300w\" sizes=\"auto, (max-width: 408px) 100vw, 408px\" \/><\/a><\/figure>\n\n\n\n<!--more-->\n\n\n\n<p>Oaxaca, Oaxaca, Viernes 01 de Mayo, 2026, (Fuente: Lisbeth Mej\u00eda Reyes \/ Agencia Zona Roja y X: @jaimeguerrero08).- Despu\u00e9s de 10 a\u00f1os del \u00faltimo proceso, habr\u00e1 elecci\u00f3n para rector de la Universidad Aut\u00f3noma \u201cBenito Ju\u00e1rez\u201d de Oaxaca.<\/p>\n\n\n\n<p>Este 30 de abril, en solitario o con recorridos a manera de calenda, al menos tres aspirantes a dirigir la UABJO acudieron a la Facultad de Bellas Artes para inscribirse como candidatos ante la Comisi\u00f3n Electoral del Consejo Universitario, rumbo a la elecci\u00f3n del pr\u00f3ximo 13 de mayo.<\/p>\n\n\n\n<p>Antes del proceso, eran al menos siete los precandidatos que hab\u00edan externado su aspiraci\u00f3n a la rector\u00eda, aunque fueron declinando. Am\u00edlcar Sosa Velasco, uno de ellos, se baj\u00f3 de la contienda en favor de Farid Acevedo, un d\u00eda antes del registro.<\/p>\n\n\n\n<p>Por la noche, el Consejo Universitario inform\u00f3 que finalmente se inscribieron cinco, todos varones: Alexander P\u00e9rez Carrera, Rolando del Puerto, Farid Acevedo L\u00f3pez, Ignacio V\u00edctor Robles y Enrique Mart\u00ednez.<\/p>\n\n\n\n<p>En cuanto a los candidatos destacados, todos egresados de la UABJO, han tenido una trayectoria docente en la m\u00e1xima casa de estudios de Oaxaca, pero tambi\u00e9n han incursionado en la pol\u00edtica.<\/p>\n\n\n\n<p>Ahora buscan la rector\u00eda para el periodo 2026-2030 y suceder a Cristian Eder Carre\u00f1o, quien lleg\u00f3 al puesto en 2022 como rector interino y despu\u00e9s fue confirmado en el cargo para cumplir el periodo 2022-2026.<\/p>\n\n\n\n<p>Antes de esta elecci\u00f3n, la UABJO solamente hab\u00eda tenido votaciones en mayo del 2016, cuando fue electo como rector Eduardo Bautista Mart\u00ednez para el periodo 2016-2020.<\/p>\n\n\n\n<p>Sin embargo, por la pandemia de Covid-19, el Consejo Universitario le prorrog\u00f3 el cargo por dos a\u00f1os m\u00e1s, hasta que en abril de 2022 renunci\u00f3 en medio de presiones por su salida.<\/p>\n\n\n\n<p>La nueva contienda se da en un contexto en el que se han denunciado actos anticipados de campa\u00f1a y la presunta intromisi\u00f3n del gobierno estatal en la UABJO, instituci\u00f3n que hasta el ciclo escolar 2024-2025 contaba con una matr\u00edcula de 29,259.<\/p>\n\n\n\n<p>El mayor n\u00famero en el nivel superior (con alrededor de 20,017) y el resto en el medio superior (9,242), de acuerdo con la Direcci\u00f3n General de Educaci\u00f3n Superior Universitaria e Intercultural del gobierno federal.<\/p>\n\n\n\n<p><strong>Los candidatos<\/strong><\/p>\n\n\n\n<p>Alexander P\u00e9rez Carrera, el primero en inscribirse como candidato, cuenta con maestr\u00eda en Derecho Constitucional, tambi\u00e9n en Litigio Estrat\u00e9gico Internacional en Derechos Humanos (Ginebra, Suiza) y doctorante en Derecho.<\/p>\n\n\n\n<p>Ha sido coordinador de Estudios de Posgrado de la Facultad de Derecho y Ciencias Sociales de la UABJO (2016-2019) y coordinador de Capacitaci\u00f3n y Derechos Humanos del Tribunal de Justicia Administrativa del Estado de Oaxaca.<\/p>\n\n\n\n<p>En 2025, asumi\u00f3 el cargo de secretario municipal en el ayuntamiento de Oaxaca de Ju\u00e1rez, de donde renunci\u00f3 en marzo para participar en la elecci\u00f3n. P\u00e9rez se\u00f1ala contar con 19 a\u00f1os de trayectoria docente.<\/p>\n\n\n\n<p>Enrique Mart\u00ednez Mart\u00ednez egres\u00f3 como odont\u00f3logo de la UABJO y se especializ\u00f3 en cirug\u00eda maxilofacial en el Hospital Ju\u00e1rez de M\u00e9xico.<\/p>\n\n\n\n<p>Realiz\u00f3 la maestr\u00eda en Educaci\u00f3n, Campo de Planeaci\u00f3n y Administraci\u00f3n de la Educaci\u00f3n en la UABJO, adem\u00e1s de ser doctor en Ciencias Odontol\u00f3gicas por la Universidad de Granada, Espa\u00f1a. En la docencia, el candidato refiere contar con 38 a\u00f1os de experiencia.<\/p>\n\n\n\n<p>Farid Acevedo L\u00f3pez renunci\u00f3 en marzo al cargo de secretario de Finanzas para participar en la contienda. Antes de ser parte de la administraci\u00f3n del gobernador Salom\u00f3n Jara, fue presidente municipal de San Pablo Huitzo. Seg\u00fan su curr\u00edculum, de 2008 a 2021 fue catedr\u00e1tico de Contadur\u00eda y Administraci\u00f3n en la UABJO. Adem\u00e1s de socio y director general en Ideas Estrat\u00e9gicas de Negocios de Antequera S.C. (2006-2021).<\/p>\n\n\n\n<p><strong>\u201cDebe haber piso parejo para todos\u201d: Mart\u00ednez Mart\u00ednez llama a debatir y exige equidad al registrarse como candidato a la rector\u00eda de la UABJO<\/strong><\/p>\n\n\n\n<p>Por su parte, Enrique Mart\u00ednez Mart\u00ednez formaliz\u00f3 este jueves su registro como candidato a la rector\u00eda de la Universidad Aut\u00f3noma Benito Ju\u00e1rez de Oaxaca (UABJO) ante la Comisi\u00f3n Electoral, en el arranque del proceso que definir\u00e1 a la m\u00e1xima autoridad universitaria para el periodo 2026-2030.<\/p>\n\n\n\n<p>Al concluir el tr\u00e1mite, el aspirante \u2014nombrado en los c\u00edrculos universitarios como \u201cKike\u201d y ligado al PT\u2014 lanz\u00f3 una invitaci\u00f3n a debatir abiertamente las propuestas de los contendientes y exigi\u00f3 condiciones de equidad para todos los participantes, al advertir presuntos signos de favoritismo dentro del proceso.<\/p>\n\n\n\n<p>\u201cDebe haber piso parejo para todos\u201d, sostuvo Mart\u00ednez Mart\u00ednez, quien se\u00f1al\u00f3 que recurrir\u00e1 a los mecanismos legales correspondientes para impugnar cualquier irregularidad que se presente durante la contienda.<\/p>\n\n\n\n<p>El candidato tambi\u00e9n exhort\u00f3 a actores externos \u2014en particular al gobierno estatal\u2014 a no intervenir en la elecci\u00f3n universitaria y permitir que el proceso se desarrolle con plena autonom\u00eda.<\/p>\n\n\n\n<p>\u201cTienen que ser los universitarios los que diriman la elecci\u00f3n con los universitarios; no con manos extra\u00f1as fuera de la instituci\u00f3n\u201d, hab\u00eda declarado en semanas previas.<\/p>\n\n\n\n<p>En ese sentido, pidi\u00f3 al Consejo Electoral de la UABJO conducirse con imparcialidad y garantizar transparencia en la jornada electoral programada para el 13 de mayo, antes de emitir el fallo que determine al ganador.<\/p>\n\n\n\n<p>Respecto a su proyecto, el candidato adelant\u00f3 que centrar\u00e1 su campa\u00f1a en propuestas orientadas a mejorar las condiciones acad\u00e9micas y el bienestar de los estudiantes, aunque no detall\u00f3 a\u00fan los ejes espec\u00edficos de su plataforma.<\/p>\n\n\n\n<p>La contienda por la rector\u00eda transcurre bajo la sombra de se\u00f1alamientos cruzados y presiones que rebasan el \u00e1mbito universitario.<\/p>\n\n\n\n<p>El Frente por la Defensa de la Autonom\u00eda Universitaria, vinculado al bloque que respalda la candidatura de Mart\u00ednez Mart\u00ednez, ha denunciado amenazas de \u00f3rdenes de aprehensi\u00f3n y despidos injustificados contra l\u00edderes sindicales y catedr\u00e1ticos opositores, ante lo cual solicitaron el amparo de la justicia federal.<\/p>\n\n\n\n<p>Tambi\u00e9n tienen ligas con el partido del trabajo.<\/p>\n\n\n\n<p>El proceso representa el retorno a elecciones directas tras nueve a\u00f1os de interinatos, siendo la \u00faltima contienda electiva completa la de 2017.<\/p>\n\n\n\n<p>La UABJO agrupa a m\u00e1s de 30 mil estudiantes en 31 unidades acad\u00e9micas y cuenta con una planta docente de m\u00e1s de mil 800 trabajadores. La elecci\u00f3n est\u00e1 programada para el 13 de mayo, con votaci\u00f3n en cada una de las escuelas y facultades de la casa de estudios.<\/p>\n\n\n\n<p><strong>Con Enrique Mart\u00ednez, universitarios dan lecci\u00f3n de autonom\u00eda en un registro hist\u00f3rico<\/strong><\/p>\n\n\n\n<p>De este modo, a pesar de la tensi\u00f3n y la incertidumbre sobre lo que pudiera ocurrir durante la jornada de este d\u00eda, el registro del candidato de los universitarios Enrique Mart\u00ednez Mart\u00ednez se llev\u00f3 a cabo con un rotundo \u00e9xito, respaldado por la verdadera fuerza de la comunidad acad\u00e9mica y estudiantil.<\/p>\n\n\n\n<p>Lejos de los acarreos y los excesos, hoy los universitarios demostraron que no se necesita el dinero del gobierno ni el aparato de Estado para que su voz sea escuchada.<\/p>\n\n\n\n<p>Sin lonas millonarias, pero armados con cartulinas hechas a mano, creatividad y convicci\u00f3n, lograron comunicar el verdadero sentir de quienes caminan las aulas todos los d\u00edas.<\/p>\n\n\n\n<p>En un acto de profunda rebeld\u00eda pac\u00edfica y simbolismo pol\u00edtico, la comunidad se adue\u00f1\u00f3 del espacio que estaba destinado para el mitin del candidato del gobierno.<\/p>\n\n\n\n<p>Desde ese lugar, mandaron un mensaje claro y contundente de orgullo y dignidad, haciendo retumbar el espacio con una sola voz al entonar las consignas que ya definen a este movimiento: \u201c\u00a1La UABJO no se vende!\u201d y \u201c\u00a1Yo s\u00ed soy UABJO!\u201d.<\/p>\n\n\n\n<p>Este hist\u00f3rico momento deja una lecci\u00f3n imborrable: la M\u00e1xima Casa de Estudios le pertenece \u00fanica y exclusivamente a sus estudiantes, a sus docentes y a sus trabajadores, no a los intereses pol\u00edticos externos.<\/p>\n\n\n\n<p>Hoy ha quedado claro que la verdadera fuerza no radica en el presupuesto oficial, sino en la valent\u00eda de una comunidad que se niega a la imposici\u00f3n. El despertar universitario es imparable y la defensa de la autonom\u00eda ya comenz\u00f3.<\/p>\n\n\n\n<p><strong>Farid Acevedo llama a blindar a la UABJO de la pol\u00edtica y arranca campa\u00f1a con la autonom\u00eda universitaria como bandera<\/strong><\/p>\n\n\n\n<p>Por otra parte, en un acto de arranque de campa\u00f1a que reuni\u00f3 a miles de simpatizantes de las 25 unidades acad\u00e9micas de la Universidad Aut\u00f3noma \u201cBenito Ju\u00e1rez\u201d de Oaxaca (UABJO), Farid Acevedo L\u00f3pez lanz\u00f3 un mensaje de franca resistencia frente a las presiones pol\u00edticas externas que han marcado el proceso de elecci\u00f3n rectoral.<\/p>\n\n\n\n<p>\u201cLo que est\u00e1 en juego es mucho m\u00e1s trascendente y profundo que nuestras posiciones pol\u00edticas\u201d, afirm\u00f3 al convocar a la comunidad universitaria a anteponer el futuro de la instituci\u00f3n por encima de cualquier interferencia partidista o gubernamental.<\/p>\n\n\n\n<p>Bajo el lema \u201cUnidad en la pluralidad, por la grandeza de nuestra universidad\u201d, Acevedo L\u00f3pez present\u00f3 formalmente su candidatura a la rector\u00eda del periodo 2026-2030 con un discurso que traz\u00f3 una l\u00ednea clara entre el proyecto universitario que propone y las presiones que amenazan la vida aut\u00f3noma de la m\u00e1xima casa de estudios del estado.<\/p>\n\n\n\n<p>\u201cDefenderemos, con firmeza y responsabilidad, la autonom\u00eda universitaria, como un principio constitucional irrenunciable y una conquista hist\u00f3rica que define nuestra identidad\u201d, sostuvo ante sus simpatizantes, en una declaraci\u00f3n que en el contexto del proceso rectoral, adquiere una carga pol\u00edtica.<\/p>\n\n\n\n<p>En materia acad\u00e9mica, el candidato plante\u00f3 garantizar procesos educativos rigurosos, incluyentes y actualizados, con la premisa de que \u201cla excelencia acad\u00e9mica solo es aut\u00e9ntica cuando camina de la mano de la equidad\u201d.<\/p>\n\n\n\n<p>Comprometi\u00f3 adem\u00e1s una gesti\u00f3n financiera transparente y de largo plazo, orientada a que los recursos de la instituci\u00f3n se traduzcan en beneficios reales para su funci\u00f3n sustantiva: investigaci\u00f3n, docencia y ampliaci\u00f3n de oportunidades para toda la comunidad.<\/p>\n\n\n\n<p>Acevedo L\u00f3pez anunci\u00f3 tambi\u00e9n una gesti\u00f3n estrat\u00e9gica de modernizaci\u00f3n de infraestructura, entendida como la construcci\u00f3n de entornos dignos, seguros y funcionales para el aprendizaje y la convivencia, as\u00ed como el compromiso de hacer cumplir la normatividad universitaria.<\/p>\n\n\n\n<p>\u201cLa norma no es un obst\u00e1culo, es una garant\u00eda de justicia, orden y equidad\u201d, precis\u00f3.<\/p>\n\n\n\n<p>En el plano de la vinculaci\u00f3n social, coloc\u00f3 como eje del proyecto la relaci\u00f3n de la UABJO con la sociedad oaxaque\u00f1a y comprometi\u00f3 a la instituci\u00f3n con contribuir a la soluci\u00f3n de los problemas del estado.<\/p>\n\n\n\n<p>Convoc\u00f3 adem\u00e1s a todas las expresiones universitarias a hacer del proceso electoral un ejercicio de civilidad y democracia.<\/p>\n\n\n\n<p>\u201cEn la Universidad cabemos todos por igual\u201d, afirm\u00f3.<\/p>\n\n\n\n<p>El candidato cerr\u00f3 su intervenci\u00f3n con un llamado a construir el nuevo proyecto institucional de la mano de investigadores, docentes, personal administrativo y, de manera central, de los estudiantes.<\/p>\n\n\n\n<p>\u201cLas y los estudiantes son el coraz\u00f3n vivo de esta Universidad y la esperanza de transformaci\u00f3n de nuestra naci\u00f3n\u201d, concluy\u00f3, en un cierre que condens\u00f3 el tono pol\u00edtico y acad\u00e9mico que marc\u00f3 todo su discurso de arranque.<\/p>\n\n\n\n<p><strong>Va Farid Acevedo por agenda acad\u00e9mica y estabilidad institucional<\/strong><\/p>\n\n\n\n<p>De este modo, Farid Acevedo L\u00f3pez inici\u00f3 este mi\u00e9rcoles su campa\u00f1a como candidato a la Rector\u00eda de la Universidad Aut\u00f3noma \u201cBenito Ju\u00e1rez\u201d de Oaxaca (UABJO) para el periodo 2026\u20132030, con un llamado a fortalecer la academia con inclusi\u00f3n y calidad, garantizar la sostenibilidad financiera de la instituci\u00f3n y recuperar la vinculaci\u00f3n social de la m\u00e1xima casa de estudios del estado.<\/p>\n\n\n\n<p>Ante miles de estudiantes, docentes y trabajadores universitarios, Farid Acevedo sostuvo que la UABJO atraviesa un momento decisivo que exige orden institucional, respeto a la normatividad y una conducci\u00f3n acad\u00e9mica que permita recuperar la confianza de su comunidad.<\/p>\n\n\n\n<p>\u201cLa Universidad debe reconciliarse consigo misma, fortalecer su vida acad\u00e9mica y ejercer su autonom\u00eda con responsabilidad y legalidad\u201d, afirm\u00f3 durante el arranque de campa\u00f1a.<\/p>\n\n\n\n<p>El aspirante a Rector plante\u00f3 como eje central de su proyecto el fortalecimiento de la academia, con planes y programas educativos pertinentes, inclusi\u00f3n estudiantil y respaldo al trabajo docente, como base para recuperar el prestigio universitario.<\/p>\n\n\n\n<p>Asimismo, subray\u00f3 que la transformaci\u00f3n institucional debe sostenerse en la estabilidad y sostenibilidad financiera, mediante el uso responsable y transparente de los recursos, as\u00ed como una gesti\u00f3n eficiente ante instancias estatales y federales.<\/p>\n\n\n\n<p>En materia de infraestructura, Acevedo se\u00f1al\u00f3 la necesidad de una planeaci\u00f3n estrat\u00e9gica para la rehabilitaci\u00f3n y mejora de aulas, laboratorios y espacios universitarios, con el objetivo de garantizar condiciones dignas para el aprendizaje y la investigaci\u00f3n.<\/p>\n\n\n\n<p>Uno de los puntos centrales de su mensaje fue la defensa de la autonom\u00eda universitaria, la cual \u2014dijo\u2014 debe ejercerse con estricto apego a la normatividad interna y con el fortalecimiento de los \u00f3rganos de gobierno de la UABJO.<\/p>\n\n\n\n<p>\u201cLa autonom\u00eda se fortalece cuando hay orden, legalidad y decisiones tomadas en beneficio de toda la comunidad universitaria\u201d, sostuvo.<\/p>\n\n\n\n<p>En ese contexto, hizo un llamado a dejar atr\u00e1s las divisiones internas y a avanzar hacia un proyecto incluyente que privilegie el di\u00e1logo y la estabilidad institucional.<\/p>\n\n\n\n<p>Acevedo destac\u00f3 tambi\u00e9n la importancia de reforzar la vinculaci\u00f3n social de la Universidad con su entorno, para que la labor acad\u00e9mica impacte de manera directa en las comunidades, el desarrollo social y los sectores productivos de Oaxaca.<\/p>\n\n\n\n<p>\u201cLa UABJO no puede estar al margen de la realidad del estado; debe ser un actor activo en su transformaci\u00f3n social\u201d, se\u00f1al\u00f3.<\/p>\n\n\n\n<p>El arranque de campa\u00f1a se desarroll\u00f3 en un ambiente de participaci\u00f3n y expectativa por el proceso de renovaci\u00f3n de la Rector\u00eda, que definir\u00e1 el rumbo de la Universidad para el periodo 2026\u20132030.<\/p>\n\n\n\n<p>\u201cLa UABJO debe volver a ser un espacio de orgullo acad\u00e9mico y de servicio para Oaxaca\u201d, concluy\u00f3.<\/p>\n\n\n\n<p><strong>Farid Acevedo se registra como candidato a la rector\u00eda de la UABJO con respaldo de m\u00e1s de 25 unidades acad\u00e9micas<\/strong><\/p>\n\n\n\n<p>Antes, en una demostraci\u00f3n de m\u00fasculo pol\u00edtico, universitario y acad\u00e9mico, Farid Acevedo L\u00f3pez present\u00f3 este jueves su registro como candidato a la rector\u00eda de la UABJO, tras encabezar una multitudinaria marcha Calenda desde Ciudad Universitaria hasta la Facultad de Bellas Artes, acompa\u00f1ado por m\u00e1s de 25 comunidades acad\u00e9micas.<\/p>\n\n\n\n<p>La marcha calenda, expresi\u00f3n festiva y combativa, sirvi\u00f3 como escenario para que Acevedo L\u00f3pez mostrara la amplitud de su respaldo universitario antes de presentar su documentaci\u00f3n ante la Comisi\u00f3n Electoral, en las instalaciones del Exconvento de San Jos\u00e9, en el Centro Hist\u00f3rico de Oaxaca de Ju\u00e1rez.<\/p>\n\n\n\n<p>El contingente que acompa\u00f1\u00f3 al candidato estuvo integrado por directivos, docentes, trabajadores administrativos y estudiantes provenientes de m\u00e1s de 25 escuelas, facultades e institutos de la universidad, en lo que sus simpatizantes describieron como una muestra de contundencia de cara a la jornada electoral del pr\u00f3ximo 13 de mayo.<\/p>\n\n\n\n<p>La candidatura de Acevedo L\u00f3pez llega fortalecida adem\u00e1s por la reciente declinaci\u00f3n de Amilcar Sosa Velasco, quien este mismo d\u00eda anunci\u00f3 su retiro de la contienda y sum\u00f3 su base de apoyo al proyecto del doctor Farid, consolidando as\u00ed un frente amplio universitario frente al candidato ligado al Partido del Trabajo (PT), Enrique Mart\u00ednez Mart\u00ednez, quien enfrenta la jornada electoral con el respaldo de su grupo de catedr\u00e1ticos.<\/p>\n\n\n\n<p>El registro de candidaturas se llev\u00f3 a cabo este 30 de abril en la Facultad de Bellas Artes, en un horario de 09:00 a 18:00 horas, conforme a lo establecido en la convocatoria publicada el pasado 28 de abril, que fij\u00f3 la elecci\u00f3n rectoral para el 13 de mayo de 2026 en todas las escuelas, facultades, institutos y dependencias administrativas de la UABJO.<\/p>\n\n\n\n<p><strong>Aspirante a rector de la UABJO denuncia actos anticipados de campa\u00f1a de sus contrincantes<\/strong><\/p>\n\n\n\n<p>A su vez, Alexander P\u00e9rez Carrera, docente de la Facultad de Derecho y candidato a la rector\u00eda de la Universidad Aut\u00f3noma \u201cBenito Ju\u00e1rez\u201d de Oaxaca (UABJO), denunci\u00f3 ante la Comisi\u00f3n Electoral del Consejo Universitario irregularidades en las que, a su juicio, habr\u00edan incurrido otros aspirantes al mismo cargo antes de obtener su registro oficial.<\/p>\n\n\n\n<p>Al momento de formalizar su propia candidatura, P\u00e9rez Carrera se\u00f1al\u00f3 que las mega calendas proselitistas realizadas por sus contrincantes previo al registro constituyen actos anticipados de campa\u00f1a, lo que deber\u00eda impedirles acceder a la constancia de candidatura.<\/p>\n\n\n\n<p>\u201cEs un delito y eso implicar\u00eda que no puedan ser acreedores a esta constancia\u201d, afirm\u00f3 el aspirante, mostrando su hoja de registro tras haber cubierto el protocolo correspondiente. \u201cEn consecuencia no podr\u00edan ser candidatos a la Rector\u00eda\u201d, a\u00f1adi\u00f3.<\/p>\n\n\n\n<p>El docente apel\u00f3 a su formaci\u00f3n jur\u00eddica para respaldar su postura: \u201cVengo de la Facultad de Derecho, la casa de las leyes en Oaxaca y no podemos permitir que iniciemos un procedimiento violando las leyes del mismo. Somos 100% UABJO y lo que bien inicia bien culmina. Vamos a tener una Universidad con excelencia acad\u00e9mica, le vamos a regresar su prestigio. Somos 100% UABJO y pr\u00f3ximo Rector.\u201d<\/p>\n\n\n\n<p>La denuncia se suma a la pol\u00e9mica que rodean el proceso de selecci\u00f3n del nuevo rector de la m\u00e1xima casa de estudios oaxaque\u00f1a, cuya elecci\u00f3n ha estado marcada por se\u00f1alamientos de intervenci\u00f3n pol\u00edtica externa.<\/p>\n","protected":false},"excerpt":{"rendered":"<p>*Despu\u00e9s de una d\u00e9cada, habr\u00e1 rector en la Universidad Aut\u00f3noma \u201cBenito Ju\u00e1rez\u201d de Oaxaca<\/p>\n","protected":false},"author":1,"featured_media":222957,"comment_status":"closed","ping_status":"closed","sticky":false,"template":"","format":"standard","meta":{"footnotes":""},"categories":[11,3,5,14],"tags":[],"class_list":["post-222956","post","type-post","status-publish","format-standard","has-post-thumbnail","hentry","category-capital","category-las-destacadas","category-politica","category-titulares"],"_links":{"self":[{"href":"https:\/\/oaxacadiaadia.com\/index.php?rest_route=\/wp\/v2\/posts\/222956","targetHints":{"allow":["GET"]}}],"collection":[{"href":"https:\/\/oaxacadiaadia.com\/index.php?rest_route=\/wp\/v2\/posts"}],"about":[{"href":"https:\/\/oaxacadiaadia.com\/index.php?rest_route=\/wp\/v2\/types\/post"}],"author":[{"embeddable":true,"href":"https:\/\/oaxacadiaadia.com\/index.php?rest_route=\/wp\/v2\/users\/1"}],"replies":[{"embeddable":true,"href":"https:\/\/oaxacadiaadia.com\/index.php?rest_route=%2Fwp%2Fv2%2Fcomments&post=222956"}],"version-history":[{"count":2,"href":"https:\/\/oaxacadiaadia.com\/index.php?rest_route=\/wp\/v2\/posts\/222956\/revisions"}],"predecessor-version":[{"id":222971,"href":"https:\/\/oaxacadiaadia.com\/index.php?rest_route=\/wp\/v2\/posts\/222956\/revisions\/222971"}],"wp:featuredmedia":[{"embeddable":true,"href":"https:\/\/oaxacadiaadia.com\/index.php?rest_route=\/wp\/v2\/media\/222957"}],"wp:attachment":[{"href":"https:\/\/oaxacadiaadia.com\/index.php?rest_route=%2Fwp%2Fv2%2Fmedia&parent=222956"}],"wp:term":[{"taxonomy":"category","embeddable":true,"href":"https:\/\/oaxacadiaadia.com\/index.php?rest_route=%2Fwp%2Fv2%2Fcategories&post=222956"},{"taxonomy":"post_tag","embeddable":true,"href":"https:\/\/oaxacadiaadia.com\/index.php?rest_route=%2Fwp%2Fv2%2Ftags&post=222956"}],"curies":[{"name":"wp","href":"https:\/\/api.w.org\/{rel}","templated":true}]}}