{"id":222947,"date":"2026-05-01T07:57:03","date_gmt":"2026-05-01T13:57:03","guid":{"rendered":"https:\/\/oaxacadiaadia.com\/?p=222947"},"modified":"2026-05-01T08:04:50","modified_gmt":"2026-05-01T14:04:50","slug":"mas-de-10-mil-ninas-y-ninos-celebran-su-dia","status":"publish","type":"post","link":"https:\/\/oaxacadiaadia.com\/?p=222947","title":{"rendered":"M\u00e1s de 10 mil ni\u00f1as y ni\u00f1os celebraron su d\u00eda"},"content":{"rendered":"\n<figure class=\"wp-block-image size-full\"><a href=\"https:\/\/oaxacadiaadia.com\/wp-content\/uploads\/2026\/05\/Mas-de-10-mil-ninas-y-ninos-celebran-su-dia-1.jpg\"><img loading=\"lazy\" decoding=\"async\" width=\"448\" height=\"299\" src=\"https:\/\/oaxacadiaadia.com\/wp-content\/uploads\/2026\/05\/Mas-de-10-mil-ninas-y-ninos-celebran-su-dia-1.jpg\" alt=\"\" class=\"wp-image-222948\" srcset=\"https:\/\/oaxacadiaadia.com\/wp-content\/uploads\/2026\/05\/Mas-de-10-mil-ninas-y-ninos-celebran-su-dia-1.jpg 448w, https:\/\/oaxacadiaadia.com\/wp-content\/uploads\/2026\/05\/Mas-de-10-mil-ninas-y-ninos-celebran-su-dia-1-300x200.jpg 300w\" sizes=\"auto, (max-width: 448px) 100vw, 448px\" \/><\/a><\/figure>\n\n\n\n<p>*El gobernador Salom\u00f3n Jara y la Presidenta del DIF Oaxaca, Irma Bola\u00f1os Quijano, encabezaron la Fiesta de la Ni\u00f1ez Oaxaque\u00f1a, evento desarrollado en el Parque Primavera Oaxaque\u00f1a Cho Ndob\u00e1<\/p>\n\n\n\n<p>*En este marco se entregaron 10 mil juguetes a igual n\u00famero de asistentes, quienes tambi\u00e9n disfrutaron de actividades recreativas y did\u00e1cticas, as\u00ed como de alimentos y bebidas<\/p>\n\n\n\n<!--more-->\n\n\n\n<p>Oaxaca, Oaxaca, Viernes 01 de Mayo, 2026, (Fuente: Comunicado).- Con mucha alegr\u00eda y efusividad, y ante m\u00e1s de 10 mil ni\u00f1as y ni\u00f1os, acompa\u00f1ados de sus seres queridos, el Gobernador Salom\u00f3n Jara Cruz y la Presidenta Honoraria del Sistema DIF Oaxaca, Irma Bola\u00f1os Quijano encabezaron la Fiesta de la Ni\u00f1ez Oaxaque\u00f1a realizada en el Parque Primavera Oaxaque\u00f1a Cho Ndob\u00e1.<\/p>\n\n\n\n<p>En este espacio impulsado por el organismo estatal y dedicado a celebrar a las infancias, el titular del Poder Ejecutivo destac\u00f3 que este evento se convierte en un encuentro de fiesta, donde las y los asistentes pueden ejercer plenamente su derecho al juego con actividades recreativas y did\u00e1cticas que fortalezcan su sano esparcimiento y desarrollo.<\/p>\n\n\n\n<p>\u201cUstedes son el futuro de Oaxaca y de nuestras familias, por eso nos inspira celebrar hoy su d\u00eda. Quiero decirles que nuestro gobierno siempre va a acompa\u00f1arlas y acompa\u00f1arlos en todo momento, porque queremos cuidarlos y que el d\u00eda de ma\u00f1ana la entidad sea un estado de paz y justicia\u201d, resalt\u00f3.<\/p>\n\n\n\n<p>En tanto, la Presidenta Honoraria del Sistema Estatal DIF, Irma Bola\u00f1os Quijano enfatiz\u00f3 que se trabaja para que la ni\u00f1ez tenga un espacio digno y amplio donde pueda jugar y disfrutar en familia.<\/p>\n\n\n\n<p>Como parte de las actividades, las ni\u00f1as y ni\u00f1os pudieron disfrutar de juegos mec\u00e1nicos, actividades de destreza, talleres de manualidades, espect\u00e1culo de payasos, presentaciones musicales, pintacaritas, muestra de lucha libre, as\u00ed como alimentos y bebidas.<\/p>\n\n\n\n<figure class=\"wp-block-gallery has-nested-images columns-default is-cropped wp-block-gallery-1 is-layout-flex wp-block-gallery-is-layout-flex\">\n<figure class=\"wp-block-image size-large\"><a href=\"https:\/\/oaxacadiaadia.com\/wp-content\/uploads\/2026\/05\/Mas-de-10-mil-ninas-y-ninos-celebran-su-dia-1.jpeg\"><img loading=\"lazy\" decoding=\"async\" width=\"448\" height=\"299\" data-id=\"222954\" src=\"https:\/\/oaxacadiaadia.com\/wp-content\/uploads\/2026\/05\/Mas-de-10-mil-ninas-y-ninos-celebran-su-dia-1.jpeg\" alt=\"\" class=\"wp-image-222954\" srcset=\"https:\/\/oaxacadiaadia.com\/wp-content\/uploads\/2026\/05\/Mas-de-10-mil-ninas-y-ninos-celebran-su-dia-1.jpeg 448w, https:\/\/oaxacadiaadia.com\/wp-content\/uploads\/2026\/05\/Mas-de-10-mil-ninas-y-ninos-celebran-su-dia-1-300x200.jpeg 300w\" sizes=\"auto, (max-width: 448px) 100vw, 448px\" \/><\/a><\/figure>\n\n\n\n<figure class=\"wp-block-image size-large\"><a href=\"https:\/\/oaxacadiaadia.com\/wp-content\/uploads\/2026\/05\/Mas-de-10-mil-ninas-y-ninos-celebran-su-dia-2.jpeg\"><img loading=\"lazy\" decoding=\"async\" width=\"410\" height=\"274\" data-id=\"222951\" src=\"https:\/\/oaxacadiaadia.com\/wp-content\/uploads\/2026\/05\/Mas-de-10-mil-ninas-y-ninos-celebran-su-dia-2.jpeg\" alt=\"\" class=\"wp-image-222951\" srcset=\"https:\/\/oaxacadiaadia.com\/wp-content\/uploads\/2026\/05\/Mas-de-10-mil-ninas-y-ninos-celebran-su-dia-2.jpeg 410w, https:\/\/oaxacadiaadia.com\/wp-content\/uploads\/2026\/05\/Mas-de-10-mil-ninas-y-ninos-celebran-su-dia-2-300x200.jpeg 300w\" sizes=\"auto, (max-width: 410px) 100vw, 410px\" \/><\/a><\/figure>\n\n\n\n<figure class=\"wp-block-image size-large\"><a href=\"https:\/\/oaxacadiaadia.com\/wp-content\/uploads\/2026\/05\/Mas-de-10-mil-ninas-y-ninos-celebran-su-dia-2.jpg\"><img loading=\"lazy\" decoding=\"async\" width=\"448\" height=\"299\" data-id=\"222953\" src=\"https:\/\/oaxacadiaadia.com\/wp-content\/uploads\/2026\/05\/Mas-de-10-mil-ninas-y-ninos-celebran-su-dia-2.jpg\" alt=\"\" class=\"wp-image-222953\" srcset=\"https:\/\/oaxacadiaadia.com\/wp-content\/uploads\/2026\/05\/Mas-de-10-mil-ninas-y-ninos-celebran-su-dia-2.jpg 448w, https:\/\/oaxacadiaadia.com\/wp-content\/uploads\/2026\/05\/Mas-de-10-mil-ninas-y-ninos-celebran-su-dia-2-300x200.jpg 300w\" sizes=\"auto, (max-width: 448px) 100vw, 448px\" \/><\/a><\/figure>\n\n\n\n<figure class=\"wp-block-image size-large\"><a href=\"https:\/\/oaxacadiaadia.com\/wp-content\/uploads\/2026\/05\/Mas-de-10-mil-ninas-y-ninos-celebran-su-dia-3.jpeg\"><img loading=\"lazy\" decoding=\"async\" width=\"410\" height=\"274\" data-id=\"222950\" src=\"https:\/\/oaxacadiaadia.com\/wp-content\/uploads\/2026\/05\/Mas-de-10-mil-ninas-y-ninos-celebran-su-dia-3.jpeg\" alt=\"\" class=\"wp-image-222950\" srcset=\"https:\/\/oaxacadiaadia.com\/wp-content\/uploads\/2026\/05\/Mas-de-10-mil-ninas-y-ninos-celebran-su-dia-3.jpeg 410w, https:\/\/oaxacadiaadia.com\/wp-content\/uploads\/2026\/05\/Mas-de-10-mil-ninas-y-ninos-celebran-su-dia-3-300x200.jpeg 300w\" sizes=\"auto, (max-width: 410px) 100vw, 410px\" \/><\/a><\/figure>\n\n\n\n<figure class=\"wp-block-image size-large\"><a href=\"https:\/\/oaxacadiaadia.com\/wp-content\/uploads\/2026\/05\/Mas-de-10-mil-ninas-y-ninos-celebran-su-dia-3.jpg\"><img loading=\"lazy\" decoding=\"async\" width=\"423\" height=\"282\" data-id=\"222952\" src=\"https:\/\/oaxacadiaadia.com\/wp-content\/uploads\/2026\/05\/Mas-de-10-mil-ninas-y-ninos-celebran-su-dia-3.jpg\" alt=\"\" class=\"wp-image-222952\" srcset=\"https:\/\/oaxacadiaadia.com\/wp-content\/uploads\/2026\/05\/Mas-de-10-mil-ninas-y-ninos-celebran-su-dia-3.jpg 423w, https:\/\/oaxacadiaadia.com\/wp-content\/uploads\/2026\/05\/Mas-de-10-mil-ninas-y-ninos-celebran-su-dia-3-300x200.jpg 300w\" sizes=\"auto, (max-width: 423px) 100vw, 423px\" \/><\/a><\/figure>\n\n\n\n<figure class=\"wp-block-image size-large\"><a href=\"https:\/\/oaxacadiaadia.com\/wp-content\/uploads\/2026\/05\/Mas-de-10-mil-ninas-y-ninos-celebran-su-dia-4.jpg\"><img loading=\"lazy\" decoding=\"async\" width=\"448\" height=\"299\" data-id=\"222949\" src=\"https:\/\/oaxacadiaadia.com\/wp-content\/uploads\/2026\/05\/Mas-de-10-mil-ninas-y-ninos-celebran-su-dia-4.jpg\" alt=\"\" class=\"wp-image-222949\" srcset=\"https:\/\/oaxacadiaadia.com\/wp-content\/uploads\/2026\/05\/Mas-de-10-mil-ninas-y-ninos-celebran-su-dia-4.jpg 448w, https:\/\/oaxacadiaadia.com\/wp-content\/uploads\/2026\/05\/Mas-de-10-mil-ninas-y-ninos-celebran-su-dia-4-300x200.jpg 300w\" sizes=\"auto, (max-width: 448px) 100vw, 448px\" \/><\/a><\/figure>\n<\/figure>\n\n\n\n<p>Adem\u00e1s, Jara Cruz y Bola\u00f1os Quijano entregaron de manera directa 10 mil juguetes, con la finalidad de que este sector pase horas de diversi\u00f3n junto a sus familiares.<\/p>\n\n\n\n<p>En este marco, el Mandatario estatal y la Presidenta Honoraria del Sistema DIF Oaxaca inauguraron la reja \u201cLos Peces\u201d en memoria del artista pl\u00e1stico Francisco Benjam\u00edn L\u00f3pez Toledo, la cual tiene una extensi\u00f3n de m\u00e1s de 1 kil\u00f3metro y rodea al Parque Primavera Oaxaque\u00f1a Cho Ndob\u00e1; adem\u00e1s de la exposici\u00f3n de las esculturas \u201c2 mil 501 migrantes\u201d de Alejandro Santiago Ram\u00edrez; y los nuevos juegos y espacios instalados dentro de este recinto.<\/p>\n\n\n\n<p><strong>Celebra Consejer\u00eda Jur\u00eddica D\u00eda de la Ni\u00f1a y el Ni\u00f1o en Natividad<\/strong><\/p>\n\n\n\n<p>Por otra parte, con motivo del D\u00eda de la Ni\u00f1a y el Ni\u00f1o, la Consejer\u00eda Jur\u00eddica y Asistencia Legal del gobierno de Oaxaca realiz\u00f3 la lectura del cuento \u00bfSoy tuyo? de Alex Latimer, el cual narra la historia del huevo de un dinosaurio que se extrav\u00eda de su madre.<\/p>\n\n\n\n<p>Ante estudiantes de la Escuela Primaria 11 de julio y otras instituciones educativas del municipio Natividad (ubicado en el distrito de Ixtl\u00e1n, regi\u00f3n Sierra de Ju\u00e1rez de Oaxaca), y en el marco del programa Fomento a la Lectura, el consejero jur\u00eddico, Geovany V\u00e1squez Sagrero mencion\u00f3 la importancia de inculcar este h\u00e1bito desde edades tempranas.<\/p>\n\n\n\n<p>\u201cA nombre del Gobernador Salom\u00f3n Jara Cruz estamos cumpliendo la encomienda de trabajar de la mano con la ni\u00f1ez, a fin de mejorar su comprensi\u00f3n lectora, acceso a la cultura y una sana recreaci\u00f3n\u201d, destac\u00f3 desde esta demarcaci\u00f3n de la Sierra de Ju\u00e1rez.<\/p>\n\n\n\n<p>En este evento, las y los asistentes demostraron su creatividad al hacer figuras de plastilina, adem\u00e1s recibieron juguetes y realizaron otras actividades recreativas.<\/p>\n","protected":false},"excerpt":{"rendered":"<p>*El gobernador Salom\u00f3n Jara y la Presidenta del DIF Oaxaca, Irma Bola\u00f1os Quijano, encabezaron la Fiesta de la Ni\u00f1ez Oaxaque\u00f1a,<\/p>\n","protected":false},"author":1,"featured_media":222948,"comment_status":"closed","ping_status":"closed","sticky":false,"template":"","format":"standard","meta":{"footnotes":""},"categories":[11,8,3,7],"tags":[],"class_list":["post-222947","post","type-post","status-publish","format-standard","has-post-thumbnail","hentry","category-capital","category-cultura","category-las-destacadas","category-municipal"],"_links":{"self":[{"href":"https:\/\/oaxacadiaadia.com\/index.php?rest_route=\/wp\/v2\/posts\/222947","targetHints":{"allow":["GET"]}}],"collection":[{"href":"https:\/\/oaxacadiaadia.com\/index.php?rest_route=\/wp\/v2\/posts"}],"about":[{"href":"https:\/\/oaxacadiaadia.com\/index.php?rest_route=\/wp\/v2\/types\/post"}],"author":[{"embeddable":true,"href":"https:\/\/oaxacadiaadia.com\/index.php?rest_route=\/wp\/v2\/users\/1"}],"replies":[{"embeddable":true,"href":"https:\/\/oaxacadiaadia.com\/index.php?rest_route=%2Fwp%2Fv2%2Fcomments&post=222947"}],"version-history":[{"count":2,"href":"https:\/\/oaxacadiaadia.com\/index.php?rest_route=\/wp\/v2\/posts\/222947\/revisions"}],"predecessor-version":[{"id":222972,"href":"https:\/\/oaxacadiaadia.com\/index.php?rest_route=\/wp\/v2\/posts\/222947\/revisions\/222972"}],"wp:featuredmedia":[{"embeddable":true,"href":"https:\/\/oaxacadiaadia.com\/index.php?rest_route=\/wp\/v2\/media\/222948"}],"wp:attachment":[{"href":"https:\/\/oaxacadiaadia.com\/index.php?rest_route=%2Fwp%2Fv2%2Fmedia&parent=222947"}],"wp:term":[{"taxonomy":"category","embeddable":true,"href":"https:\/\/oaxacadiaadia.com\/index.php?rest_route=%2Fwp%2Fv2%2Fcategories&post=222947"},{"taxonomy":"post_tag","embeddable":true,"href":"https:\/\/oaxacadiaadia.com\/index.php?rest_route=%2Fwp%2Fv2%2Ftags&post=222947"}],"curies":[{"name":"wp","href":"https:\/\/api.w.org\/{rel}","templated":true}]}}