{"id":222922,"date":"2026-04-30T08:45:58","date_gmt":"2026-04-30T14:45:58","guid":{"rendered":"https:\/\/oaxacadiaadia.com\/?p=222922"},"modified":"2026-04-30T08:45:59","modified_gmt":"2026-04-30T14:45:59","slug":"queda-firme-eleccion-en-eloxochitlan","status":"publish","type":"post","link":"https:\/\/oaxacadiaadia.com\/?p=222922","title":{"rendered":"Queda firme elecci\u00f3n en Eloxochitl\u00e1n"},"content":{"rendered":"\n<figure class=\"wp-block-image size-full\"><a href=\"https:\/\/oaxacadiaadia.com\/wp-content\/uploads\/2026\/04\/Queda-firme-eleccion-en-Eloxochitlan.jpg\"><img loading=\"lazy\" decoding=\"async\" width=\"416\" height=\"234\" src=\"https:\/\/oaxacadiaadia.com\/wp-content\/uploads\/2026\/04\/Queda-firme-eleccion-en-Eloxochitlan.jpg\" alt=\"\" class=\"wp-image-222923\" srcset=\"https:\/\/oaxacadiaadia.com\/wp-content\/uploads\/2026\/04\/Queda-firme-eleccion-en-Eloxochitlan.jpg 416w, https:\/\/oaxacadiaadia.com\/wp-content\/uploads\/2026\/04\/Queda-firme-eleccion-en-Eloxochitlan-300x169.jpg 300w\" sizes=\"auto, (max-width: 416px) 100vw, 416px\" \/><\/a><\/figure>\n\n\n\n<p>*La sala Xalapa del TEPJF anula elecci\u00f3n en Santa Cruz Acatepec<\/p>\n\n\n\n<!--more-->\n\n\n\n<p>Oaxaca, Oaxaca, Jueves 30 de Abril, 2026, (Fuente: X: @jaimeguerrero08).- La Sala Xalapa del Tribunal Electoral del Poder Judicial de la Federaci\u00f3n (TEPJF) ratific\u00f3 este mi\u00e9rcoles la elecci\u00f3n de concejales en Eloxochitl\u00e1n de Flores Mag\u00f3n, del distrito de Teotitl\u00e1n de Flores Mag\u00f3n, regi\u00f3n Sierra de Flores Mag\u00f3n de Oaxaca, al desestimar los agravios sobre campa\u00f1a anticipada, elegibilidad y paridad de g\u00e9nero.<\/p>\n\n\n\n<p>En el expediente SX-JDC-107\/2026 y acumulados, la Sala Regional del Tribunal Electoral del Poder Judicial de la Federaci\u00f3n (TEPJF) confirm\u00f3 la sentencia del Tribunal Electoral del Estado de Oaxaca (TEEO), en el expediente JNI\/147\/2025 y acumulados, que a su vez hab\u00eda confirmado la validez de la elecci\u00f3n de integrantes del Ayuntamiento de Eloxochitl\u00e1n de Flores Mag\u00f3n.<\/p>\n\n\n\n<p>El caso obedece a una disputa poselectoral que ven\u00eda agitando a este municipio mazateco de la regi\u00f3n Ca\u00f1ada desde la asamblea electiva del 23 de noviembre de 2025, en la que la planilla encabezada por Joel Alonso P\u00e9rez Cerqueda obtuvo 908 votos frente a los 736 de Manuel Zepeda Cort\u00e9s y los 327 de Gaspar Betanzos Fuentes, resultado que el IEEPCO hab\u00eda declarado jur\u00eddicamente v\u00e1lido.<\/p>\n\n\n\n<p>El conflicto se recrudeci\u00f3 desde diciembre de 2025, cuando un grupo de inconformes tom\u00f3 el palacio municipal.<\/p>\n\n\n\n<p>El inmueble permaneci\u00f3 bajo control de la diputada local de MORENA, Elisa Zepeda Lagunas, y su padre, el ex presidente municipal Manuel Zepeda, a trav\u00e9s de su organizaci\u00f3n denominada Consejo Ind\u00edgena.&nbsp;<\/p>\n\n\n\n<p>Este mi\u00e9rcoles, la Sala Xalapa determin\u00f3 que no se acreditaron actos anticipados de campa\u00f1a, al no identificarse llamados expl\u00edcitos ni impl\u00edcitos al voto a favor del candidato electo.<\/p>\n\n\n\n<p>Asimismo, estableci\u00f3 que la convocatoria fue difundida de manera adecuada, conforme a las certificaciones emitidas por la Secretar\u00eda Municipal, las cuales tienen valor probatorio pleno de acuerdo con la normativa aplicable.<\/p>\n\n\n\n<p>La Sala tambi\u00e9n descart\u00f3 que las personas candidatas electas hubieran incumplido requisitos de elegibilidad, y consider\u00f3 que no se afect\u00f3 el principio de paridad, ya que la integraci\u00f3n final representa la aproximaci\u00f3n m\u00e1s cercana posible a dicho principio en el caso concreto.<\/p>\n\n\n\n<p>En materia de paridad, el TEPJF vincul\u00f3 al Instituto Electoral local, a trav\u00e9s de la Direcci\u00f3n Ejecutiva de Sistemas Normativos Ind\u00edgenas (DESNI), para que en coordinaci\u00f3n con la autoridad municipal implemente acciones que fomenten la participaci\u00f3n pol\u00edtica de las mujeres y faciliten su acceso a cargos de elecci\u00f3n popular, en atenci\u00f3n al principio de progresividad y respetando la autonom\u00eda comunitaria.<\/p>\n\n\n\n<p>En el expediente SX-JDC-108\/2026, la Sala confirm\u00f3 la sentencia del TEEO en el expediente JNI\/47\/2026, que a su vez hab\u00eda validado el acuerdo del Consejo General del IEEPCO que declar\u00f3 jur\u00eddicamente v\u00e1lida la elecci\u00f3n de concejal\u00edas de San Pedro Ocopetatillo.<\/p>\n\n\n\n<p>El tribunal determin\u00f3 que la sola presentaci\u00f3n de dos actas de Asamblea General Comunitaria no invalida por s\u00ed misma el proceso.<\/p>\n\n\n\n<p>Concluy\u00f3 que el acta emitida por la autoridad municipal re\u00fane los elementos necesarios para acreditar la validez de la elecci\u00f3n al ajustarse al Sistema Normativo Interno, mientras que el acta atribuida a la mesa de debates presenta inconsistencias y contradicciones que le restan valor probatorio.<\/p>\n\n\n\n<p>Bajo el principio de m\u00ednima intervenci\u00f3n, la Sala estim\u00f3 que anular el proceso habr\u00eda implicado afectar el consenso comunitario y reactivar conflictos previamente superados.<\/p>\n\n\n\n<p>Distinto fue el caso de Santa Cruz Acatepec. La Sala confirm\u00f3 la resoluci\u00f3n del TEEO en el expediente que hab\u00eda revocado el acuerdo del IEEPCO que declar\u00f3 jur\u00eddicamente v\u00e1lida esa elecci\u00f3n de concejal\u00edas.<\/p>\n\n\n\n<p>El tribunal federal sostuvo la anulaci\u00f3n, aunque por razones distintas a las del tribunal local: ni el acta de la asamblea electiva ni los videos aportados como pruebas permiten tener certeza de que la elecci\u00f3n se realiz\u00f3 v\u00e1lidamente, por lo que orden\u00f3 una nueva elecci\u00f3n.<\/p>\n","protected":false},"excerpt":{"rendered":"<p>*La sala Xalapa del TEPJF anula elecci\u00f3n en Santa Cruz Acatepec<\/p>\n","protected":false},"author":1,"featured_media":222923,"comment_status":"closed","ping_status":"closed","sticky":false,"template":"","format":"standard","meta":{"footnotes":""},"categories":[3,7,13,5],"tags":[],"class_list":["post-222922","post","type-post","status-publish","format-standard","has-post-thumbnail","hentry","category-las-destacadas","category-municipal","category-nacional","category-politica"],"_links":{"self":[{"href":"https:\/\/oaxacadiaadia.com\/index.php?rest_route=\/wp\/v2\/posts\/222922","targetHints":{"allow":["GET"]}}],"collection":[{"href":"https:\/\/oaxacadiaadia.com\/index.php?rest_route=\/wp\/v2\/posts"}],"about":[{"href":"https:\/\/oaxacadiaadia.com\/index.php?rest_route=\/wp\/v2\/types\/post"}],"author":[{"embeddable":true,"href":"https:\/\/oaxacadiaadia.com\/index.php?rest_route=\/wp\/v2\/users\/1"}],"replies":[{"embeddable":true,"href":"https:\/\/oaxacadiaadia.com\/index.php?rest_route=%2Fwp%2Fv2%2Fcomments&post=222922"}],"version-history":[{"count":1,"href":"https:\/\/oaxacadiaadia.com\/index.php?rest_route=\/wp\/v2\/posts\/222922\/revisions"}],"predecessor-version":[{"id":222924,"href":"https:\/\/oaxacadiaadia.com\/index.php?rest_route=\/wp\/v2\/posts\/222922\/revisions\/222924"}],"wp:featuredmedia":[{"embeddable":true,"href":"https:\/\/oaxacadiaadia.com\/index.php?rest_route=\/wp\/v2\/media\/222923"}],"wp:attachment":[{"href":"https:\/\/oaxacadiaadia.com\/index.php?rest_route=%2Fwp%2Fv2%2Fmedia&parent=222922"}],"wp:term":[{"taxonomy":"category","embeddable":true,"href":"https:\/\/oaxacadiaadia.com\/index.php?rest_route=%2Fwp%2Fv2%2Fcategories&post=222922"},{"taxonomy":"post_tag","embeddable":true,"href":"https:\/\/oaxacadiaadia.com\/index.php?rest_route=%2Fwp%2Fv2%2Ftags&post=222922"}],"curies":[{"name":"wp","href":"https:\/\/api.w.org\/{rel}","templated":true}]}}