{"id":222910,"date":"2026-04-30T08:43:41","date_gmt":"2026-04-30T14:43:41","guid":{"rendered":"https:\/\/oaxacadiaadia.com\/?p=222910"},"modified":"2026-04-30T08:49:38","modified_gmt":"2026-04-30T14:49:38","slug":"concluye-evaluacion-de-delegaciones-rumbo-a-la-guelaguetza","status":"publish","type":"post","link":"https:\/\/oaxacadiaadia.com\/?p=222910","title":{"rendered":"Concluye evaluaci\u00f3n de delegaciones rumbo a la Guelaguetza"},"content":{"rendered":"\n<figure class=\"wp-block-image size-full\"><a href=\"https:\/\/oaxacadiaadia.com\/wp-content\/uploads\/2026\/04\/Concluye-evaluacion-de-delegaciones-rumbo-a-la-Guelaguetza-1.jpg\"><img loading=\"lazy\" decoding=\"async\" width=\"461\" height=\"308\" src=\"https:\/\/oaxacadiaadia.com\/wp-content\/uploads\/2026\/04\/Concluye-evaluacion-de-delegaciones-rumbo-a-la-Guelaguetza-1.jpg\" alt=\"\" class=\"wp-image-222911\" srcset=\"https:\/\/oaxacadiaadia.com\/wp-content\/uploads\/2026\/04\/Concluye-evaluacion-de-delegaciones-rumbo-a-la-Guelaguetza-1.jpg 461w, https:\/\/oaxacadiaadia.com\/wp-content\/uploads\/2026\/04\/Concluye-evaluacion-de-delegaciones-rumbo-a-la-Guelaguetza-1-300x200.jpg 300w\" sizes=\"auto, (max-width: 461px) 100vw, 461px\" \/><\/a><\/figure>\n\n\n\n<p>*En la primera semana de mayo se anunciar\u00e1n las seleccionadas<\/p>\n\n\n\n<!--more-->\n\n\n\n<p>Oaxaca, Oaxaca, Jueves 30 de Abril, 2026, (Fuente: Comunicado).- El gobierno del estado, a trav\u00e9s de la Secretar\u00eda de las Culturas y Artes (SECULTA), informa que concluy\u00f3 el proceso de evaluaci\u00f3n de las delegaciones que participar\u00e1n en las emisiones de la Guelaguetza 2026, a realizarse el 20 y 27 de julio.<\/p>\n\n\n\n<p>Este proceso se llev\u00f3 a cabo del 10 al 26 de abril, as\u00ed como el martes 28, con la participaci\u00f3n de m\u00e1s de 80 delegaciones de las ocho regiones del estado: Costa, Istmo de Tehuantepec, Mixteca, Cuenca del Papaloapan, Sierra de Flores Mag\u00f3n, Sierra de Ju\u00e1rez, Sierra Sur y Valles Centrales.<\/p>\n\n\n\n<p>Las jornadas de evaluaci\u00f3n contaron con el acompa\u00f1amiento de 24 grupos de Consejeros y Consejeras Interculturales, integrados por tres personas de cada una de las culturas: mixteca, afromexicana, chatina, mestiza, zapoteca, zoque, ikoots, chocholteca, mazateca, mixe, tacuate y amuzga.<\/p>\n\n\n\n<p>En coordinaci\u00f3n con personal de la SECULTA, se acudi\u00f3 de manera presencial a cada uno de los municipios para realizar la valoraci\u00f3n de las presentaciones en territorio, en las que se consideraron elementos culturales, hist\u00f3ricos y de representaci\u00f3n comunitaria.<\/p>\n\n\n\n<figure class=\"wp-block-gallery has-nested-images columns-default is-cropped wp-block-gallery-1 is-layout-flex wp-block-gallery-is-layout-flex\">\n<figure class=\"wp-block-image size-large\"><a href=\"https:\/\/oaxacadiaadia.com\/wp-content\/uploads\/2026\/04\/Concluye-evaluacion-de-delegaciones-rumbo-a-la-Guelaguetza-2.jpg\"><img loading=\"lazy\" decoding=\"async\" width=\"462\" height=\"308\" data-id=\"222912\" src=\"https:\/\/oaxacadiaadia.com\/wp-content\/uploads\/2026\/04\/Concluye-evaluacion-de-delegaciones-rumbo-a-la-Guelaguetza-2.jpg\" alt=\"\" class=\"wp-image-222912\" srcset=\"https:\/\/oaxacadiaadia.com\/wp-content\/uploads\/2026\/04\/Concluye-evaluacion-de-delegaciones-rumbo-a-la-Guelaguetza-2.jpg 462w, https:\/\/oaxacadiaadia.com\/wp-content\/uploads\/2026\/04\/Concluye-evaluacion-de-delegaciones-rumbo-a-la-Guelaguetza-2-300x200.jpg 300w\" sizes=\"auto, (max-width: 462px) 100vw, 462px\" \/><\/a><\/figure>\n\n\n\n<figure class=\"wp-block-image size-large\"><a href=\"https:\/\/oaxacadiaadia.com\/wp-content\/uploads\/2026\/04\/Concluye-evaluacion-de-delegaciones-rumbo-a-la-Guelaguetza-3.jpg\"><img loading=\"lazy\" decoding=\"async\" width=\"461\" height=\"308\" data-id=\"222914\" src=\"https:\/\/oaxacadiaadia.com\/wp-content\/uploads\/2026\/04\/Concluye-evaluacion-de-delegaciones-rumbo-a-la-Guelaguetza-3.jpg\" alt=\"\" class=\"wp-image-222914\" srcset=\"https:\/\/oaxacadiaadia.com\/wp-content\/uploads\/2026\/04\/Concluye-evaluacion-de-delegaciones-rumbo-a-la-Guelaguetza-3.jpg 461w, https:\/\/oaxacadiaadia.com\/wp-content\/uploads\/2026\/04\/Concluye-evaluacion-de-delegaciones-rumbo-a-la-Guelaguetza-3-300x200.jpg 300w\" sizes=\"auto, (max-width: 461px) 100vw, 461px\" \/><\/a><\/figure>\n\n\n\n<figure class=\"wp-block-image size-large\"><a href=\"https:\/\/oaxacadiaadia.com\/wp-content\/uploads\/2026\/04\/Concluye-evaluacion-de-delegaciones-rumbo-a-la-Guelaguetza-4.jpg\"><img loading=\"lazy\" decoding=\"async\" width=\"461\" height=\"308\" data-id=\"222913\" src=\"https:\/\/oaxacadiaadia.com\/wp-content\/uploads\/2026\/04\/Concluye-evaluacion-de-delegaciones-rumbo-a-la-Guelaguetza-4.jpg\" alt=\"\" class=\"wp-image-222913\" srcset=\"https:\/\/oaxacadiaadia.com\/wp-content\/uploads\/2026\/04\/Concluye-evaluacion-de-delegaciones-rumbo-a-la-Guelaguetza-4.jpg 461w, https:\/\/oaxacadiaadia.com\/wp-content\/uploads\/2026\/04\/Concluye-evaluacion-de-delegaciones-rumbo-a-la-Guelaguetza-4-300x200.jpg 300w\" sizes=\"auto, (max-width: 461px) 100vw, 461px\" \/><\/a><\/figure>\n<\/figure>\n\n\n\n<p>Durante este proceso, participaron representantes de diversas culturas originarias y del pueblo afromexicano, quienes presentaron danzas, m\u00fasica, ceremonias y expresiones tradicionales que forman parte de su patrimonio cultural.<\/p>\n\n\n\n<p>Las delegaciones evaluadas continuar\u00e1n rumbo a su posible participaci\u00f3n en la Rotonda de las Azucenas, escenario principal de la Guelaguetza, fiesta m\u00e1xima de las y los oaxaque\u00f1os.<\/p>\n\n\n\n<p>En la primera semana de mayo se anunciar\u00e1n las delegaciones seleccionadas.<\/p>\n\n\n\n<p><strong>Implementar\u00e1 Polic\u00eda Vial Estatal operativo por Fiesta de la Ni\u00f1ez Oaxaque\u00f1a<\/strong><\/p>\n\n\n\n<p>Por otra parte, con motivo de la celebraci\u00f3n de la Fiesta de la Ni\u00f1ez Oaxaque\u00f1a, que se llevar\u00e1 a cabo en el Parque Primavera Oaxaque\u00f1a Cho Ndob\u00e1 este jueves 30 de abril, la Polic\u00eda Vial Estatal implementar\u00e1 un dispositivo de seguridad vial en la zona que comenzar\u00e1 a las 8:00 horas.<\/p>\n\n\n\n<p>Este operativo que se reforzar\u00e1 a las 14:00 horas ante el arribo de ni\u00f1as, ni\u00f1os y familias, contar\u00e1 con un estado de fuerza de 25 agentes policiales apoyados por dos patrullas, seis motopatrullas y dos bicipatrullas, que resguardar\u00e1n los accesos al parque.<\/p>\n\n\n\n<p>Adem\u00e1s, se coordinar\u00e1 la vialidad en la entrada del estacionamiento del recinto para agilizar la circulaci\u00f3n desde la calle Nu\u00f1o del Mercado por obras en esta \u00e1rea.<\/p>\n\n\n\n<p>La corporaci\u00f3n exhorta a las y los conductores utilizar los espacios designados para estacionarse, respetar los l\u00edmites de velocidad, as\u00ed como priorizar el paso de personas peatonas y con discapacidad.<\/p>\n","protected":false},"excerpt":{"rendered":"<p>*En la primera semana de mayo se anunciar\u00e1n las seleccionadas<\/p>\n","protected":false},"author":1,"featured_media":222911,"comment_status":"closed","ping_status":"closed","sticky":false,"template":"","format":"standard","meta":{"footnotes":""},"categories":[11,8,3,7,14],"tags":[],"class_list":["post-222910","post","type-post","status-publish","format-standard","has-post-thumbnail","hentry","category-capital","category-cultura","category-las-destacadas","category-municipal","category-titulares"],"_links":{"self":[{"href":"https:\/\/oaxacadiaadia.com\/index.php?rest_route=\/wp\/v2\/posts\/222910","targetHints":{"allow":["GET"]}}],"collection":[{"href":"https:\/\/oaxacadiaadia.com\/index.php?rest_route=\/wp\/v2\/posts"}],"about":[{"href":"https:\/\/oaxacadiaadia.com\/index.php?rest_route=\/wp\/v2\/types\/post"}],"author":[{"embeddable":true,"href":"https:\/\/oaxacadiaadia.com\/index.php?rest_route=\/wp\/v2\/users\/1"}],"replies":[{"embeddable":true,"href":"https:\/\/oaxacadiaadia.com\/index.php?rest_route=%2Fwp%2Fv2%2Fcomments&post=222910"}],"version-history":[{"count":1,"href":"https:\/\/oaxacadiaadia.com\/index.php?rest_route=\/wp\/v2\/posts\/222910\/revisions"}],"predecessor-version":[{"id":222915,"href":"https:\/\/oaxacadiaadia.com\/index.php?rest_route=\/wp\/v2\/posts\/222910\/revisions\/222915"}],"wp:featuredmedia":[{"embeddable":true,"href":"https:\/\/oaxacadiaadia.com\/index.php?rest_route=\/wp\/v2\/media\/222911"}],"wp:attachment":[{"href":"https:\/\/oaxacadiaadia.com\/index.php?rest_route=%2Fwp%2Fv2%2Fmedia&parent=222910"}],"wp:term":[{"taxonomy":"category","embeddable":true,"href":"https:\/\/oaxacadiaadia.com\/index.php?rest_route=%2Fwp%2Fv2%2Fcategories&post=222910"},{"taxonomy":"post_tag","embeddable":true,"href":"https:\/\/oaxacadiaadia.com\/index.php?rest_route=%2Fwp%2Fv2%2Ftags&post=222910"}],"curies":[{"name":"wp","href":"https:\/\/api.w.org\/{rel}","templated":true}]}}