{"id":222907,"date":"2026-04-30T08:42:34","date_gmt":"2026-04-30T14:42:34","guid":{"rendered":"https:\/\/oaxacadiaadia.com\/?p=222907"},"modified":"2026-04-30T08:42:35","modified_gmt":"2026-04-30T14:42:35","slug":"aprehension-contra-hermanos-por-homicidio","status":"publish","type":"post","link":"https:\/\/oaxacadiaadia.com\/?p=222907","title":{"rendered":"Aprehensi\u00f3n contra hermanos por homicidio"},"content":{"rendered":"\n<figure class=\"wp-block-image size-full\"><a href=\"https:\/\/oaxacadiaadia.com\/wp-content\/uploads\/2026\/04\/Aprehension-contra-hermanos-por-homicidio.jpg\"><img loading=\"lazy\" decoding=\"async\" width=\"421\" height=\"191\" src=\"https:\/\/oaxacadiaadia.com\/wp-content\/uploads\/2026\/04\/Aprehension-contra-hermanos-por-homicidio.jpg\" alt=\"\" class=\"wp-image-222908\" srcset=\"https:\/\/oaxacadiaadia.com\/wp-content\/uploads\/2026\/04\/Aprehension-contra-hermanos-por-homicidio.jpg 421w, https:\/\/oaxacadiaadia.com\/wp-content\/uploads\/2026\/04\/Aprehension-contra-hermanos-por-homicidio-300x136.jpg 300w\" sizes=\"auto, (max-width: 421px) 100vw, 421px\" \/><\/a><\/figure>\n\n\n\n<!--more-->\n\n\n\n<p>Oaxaca, Oaxaca, Jueves 30 de Abril, 2026, (Fuente: Comunicado).- La Fiscal\u00eda General del Estado de Oaxaca (FGEO), dio cumplimiento a una orden de aprehensi\u00f3n en contra de dos personas identificadas como M.G.P. (hombre) y Y.G.P., (mujer), quienes son hermanos por su probable responsabilidad en el delito de homicidio calificado con ventaja, cometido en la regi\u00f3n de la Costa.<\/p>\n\n\n\n<p>De acuerdo con las investigaciones, los hechos ocurrieron el 30 de agosto de 2025, cuando la v\u00edctima se encontraba en un establecimiento, donde, tras una discusi\u00f3n, fue agredido f\u00edsicamente con un palo por una mujer, lo que provoc\u00f3 que cayera al suelo.<\/p>\n\n\n\n<p>Las indagatorias revelan que en el sitio tambi\u00e9n se encontraba otro hombre, quien, al ver a la v\u00edctima en el suelo, lo habr\u00eda atacado con un arma punzocortante (cuchillo), caus\u00e1ndole lesiones que derivaron en su muerte cuando recib\u00eda atenci\u00f3n m\u00e9dica.<\/p>\n\n\n\n<p>Derivado de las investigaciones ministeriales en torno al caso, elementos de la Vicefiscal\u00eda Regional de la Costa y la Agencia Estatal de Investigaciones (AEI), lograron el 8 de abril de 2026, la detenci\u00f3n de M.G.P., sobre un camino de terracer\u00eda que conduce a Playa La Bocana, en jurisdicci\u00f3n de Barra Copalita, municipio de San Miguel del Puerto, del distrito de Pochutla, regi\u00f3n Costa de Oaxaca.<\/p>\n\n\n\n<p>El informe policial detalla que, en el sitio los efectivos interceptaron un veh\u00edculo en el que viajaba uno de los imputados, quien coincid\u00eda con las caracter\u00edsticas de la persona buscada, por lo que se le inform\u00f3 sobre la orden de aprehensi\u00f3n en su contra, y fue detenido tras la lectura de sus derechos.<\/p>\n\n\n\n<p>Posteriormente, en inmediaciones de un establecimiento ubicado sobre la carretera federal 200, los agentes ubicaron y detuvieron a Y.G.P. &#8211; probablemente pareja sentimental de la v\u00edctima-, quien tambi\u00e9n contaba con mandato judicial vigente por los mismos hechos.<\/p>\n\n\n\n<p>Ambas personas fueron puestas a disposici\u00f3n de la autoridad correspondiente para su certificaci\u00f3n m\u00e9dica y posterior traslado ante la autoridad que los requiri\u00f3.<\/p>\n\n\n\n<p>La Fiscal\u00eda General del Estado de Oaxaca refrenda su compromiso de realizar investigaciones exhaustivas para garantizar el acceso a la justicia y la aplicaci\u00f3n de la ley contra quien o quienes resulten responsables.<\/p>\n\n\n\n<p><strong>FGEO ejecuta orden de aprehensi\u00f3n contra imputado por incumplimiento de obligaciones alimentarias en agravio patrimonial de una ni\u00f1a<\/strong><\/p>\n\n\n\n<p>Por otra parte, la Fiscal\u00eda General del Estado de Oaxaca (FGEO), ejecut\u00f3 una orden de aprehensi\u00f3n que permiti\u00f3 la detenci\u00f3n de un hombre identificado como J.R.C.T., imputado por su probable responsabilidad en el delito de incumplimiento de obligaciones alimentarias, en agravio patrimonial de una ni\u00f1a.<\/p>\n\n\n\n<p>De acuerdo con la causa penal, el hoy detenido fue vinculado a proceso el 23 de abril de 2025, derivado de las investigaciones por el incumplimiento de sus responsabilidades legales.<\/p>\n\n\n\n<p>Como parte del proceso judicial, el imputado fue debidamente notificado el 2 de febrero de 2026 para comparecer a la audiencia de debate programada para el 8 de abril del mismo a\u00f1o, ante el Tribunal de Enjuiciamiento Unitario; sin embargo, no acudi\u00f3 a dicha diligencia judicial, incumpliendo el mandato de la autoridad.<\/p>\n\n\n\n<p>Por estos hechos, el \u00f3rgano jurisdiccional correspondiente libr\u00f3 la orden de aprehensi\u00f3n por lo que la Vicefiscal\u00eda Regional de Valles Centrales a trav\u00e9s de elementos de la Agencia Estatal de Investigaciones (AEI) lograron la detenci\u00f3n del imputado en inmediaciones de la carretera a Minas, en el municipio de Ocotl\u00e1n de Morelos.<\/p>\n\n\n\n<p>El detenido fue puesto a disposici\u00f3n de la autoridad competente, quien determinar\u00e1 su situaci\u00f3n jur\u00eddica conforme a derecho.<\/p>\n\n\n\n<p>La Fiscal\u00eda General del Estado de Oaxaca reitera su compromiso de garantizar el inter\u00e9s superior de la ni\u00f1ez, as\u00ed como de hacer cumplir las obligaciones legales en materia alimentaria, para salvaguardar los derechos de ni\u00f1as, ni\u00f1os y adolescentes.<\/p>\n\n\n\n<p><strong>Fiscal\u00eda de Oaxaca y Gabinete de Seguridad activan protocolos para rastreo e identificaci\u00f3n de responsables de asalto ocurrido en Plaza del Valle<\/strong><\/p>\n\n\n\n<p>En otra acci\u00f3n, la Fiscal\u00eda General del Estado de Oaxaca (FGEO) junto con el Gabinete de Seguridad, activaron protocolos de b\u00fasqueda de alto impacto para trazar las rutas de escape de los probables responsables de una agresi\u00f3n armada y robo ocurrida esta tarde en las inmediaciones de la zona comercial denominada Plaza del Valle, en la capital de Oaxaca.<\/p>\n\n\n\n<p>Tras el reporte de emergencia, se inici\u00f3 el seguimiento t\u00e9cnico de las unidades involucradas. Los primeros an\u00e1lisis de video permiten identificar la participaci\u00f3n de cuatro personas, quienes habr\u00edan huido del lugar a bordo de dos veh\u00edculos tras despojar de sus pertenencias y lesionar al ciudadano O. S. A.<\/p>\n\n\n\n<p>La Fiscal\u00eda de Oaxaca realiza investigaciones intensivas para localizar a los agresores, utilizando tecnolog\u00eda para robustecer la carpeta de investigaci\u00f3n.<\/p>\n\n\n\n<p>Paralelamente, se mantiene activo el protocolo de atenci\u00f3n a v\u00edctimas, asegurando que el afectado reciba atenci\u00f3n m\u00e9dica especializada en un centro hospitalario bajo vigilancia profesional.<\/p>\n","protected":false},"excerpt":{"rendered":"","protected":false},"author":1,"featured_media":222908,"comment_status":"closed","ping_status":"closed","sticky":false,"template":"","format":"standard","meta":{"footnotes":""},"categories":[11,3,7,4],"tags":[],"class_list":["post-222907","post","type-post","status-publish","format-standard","has-post-thumbnail","hentry","category-capital","category-las-destacadas","category-municipal","category-policiaca"],"_links":{"self":[{"href":"https:\/\/oaxacadiaadia.com\/index.php?rest_route=\/wp\/v2\/posts\/222907","targetHints":{"allow":["GET"]}}],"collection":[{"href":"https:\/\/oaxacadiaadia.com\/index.php?rest_route=\/wp\/v2\/posts"}],"about":[{"href":"https:\/\/oaxacadiaadia.com\/index.php?rest_route=\/wp\/v2\/types\/post"}],"author":[{"embeddable":true,"href":"https:\/\/oaxacadiaadia.com\/index.php?rest_route=\/wp\/v2\/users\/1"}],"replies":[{"embeddable":true,"href":"https:\/\/oaxacadiaadia.com\/index.php?rest_route=%2Fwp%2Fv2%2Fcomments&post=222907"}],"version-history":[{"count":1,"href":"https:\/\/oaxacadiaadia.com\/index.php?rest_route=\/wp\/v2\/posts\/222907\/revisions"}],"predecessor-version":[{"id":222909,"href":"https:\/\/oaxacadiaadia.com\/index.php?rest_route=\/wp\/v2\/posts\/222907\/revisions\/222909"}],"wp:featuredmedia":[{"embeddable":true,"href":"https:\/\/oaxacadiaadia.com\/index.php?rest_route=\/wp\/v2\/media\/222908"}],"wp:attachment":[{"href":"https:\/\/oaxacadiaadia.com\/index.php?rest_route=%2Fwp%2Fv2%2Fmedia&parent=222907"}],"wp:term":[{"taxonomy":"category","embeddable":true,"href":"https:\/\/oaxacadiaadia.com\/index.php?rest_route=%2Fwp%2Fv2%2Fcategories&post=222907"},{"taxonomy":"post_tag","embeddable":true,"href":"https:\/\/oaxacadiaadia.com\/index.php?rest_route=%2Fwp%2Fv2%2Ftags&post=222907"}],"curies":[{"name":"wp","href":"https:\/\/api.w.org\/{rel}","templated":true}]}}