{"id":222903,"date":"2026-04-29T17:35:01","date_gmt":"2026-04-29T23:35:01","guid":{"rendered":"https:\/\/oaxacadiaadia.com\/?p=222903"},"modified":"2026-04-29T17:35:02","modified_gmt":"2026-04-29T23:35:02","slug":"por-fallo-de-scjn-persiste-conflicto-entre-oaxaca-y-chiapas","status":"publish","type":"post","link":"https:\/\/oaxacadiaadia.com\/?p=222903","title":{"rendered":"Por fallo de SCJN persiste conflicto entre Oaxaca y Chiapas"},"content":{"rendered":"\n<figure class=\"wp-block-image size-full\"><a href=\"https:\/\/oaxacadiaadia.com\/wp-content\/uploads\/2026\/04\/Por-fallo-de-SCJN-persiste-conflicto-entre-Oaxaca-y-Chiapas.jpg\"><img loading=\"lazy\" decoding=\"async\" width=\"405\" height=\"305\" src=\"https:\/\/oaxacadiaadia.com\/wp-content\/uploads\/2026\/04\/Por-fallo-de-SCJN-persiste-conflicto-entre-Oaxaca-y-Chiapas.jpg\" alt=\"\" class=\"wp-image-222905\" srcset=\"https:\/\/oaxacadiaadia.com\/wp-content\/uploads\/2026\/04\/Por-fallo-de-SCJN-persiste-conflicto-entre-Oaxaca-y-Chiapas.jpg 405w, https:\/\/oaxacadiaadia.com\/wp-content\/uploads\/2026\/04\/Por-fallo-de-SCJN-persiste-conflicto-entre-Oaxaca-y-Chiapas-300x226.jpg 300w\" sizes=\"auto, (max-width: 405px) 100vw, 405px\" \/><\/a><\/figure>\n\n\n\n<!--more-->\n\n\n\n<p>Oaxaca, Oaxaca, Mi\u00e9rcoles 29 de Abril, 2026, (Fuente: La Jornada).- Las comunidades que se ubican en el \u00e1rea de los Chimalapas y que integran el Consejo Regional de la Zona Noroeste del municipio de Cintalapa afirmaron que se encuentran \u201cen una batalla desesperada por los derechos al territorio y agrarios, a la vivienda, la salud y la educaci\u00f3n\u201d, entre otros.<\/p>\n\n\n\n<p>A prop\u00f3sito de la celebraci\u00f3n de 62 a\u00f1os de existencia legal de la comunidad General Rafael Calymayor, recordaron que \u201ctodo comenz\u00f3 cuando la Suprema Corte de Justicia de la Naci\u00f3n (SCJN), anunci\u00f3 que las tierras que ocupamos por m\u00e1s de 60 a\u00f1os se encuentran en el territorio oaxaque\u00f1o y no de Chiapas como hemos cre\u00eddo y vivido por todo este tiempo, aun cuando contamos con documentos legales como resoluciones presidenciales y carpetas b\u00e1sicas\u201d.<\/p>\n\n\n\n<p>Afirmaron que \u201ctodo ello sumergi\u00f3 (a las comunidades) en un abismo de incertidumbre por la acusaci\u00f3n de los comuneros chimalapas diciendo que nos encontramos en sus tierras y desde entonces ha significado amenazas, desalojos y quema de cl\u00ednicas edificios p\u00fablicos y hasta muertos\u201d.<\/p>\n\n\n\n<p>Aseguraron que esos comuneros \u201chan carecido de pruebas s\u00f3lidas y bas\u00e1ndose en testimonios cuestionables, como que, si no somos ind\u00edgenas, que, si somos narcoganaderos, depredadores de la selva generando dudas sobre su legitimidad desde el principio\u201d.<\/p>\n\n\n\n<p>Ante tal situaci\u00f3n, reiteraron, \u201clas comunidades de la zona buscaron refugio en los tribunales federales y el gobierno de Chiapas donde encontraron un rayo de esperanza a trav\u00e9s de quejas y denuncias del abandono por parte de los gobiernos federal y estatales, a pesar de diversas audiencias en Secretar\u00eda de Gobernaci\u00f3n, la SCJN y diversas autoridades estatales durante varios gobiernos, pero este camino hacia la seguridad en la tenencia de la tierra y lograr algunos apoyos en infraestructura se convirti\u00f3 en una trampa cruel pues desde el 2012, en que surgi\u00f3 la sentencia de la Corte no ha habido ninguna respuesta a nuestras demandas\u201d.<\/p>\n\n\n\n<p>Manifestaron que \u201ca pesar de haber logrado resoluciones agrarias en nuestro favor, nuevamente el Tribunal Agrario vuelve atr\u00e1s con la idea de invalidar nuestros dict\u00e1menes y pretende arrebatarnos nuestros derechos de posesi\u00f3n, haciendo caso de demandas de los comuneros chimalapas que nuevamente vuelven a las amenazas de muerte y desalojos violentos como han hecho en el pasado\u201d.<\/p>\n\n\n\n<p>El Consejo Regional de la Zona Noroeste de Cintalapa sostuvo que \u201clas argucias legales, los retrasos injustificados y las artima\u00f1as burocr\u00e1ticas se convirtieron en armas en manos de nuestros acusadores, prolongando indefinidamente el sufrimiento de nuestras familias, enfrentando acusaciones recicladas de los Chimalapas y solicitudes de audiencias interminables que erosionan la esperanza\u201d.<\/p>\n\n\n\n<p>A\u00f1adi\u00f3 que \u201clos derechos ganados por m\u00e1s de 60 a\u00f1os con tanto esfuerzo se ven revocados a cada momento en un abrir y cerrar de ojos mientras que los dict\u00e1menes a favor quedan en letra muerta y nos obligan nuevamente a buscar defendernos frente a la maquinaria legal dise\u00f1ada para perpetrar la injusticia\u201d.<\/p>\n\n\n\n<p>Advirti\u00f3 que \u201cen medio de la tormenta legal, la falta de apoyos y las amenazas de desalojo, las familias y los campesinos nos mantenemos firmes, resistiendo el embate del sistema que busca sofocar nuestra voz y anular nuestra lucha, el futuro de nuestras comunidades sigue en juego, pendiendo de un hilo enredado en la mara\u00f1a legal que lo aprisiona\u201d.<\/p>\n\n\n\n<p>Concluy\u00f3: \u201cla respuesta la daremos m\u00e1s unidos que nunca las 17 comunidades; llegaremos hasta donde sea necesario para hacer uso de nuestros derechos como pueblos ind\u00edgenas que nos otorga la Constituci\u00f3n Pol\u00edtica de nuestro pa\u00eds e iremos en contra de las artima\u00f1as legales para prolongar los procesos; cada p\u00e1gina revela una trama de injusticia y complicidad y no contribuye a evitar un enfrentamiento entre pueblos, ya que los hermanos comuneros de los Chimalapas anuncian a cada momento el desalojo de nuestras tierras; a pesar de que nosotros queremos evitar el enfrentamiento tambi\u00e9n les decimos que no permitiremos el desalojo y la p\u00e9rdida de nuestros derechos a la tierra y al desarrollo\u201d.<\/p>\n","protected":false},"excerpt":{"rendered":"","protected":false},"author":1,"featured_media":222905,"comment_status":"closed","ping_status":"closed","sticky":false,"template":"","format":"standard","meta":{"footnotes":""},"categories":[3,7,13],"tags":[],"class_list":["post-222903","post","type-post","status-publish","format-standard","has-post-thumbnail","hentry","category-las-destacadas","category-municipal","category-nacional"],"_links":{"self":[{"href":"https:\/\/oaxacadiaadia.com\/index.php?rest_route=\/wp\/v2\/posts\/222903","targetHints":{"allow":["GET"]}}],"collection":[{"href":"https:\/\/oaxacadiaadia.com\/index.php?rest_route=\/wp\/v2\/posts"}],"about":[{"href":"https:\/\/oaxacadiaadia.com\/index.php?rest_route=\/wp\/v2\/types\/post"}],"author":[{"embeddable":true,"href":"https:\/\/oaxacadiaadia.com\/index.php?rest_route=\/wp\/v2\/users\/1"}],"replies":[{"embeddable":true,"href":"https:\/\/oaxacadiaadia.com\/index.php?rest_route=%2Fwp%2Fv2%2Fcomments&post=222903"}],"version-history":[{"count":1,"href":"https:\/\/oaxacadiaadia.com\/index.php?rest_route=\/wp\/v2\/posts\/222903\/revisions"}],"predecessor-version":[{"id":222906,"href":"https:\/\/oaxacadiaadia.com\/index.php?rest_route=\/wp\/v2\/posts\/222903\/revisions\/222906"}],"wp:featuredmedia":[{"embeddable":true,"href":"https:\/\/oaxacadiaadia.com\/index.php?rest_route=\/wp\/v2\/media\/222905"}],"wp:attachment":[{"href":"https:\/\/oaxacadiaadia.com\/index.php?rest_route=%2Fwp%2Fv2%2Fmedia&parent=222903"}],"wp:term":[{"taxonomy":"category","embeddable":true,"href":"https:\/\/oaxacadiaadia.com\/index.php?rest_route=%2Fwp%2Fv2%2Fcategories&post=222903"},{"taxonomy":"post_tag","embeddable":true,"href":"https:\/\/oaxacadiaadia.com\/index.php?rest_route=%2Fwp%2Fv2%2Ftags&post=222903"}],"curies":[{"name":"wp","href":"https:\/\/api.w.org\/{rel}","templated":true}]}}