{"id":222898,"date":"2026-04-29T17:31:24","date_gmt":"2026-04-29T23:31:24","guid":{"rendered":"https:\/\/oaxacadiaadia.com\/?p=222898"},"modified":"2026-04-29T17:31:24","modified_gmt":"2026-04-29T23:31:24","slug":"en-oaxaca-expo-congreso-internacional-electrico-del-sureste","status":"publish","type":"post","link":"https:\/\/oaxacadiaadia.com\/?p=222898","title":{"rendered":"En Oaxaca, Expo Congreso Internacional El\u00e9ctrico del Sureste"},"content":{"rendered":"\n<figure class=\"wp-block-image size-full\"><a href=\"https:\/\/oaxacadiaadia.com\/wp-content\/uploads\/2026\/04\/En-Oaxaca-Expo-Congreso-Internacional-Electrico-del-Sureste.jpg\"><img loading=\"lazy\" decoding=\"async\" width=\"408\" height=\"230\" src=\"https:\/\/oaxacadiaadia.com\/wp-content\/uploads\/2026\/04\/En-Oaxaca-Expo-Congreso-Internacional-Electrico-del-Sureste.jpg\" alt=\"\" class=\"wp-image-222899\" srcset=\"https:\/\/oaxacadiaadia.com\/wp-content\/uploads\/2026\/04\/En-Oaxaca-Expo-Congreso-Internacional-Electrico-del-Sureste.jpg 408w, https:\/\/oaxacadiaadia.com\/wp-content\/uploads\/2026\/04\/En-Oaxaca-Expo-Congreso-Internacional-Electrico-del-Sureste-300x169.jpg 300w\" sizes=\"auto, (max-width: 408px) 100vw, 408px\" \/><\/a><\/figure>\n\n\n\n<!--more-->\n\n\n\n<p>Oaxaca, Oaxaca, Mi\u00e9rcoles 29 de Abril, 2026, (Fuente: Agencias).- Innovaci\u00f3n, tecnolog\u00eda, negocios, certificaciones en materia de electricidad, capacitaci\u00f3n y alianzas estrat\u00e9gicas, as\u00ed como arte y cultura, es la oferta del Expo Congreso Internacional El\u00e9ctrico del Sureste (ECIES) 2026 a realizarse los d\u00edas 17, 18 y 19 de septiembre en el Centro Cultural y de Convenciones de Oaxaca.<\/p>\n\n\n\n<p>El presidente de la Asociaci\u00f3n Oaxaque\u00f1a de Constructores de Instalaciones El\u00e9ctricas y Conexos A. C. (AOCIEC), Jes\u00fas Eusebio Jarqu\u00edn Bautista, anunci\u00f3 la realizaci\u00f3n de este importante evento que reunir\u00e1 a expertos de Panam\u00e1, Estados Unidos de Norteam\u00e9rica y Costa Rica, as\u00ed como de 15 estados de la Rep\u00fablica.<\/p>\n\n\n\n<p>En conferencia de prensa y acompa\u00f1ado por sus aliados de la Asociaci\u00f3n de Constructores de Obras Electromec\u00e1nicas del Estado de Chiapas (ACOECH), Humberto Rico \u00c1lvarez y de la Asociaci\u00f3n Campechana de Desarrollo y Constructores de Obras Electromec\u00e1nicas (ACDCOE), Jos\u00e9 Luis Hern\u00e1ndez L\u00f3pez, el l\u00edder del sector en Oaxaca destac\u00f3 que en este 2026 el Expo Congreso se centrar\u00e1 en cuatro ejes.<\/p>\n\n\n\n<p>\u201cEl ECIES 2026 tendr\u00e1 como tem\u00e1ticas: inteligencia artificial; industria el\u00e9ctrica; seguridad en el uso de la energ\u00eda el\u00e9ctrica y la intervenci\u00f3n de la mujer en la ingenier\u00eda\u201d, detall\u00f3.<\/p>\n\n\n\n<p>En el lanzamiento promocional de este encuentro en el que se prev\u00e9 la participaci\u00f3n de m\u00e1s de 70 empresas de todo el pa\u00eds, refrendaron su compromiso y estrecharon lazos las agrupaciones hermanas del Sureste.<\/p>\n\n\n\n<p>As\u00ed tambi\u00e9n, asistieron el representante de la Asociaci\u00f3n Mexicana de Empresas del Ramo de Instalaciones para la Construcci\u00f3n, A.C. (AMERIC), H\u00e9ctor Mart\u00ednez Pe\u00f1a, en representaci\u00f3n del presidente, Armando Jasso Cabrera; el director general de Mis Desarrollos y coordinador de Ingenia Oaxaca, A.C, V\u00edctor H. S\u00e1nchez Trejo.<\/p>\n\n\n\n<p>En su oportunidad, el secretario de la Asociaci\u00f3n Oaxaque\u00f1a de Constructores de Instalaciones El\u00e9ctricas y Conexos, Nicol\u00e1s Jorge Mata Carlos, destac\u00f3 que el objetivo del Expo Congreso consiste en destacar la importancia de la regi\u00f3n Sureste en la cadena productiva del sector energ\u00e9tico.<\/p>\n\n\n\n<p>En tanto que, el l\u00edder de la Asociaci\u00f3n Campechana, Jos\u00e9 Luis Hern\u00e1ndez record\u00f3 que la \u201cEstrategia Sureste\u201d es una iniciativa de Oaxaca, la cual tiene el objetivo de compartir el desarrollo, experiencia y crecimiento de esta entidad para extenderlo al Sureste mexicano.<\/p>\n\n\n\n<p>Por su parte, la tesorera y comisionada de Nuevos Socios de la AOCIEC, Rosa Isela L\u00f3pez Ram\u00edrez afirm\u00f3 que la Asociaci\u00f3n ha impulsado la participaci\u00f3n de las mujeres en este gremio al promover la capacitaci\u00f3n, networking y crecimiento profesional.<\/p>\n\n\n\n<p>\u201cEl Expo Congreso es un punto para compartir conocimientos, crear oportunidades y abrir espacios para las nuevas generaciones desde la inclusi\u00f3n. La participaci\u00f3n de las mujeres no es necesaria en el ramo el\u00e9ctrico, es fundamental para el desarrollo de nuestro sector\u201d, enfatiz\u00f3.<\/p>\n\n\n\n<p>El coordinador de Ingenia, V\u00edctor S\u00e1nchez advirti\u00f3 la importancia de fomentar este tipo de encuentros que promueven desde la regi\u00f3n Sureste del pa\u00eds, el desarrollo y la innovaci\u00f3n.<\/p>\n\n\n\n<p>El presidente del Colegio de Arquitectos del Estado de Oaxaca, A.C. (CAEO), Alfonso Ra\u00fal Jim\u00e9nez, quien acudi\u00f3 en representaci\u00f3n del presidente de la Asociaci\u00f3n de L\u00edderes Empresariales Impulsores del Desarrollo Oaxaque\u00f1o, Jos\u00e9 Rivera Espina, y el representante de la C\u00e1mara Mexicana de la Industria de la Construcci\u00f3n Delegaci\u00f3n Oaxaca (CMIC), Everardo Garc\u00eda, coincidieron en la importancia de estos eventos de negocios, actualizaci\u00f3n y certificaci\u00f3n, para fomentar el desarrollo de la industria de la construcci\u00f3n en Oaxaca.<\/p>\n\n\n\n<p>Finalmente, el l\u00edder de la AOCIEC inform\u00f3 que habr\u00e1 becas para estudiantes y acad\u00e9micos, adem\u00e1s de que llam\u00f3 a las y los ingenieros electricistas, empresas, t\u00e9cnicos, as\u00ed como a todas las personas interesadas a acercarse a la Asociaci\u00f3n a trav\u00e9s de sus redes sociales: @aociecAC en Facebook e Instagram para informarse sobre esta actividad.<\/p>\n","protected":false},"excerpt":{"rendered":"","protected":false},"author":1,"featured_media":222899,"comment_status":"closed","ping_status":"closed","sticky":false,"template":"","format":"standard","meta":{"footnotes":""},"categories":[11,3,13],"tags":[],"class_list":["post-222898","post","type-post","status-publish","format-standard","has-post-thumbnail","hentry","category-capital","category-las-destacadas","category-nacional"],"_links":{"self":[{"href":"https:\/\/oaxacadiaadia.com\/index.php?rest_route=\/wp\/v2\/posts\/222898","targetHints":{"allow":["GET"]}}],"collection":[{"href":"https:\/\/oaxacadiaadia.com\/index.php?rest_route=\/wp\/v2\/posts"}],"about":[{"href":"https:\/\/oaxacadiaadia.com\/index.php?rest_route=\/wp\/v2\/types\/post"}],"author":[{"embeddable":true,"href":"https:\/\/oaxacadiaadia.com\/index.php?rest_route=\/wp\/v2\/users\/1"}],"replies":[{"embeddable":true,"href":"https:\/\/oaxacadiaadia.com\/index.php?rest_route=%2Fwp%2Fv2%2Fcomments&post=222898"}],"version-history":[{"count":1,"href":"https:\/\/oaxacadiaadia.com\/index.php?rest_route=\/wp\/v2\/posts\/222898\/revisions"}],"predecessor-version":[{"id":222900,"href":"https:\/\/oaxacadiaadia.com\/index.php?rest_route=\/wp\/v2\/posts\/222898\/revisions\/222900"}],"wp:featuredmedia":[{"embeddable":true,"href":"https:\/\/oaxacadiaadia.com\/index.php?rest_route=\/wp\/v2\/media\/222899"}],"wp:attachment":[{"href":"https:\/\/oaxacadiaadia.com\/index.php?rest_route=%2Fwp%2Fv2%2Fmedia&parent=222898"}],"wp:term":[{"taxonomy":"category","embeddable":true,"href":"https:\/\/oaxacadiaadia.com\/index.php?rest_route=%2Fwp%2Fv2%2Fcategories&post=222898"},{"taxonomy":"post_tag","embeddable":true,"href":"https:\/\/oaxacadiaadia.com\/index.php?rest_route=%2Fwp%2Fv2%2Ftags&post=222898"}],"curies":[{"name":"wp","href":"https:\/\/api.w.org\/{rel}","templated":true}]}}