{"id":222883,"date":"2026-04-29T17:27:55","date_gmt":"2026-04-29T23:27:55","guid":{"rendered":"https:\/\/oaxacadiaadia.com\/?p=222883"},"modified":"2026-04-29T17:27:56","modified_gmt":"2026-04-29T23:27:56","slug":"fortalece-oaxaca-atencion-a-grupos-prioritarios","status":"publish","type":"post","link":"https:\/\/oaxacadiaadia.com\/?p=222883","title":{"rendered":"Fortalece Oaxaca atenci\u00f3n a grupos prioritarios"},"content":{"rendered":"\n<figure class=\"wp-block-image size-full\"><a href=\"https:\/\/oaxacadiaadia.com\/wp-content\/uploads\/2026\/04\/Fortalece-Oaxaca-atencion-a-grupos-prioritarios.jpg\"><img loading=\"lazy\" decoding=\"async\" width=\"423\" height=\"282\" src=\"https:\/\/oaxacadiaadia.com\/wp-content\/uploads\/2026\/04\/Fortalece-Oaxaca-atencion-a-grupos-prioritarios.jpg\" alt=\"\" class=\"wp-image-222884\" srcset=\"https:\/\/oaxacadiaadia.com\/wp-content\/uploads\/2026\/04\/Fortalece-Oaxaca-atencion-a-grupos-prioritarios.jpg 423w, https:\/\/oaxacadiaadia.com\/wp-content\/uploads\/2026\/04\/Fortalece-Oaxaca-atencion-a-grupos-prioritarios-300x200.jpg 300w\" sizes=\"auto, (max-width: 423px) 100vw, 423px\" \/><\/a><\/figure>\n\n\n\n<p>*Realizan firma de convenio entre DIF estatal y municipios<\/p>\n\n\n\n<p>*El gobernador Salom\u00f3n Jara, la titular del SNDIF Mar\u00eda del Roc\u00edo Garc\u00eda, y la Presidenta Honoraria del DIF Oaxaca Irma Bola\u00f1os, atestiguaron la firma de convenio con 539 municipios para la atenci\u00f3n alimentaria y desarrollo comunitario<\/p>\n\n\n\n<p>*Es respaldada por una inversi\u00f3n de mil 310 millones de pesos, de los gobiernos federal y estatal<\/p>\n\n\n\n<!--more-->\n\n\n\n<p>Santa Luc\u00eda del Camino, Oaxaca, Mi\u00e9rcoles 29 de Abril, 2026, (Fuente: Comunicado).- El gobierno del estado, a trav\u00e9s del Sistema Estatal para el Desarrollo Integral de la Familia (DIF) Oaxaca, sign\u00f3 un convenio de colaboraci\u00f3n para la Atenci\u00f3n a Grupos Prioritarios con 539 municipios de la entidad, en materia de alimentaci\u00f3n y desarrollo comunitario a estos sectores de la poblaci\u00f3n.<\/p>\n\n\n\n<p>El gobernador Salom\u00f3n Jara Cruz, la titular del Sistema Nacional DIF (SNDIF), Mar\u00eda del Roc\u00edo Garc\u00eda P\u00e9rez y la Presidenta Honoraria del Sistema DIF Oaxaca Irma Bola\u00f1os Quijano, atestiguaron esta alianza, la cual es respaldada por una inversi\u00f3n de mil 310 millones de pesos; de los cuales mil 99 millones de pesos son inversi\u00f3n federal y 210 millones de pesos estatal.<\/p>\n\n\n\n<p>El Mandatario estatal refiri\u00f3 que, con esta acci\u00f3n, enmarcada en la Estrategia Integral de Asistencia Social, Alimentaci\u00f3n y Desarrollo Comunitario (EIASADC), se establece un acuerdo de voluntades para atender a quienes hist\u00f3ricamente han sido relegados, como ni\u00f1as, ni\u00f1os, personas mayores, con discapacidad y familias en situaci\u00f3n de vulnerabilidad.<\/p>\n\n\n\n<p>\u201cHoy damos un paso adelante en la construcci\u00f3n de un estado m\u00e1s solidario y humano\u201d, destac\u00f3 el Gobernador ante autoridades y comit\u00e9s del DIF municipales de la entidad, cuyas acciones se implementar\u00e1n en los programas Desayuno de Letritas, Itacate de mi Coraz\u00f3n, Latido Nutritivo, Alimentaci\u00f3n Solidaria, de Salud y Bienestar Comunitario, as\u00ed como, el subprograma Guisos de mi Pueblo.<\/p>\n\n\n\n<p>En su oportunidad la titular del Sistema Nacional DIF reconoci\u00f3 el compromiso del Gobernador Jara Cruz por los recursos brindados, los cuales representan los m\u00e1s numerosos del pa\u00eds para la alimentaci\u00f3n y bienestar de los grupos prioritarios.<\/p>\n\n\n\n<p>Estos beneficios suficientes y nutritivos, se brindar\u00e1n a ni\u00f1as y ni\u00f1os en los primeros mil d\u00edas, en la primera infancia, desayunos escolares, personas con discapacidad, mayores y en situaci\u00f3n de emergencia o desastre; con el fin de garantizar el bienestar y seguridad alimentaria, sostuvo la funcionaria.<\/p>\n\n\n\n<p>En tanto la Presidenta Honoraria del Sistema DIF Oaxaca indic\u00f3 que con esta acci\u00f3n se consolida una pol\u00edtica estatal de atenci\u00f3n social que prioriza a las familias y comunidades, en la que se promueve una vida digna para todas y todos. \u201cHoy sembramos posibilidades que se convierten en oportunidades\u201d, resalt\u00f3.<\/p>\n\n\n\n<p><strong>Realiza DIF Oaxaca foro \u201cEntre broma y broma el acoso se asoma\u201d para promover entornos escolares libres de violencia<\/strong><\/p>\n\n\n\n<p>En el mismo sentido, con la participaci\u00f3n de mil estudiantes de nivel primaria, la Presidenta Honoraria del Sistema DIF Oaxaca, Irma Bola\u00f1os Quijano present\u00f3 el foro \u201cEntre broma y broma, el acoso se asoma, di no al bullying\u201d, a fin de generar espacios de di\u00e1logo y reflexi\u00f3n que contribuyan a mejorar la protecci\u00f3n de ni\u00f1as, ni\u00f1os y adolescentes dentro de entornos educativos.<\/p>\n\n\n\n<p>Ante la titular del Sistema Nacional DIF (SNDIF), Mar\u00eda del Roc\u00edo Garc\u00eda P\u00e9rez, Bola\u00f1os Quijano destac\u00f3 que este programa se desarrolla en distintos municipios del estado para visibilizar conductas que con frecuencia se normalizan, as\u00ed como la necesidad de construir relaciones basadas en el respeto.<\/p>\n\n\n\n<p>\u201cEl acoso escolar no es una broma, es una forma de violencia que deja huellas profundas. La escuela debe ser un espacio seguro, donde el respeto, empat\u00eda e inclusi\u00f3n gu\u00eden nuestras acciones. No ser indiferentes tambi\u00e9n es una decisi\u00f3n, podemos elegir apoyar y hacer la diferencia\u201d, enfatiz\u00f3 desde el Parque Ju\u00e1rez El Llano, de la ciudad capital.<\/p>\n\n\n\n<p>En su intervenci\u00f3n, Garc\u00eda P\u00e9rez mencion\u00f3 que, los tres \u00f3rdenes de gobierno trabajan de manera coordinada para prevenir conductas antisociales desde edades tempranas y garantizar a ni\u00f1as, ni\u00f1os y adolescentes una vida integral, segura y libre de violencia en todos sus entornos, por ello, es muy importante este foro.<\/p>\n\n\n\n<p>En este marco, se presentaron materiales audiovisuales y testimonios en materia de prevenci\u00f3n de violencia como una herramienta para que las y los asistentes pudieran identificar, reflexionar y comprender la importancia de erradicar conductas de acoso escolar.<\/p>\n\n\n\n<p><strong>Mejora Salom\u00f3n Jara atenci\u00f3n al autismo con ampliaci\u00f3n del Centro Yela to Bidao<\/strong><\/p>\n\n\n\n<p>Por otra parte, el gobernador Salom\u00f3n Jara Cruz, y la Presidenta Honoraria del Sistema para el Desarrollo Integral de la Familia (DIF) Oaxaca, Irma Bola\u00f1os Quijano, inauguraron la ampliaci\u00f3n del Centro de Autismo Yela to Bidao, que requiri\u00f3 una inversi\u00f3n de m\u00e1s de 13 millones 900 mil pesos.<\/p>\n\n\n\n<p>Al cortar el list\u00f3n de inauguraci\u00f3n, Bola\u00f1os Quijano detall\u00f3 que este espacio ahora cuenta con una c\u00e1mara sensorial y nueve aulas nuevas para brindar terapias. Asimismo, reconoci\u00f3 el trabajo que todas las personas del Sistema DIF brindan para garantizar una atenci\u00f3n cercana y humana.<\/p>\n\n\n\n<p>\u201cCon el tiempo, hemos confirmado que la atenci\u00f3n al autismo no puede limitarse a un enfoque cl\u00ednico, requiere cercan\u00eda, continuidad y, sobre todo, comprensi\u00f3n del entorno familiar por eso, aqu\u00ed se ha ido construyendo algo m\u00e1s que servicios: se ha construido comunidad\u201d, remarc\u00f3.<\/p>\n\n\n\n<p>Al respecto, la titular del Sistema Nacional del DIF, Mar\u00eda del Roc\u00edo Garc\u00eda P\u00e9rez destac\u00f3 que esta acci\u00f3n refleja el profundo compromiso de la Primavera Oaxaque\u00f1a con el acceso y garant\u00eda de los derechos fundamentales de la ni\u00f1ez, prioridades del Gobierno Federal.<\/p>\n\n\n\n<p>Esta ampliaci\u00f3n se realiz\u00f3 en coinversi\u00f3n, el Gobierno del Estado aport\u00f3 9 millones 413 mil 322 pesos; el DIF Oaxaca contribuy\u00f3 con 4 millones; y el DIF Nacional dio un total de 541 mil 319 pesos.<\/p>\n\n\n\n<p>Con la intervenci\u00f3n de este inmueble se proyecta atender de manera integral y gratuita a m\u00e1s de 800 ni\u00f1as y ni\u00f1os que viven con Trastorno del Espectro Autista, superando el acompa\u00f1amiento a 419 infancias en los dos a\u00f1os anteriores.<\/p>\n\n\n\n<p>Asimismo, se anunci\u00f3 la creaci\u00f3n de 11 nuevos centros de atenci\u00f3n al autismo en diferentes municipios de la entidad a fin de acercar estos servicios a todos los rincones.<\/p>\n\n\n\n<p><strong>Inaugura Salom\u00f3n Jara Mundialito Escolar Oaxaca 2026<\/strong><\/p>\n\n\n\n<p>En otro contexto, el gobernador Salom\u00f3n Jara Cruz inaugur\u00f3 en el Parque Primavera Oaxaque\u00f1a el inicio de la etapa estatal del Mundialito Escolar Oaxaca 2026, una justa deportiva impulsada desde el Gobierno de M\u00e9xico para fomentar la actividad f\u00edsica entre ni\u00f1as, ni\u00f1os y j\u00f3venes de toda la naci\u00f3n.<\/p>\n\n\n\n<p>La competencia ser\u00e1 celebrada en el marco del Mundial de F\u00fatbol 2026, para acercar el deporte a los espacios p\u00fablicos en cada estado, m\u00e1s all\u00e1 de los partidos que se celebrar\u00e1n durante los meses de junio y julio.<\/p>\n\n\n\n<p>Al encabezar el evento, el Mandatario Estatal destac\u00f3 que esta es una oportunidad para ense\u00f1ar a las infancias y juventudes que la cancha es una parte integral de la educaci\u00f3n, y que a trav\u00e9s del deporte se aprenden valores como el respeto, la solidaridad y cooperaci\u00f3n.<\/p>\n\n\n\n<p>\u201cEn Oaxaca creemos en el deporte como una herramienta para construir la paz y en la educaci\u00f3n como un camino para transformar las realidades; creemos en ustedes, en su talento y capacidad para hacer de nuestro estado un lugar m\u00e1s justo y fuerte\u201d, declar\u00f3 al dirigirse a las y los participantes de este torneo.<\/p>\n\n\n\n<p>Por su parte, el director del Instituto Estatal de Educaci\u00f3n P\u00fablica de Oaxaca (IEEPO), Emilio Montero P\u00e9rez detall\u00f3 que, como resultado de un trabajo coordinado, el Mundialito Escolar, a nivel nacional, cuenta con la participaci\u00f3n de 25 mil escuelas y m\u00e1s de 125 mil equipos femeniles y varoniles.<\/p>\n\n\n\n<p>Finalmente, y para guardar el esp\u00edritu deportivo y de sana competencia, se dio el juramento al juego limpio a cargo de la alumna Aime\u00e9 Juliana de la Cruz Moar; en tanto, el juramento deportivo de los jueces, fue enunciado por el delegado de la Asociaci\u00f3n de Arbitraje de F\u00fatbol Amateur del Estado de Oaxaca, Jael Alc\u00e1ntara Maldonado.<\/p>\n\n\n\n<p><strong>Diputado C\u00e9sar Mateos lanza estrategia contra la comida chatarra en Oaxaca: \u201ces un sistema que enferma\u201d<\/strong><\/p>\n\n\n\n<p>En otro sentido, frente a la crisis de salud que vive la ni\u00f1ez, el diputado de Morena, C\u00e9sar Mateos Ben\u00edtez, anunci\u00f3 una estrategia territorial para frenar el consumo de comida y bebidas chatarra en escuelas del \u00e1rea metropolitana de Oaxaca.<\/p>\n\n\n\n<p>La iniciativa incluye la instalaci\u00f3n de huertos urbanos escolares para fomentar el consumo de alimentos saludables y la creaci\u00f3n del \u201cCapit\u00e1n Mazorca\u201d, quien recorrer\u00e1 planteles informando sobre los da\u00f1os de los refrescos y productos ultraprocesados.<\/p>\n\n\n\n<p>El contexto es cr\u00edtico: 4 de cada 10 ni\u00f1as y ni\u00f1os en M\u00e9xico tienen sobrepeso u obesidad, Oaxaca ocupa el tercer lugar nacional y 8 de cada 10 menores consumen refrescos. \u201cNo es casualidad, es resultado de la permisividad y de un sistema que enferma desde la infancia\u201d, afirm\u00f3.<\/p>\n\n\n\n<p>El legislador advirti\u00f3 que estos productos aumentan hasta 2.4 veces el riesgo de obesidad, est\u00e1n ligados a enfermedades como diabetes y padecimientos cardiovasculares, y provocan cerca de 40 mil muertes al a\u00f1o en el pa\u00eds.<\/p>\n\n\n\n<p>Finalmente, convoc\u00f3 a las escuelas a sumarse a esta estrategia para construir espacios libres de chatarra y con producci\u00f3n propia de alimentos. Las interesadas pueden comunicarse al 951 249 1059. \u201cNo es discurso, es acci\u00f3n directa para defender la salud de nuestra ni\u00f1ez\u201d, concluy\u00f3.<\/p>\n\n\n\n<p><strong>Destaca Puerto Escondido en el ranking mundial de Tripadvisor<\/strong><\/p>\n\n\n\n<p>En otro sentido, Puerto Escondido, Oaxaca, fue reconocido por los Travellers\u2019 Choice Awards Best of the Best 2026 de la plataforma Tripadvisor, como el quinto lugar de destinos en tendencia a nivel mundial.<\/p>\n\n\n\n<p>En el Tianguis Tur\u00edstico de M\u00e9xico 2026, con sede en Acapulco, Guerrero, la secretaria de Turismo de Oaxaca, Saymi Pineda Velasco, explic\u00f3 que la lista completa integra 25 lugares a nivel mundial, seleccionados a partir de b\u00fasquedas realizadas por m\u00e1s de 300 millones de personas usuarias de la plataforma, lo que ha colocado a Puerto Escondido como el \u00fanico destino mexicano dentro de este ranking.<\/p>\n\n\n\n<p>Destac\u00f3 que este galard\u00f3n refleja el esfuerzo diario de quienes integran la cadena de valor tur\u00edstica, as\u00ed como el trabajo conjunto para consolidarlo en el mercado global.<\/p>\n\n\n\n<p>Los destinos reconocidos por Tripadvisor pueden consultarse en el siguiente enlace: <a href=\"https:\/\/www.tripadvisor.com\/TravelersChoice-Destinations-cTrending-g1\">https:\/\/www.tripadvisor.com\/TravelersChoice-Destinations-cTrending-g1<\/a>.<\/p>\n\n\n\n<p><strong>Acompa\u00f1a Secretar\u00eda de las Mujeres proceso legal a favor de v\u00edctima de violencia familiar<\/strong><\/p>\n\n\n\n<p>Por otra parte, la Secretar\u00eda de las Mujeres brinda acompa\u00f1amiento legal y psicol\u00f3gico con perspectiva de g\u00e9nero a E.G.L., quien denunci\u00f3 violencia familiar presuntamente cometida por su pareja, R.R.G., detenido este martes por la Fiscal\u00eda General del Estado de Oaxaca (FGEO).<\/p>\n\n\n\n<p>Desde el pasado 25 de marzo, la titular de la dependencia, Rogelia Gonz\u00e1lez Luis estableci\u00f3 contacto directo con la v\u00edctima para ofrecerle atenci\u00f3n integral a trav\u00e9s del Centro Estatal de Atenci\u00f3n Integral a Mujeres en Situaci\u00f3n de Violencia de G\u00e9nero (Ceati Mujeres), cuyos servicios son gratuitos.<\/p>\n\n\n\n<p>Gracias al respaldo del equipo multidisciplinario del Ceati Mujeres, se llevaron a cabo las acciones jur\u00eddicas necesarias que derivaron en la puesta a disposici\u00f3n del presunto agresor ante las autoridades competentes.<\/p>\n\n\n\n<p>La funcionaria destac\u00f3 que este centro atiende, en promedio, a 160 mujeres al mes, provenientes de las ocho regiones del estado, quienes reciben apoyo especializado en contextos de violencia.<\/p>\n\n\n\n<p>Asimismo, el equipo legal integr\u00f3 la carpeta de investigaci\u00f3n con los elementos suficientes para lograr la aprehensi\u00f3n del imputado.<\/p>\n\n\n\n<p>El proceso jur\u00eddico contin\u00faa, por lo que en los pr\u00f3ximos d\u00edas se realizar\u00e1n las audiencias correspondientes, con el prop\u00f3sito de obtener la vinculaci\u00f3n a proceso y garantizar la reparaci\u00f3n del da\u00f1o a la v\u00edctima.<\/p>\n\n\n\n<p><strong>Falsa supuesta clausura de cl\u00ednica privada que suministraba sueros vitaminados en la capital oaxaque\u00f1a: SSO<\/strong><\/p>\n\n\n\n<p>En otro tenor, ante la informaci\u00f3n que circula en medios de comunicaci\u00f3n y redes sociales acerca de la supuesta clausura de una cl\u00ednica privada en la colonia Am\u00e9rica Sur de la capital oaxaque\u00f1a, en la que se aplicaban v\u00eda intravenosa sueros vitaminados, Servicios de Salud de Oaxaca (SSO) aclara que no ha realizado tal procedimiento administrativo.<\/p>\n\n\n\n<p>Sin embargo, informa que realiza de manera peri\u00f3dica supervisiones en establecimientos para vigilar que su funcionamiento se apegue a la normatividad vigente y cuente con los permisos para prestar servicios a la poblaci\u00f3n.<\/p>\n\n\n\n<p>Por tanto, SSO reitera el llamado a la poblaci\u00f3n para evitar automedicarse y ante cualquier malestar, es necesario acudir a la unidad m\u00e9dica m\u00e1s cercana.<\/p>\n\n\n\n<p><strong>Presenta CEPCyGR panorama de la Temporada de Lluvias y Ciclones Tropicales 2026<\/strong><\/p>\n\n\n\n<p>En otro contexto, con base en el an\u00e1lisis de los sistemas meteorol\u00f3gicos y el comportamiento hist\u00f3rico de los ciclones tropicales, el titular de la Coordinaci\u00f3n Estatal de Protecci\u00f3n Civil y Gesti\u00f3n de Riesgos (CEPCyGR), Manuel Maza S\u00e1nchez present\u00f3 el panorama previsto para la Temporada de Lluvias y Ciclones Tropicales 2026.<\/p>\n\n\n\n<p>Durante su intervenci\u00f3n, destac\u00f3 que, en M\u00e9xico, entre 1964 y 2025, han impactado en promedio cinco ciclones tropicales por a\u00f1o, provenientes del Oc\u00e9ano Pac\u00edfico y del Oc\u00e9ano Atl\u00e1ntico. Asimismo, se\u00f1al\u00f3 que para este a\u00f1o se prev\u00e9 una temporada activa, con la formaci\u00f3n de entre 18 y 21 sistemas en el Pac\u00edfico y entre 11 y 15 en el Atl\u00e1ntico, algunos de los cuales podr\u00edan alcanzar categor\u00eda de hurac\u00e1n.<\/p>\n\n\n\n<p>Tambi\u00e9n se inform\u00f3 que las condiciones oce\u00e1nicas y atmosf\u00e9ricas, particularmente la presencia del fen\u00f3meno de El Ni\u00f1o, podr\u00edan influir en el desarrollo e intensidad de los ciclones, as\u00ed como en la distribuci\u00f3n de las lluvias durante la temporada, lo que incrementa la probabilidad de precipitaciones significativas en distintas regiones del pa\u00eds.<\/p>\n\n\n\n<p>El titular de la CEPCyGR subray\u00f3 la importancia de la preparaci\u00f3n y coordinaci\u00f3n entre los tres \u00f3rdenes de gobierno, as\u00ed como de la participaci\u00f3n ciudadana, para reducir riesgos y atender oportunamente cualquier eventualidad derivada de estos fen\u00f3menos.<\/p>\n\n\n\n<p>La Coordinaci\u00f3n reitera el llamado a la poblaci\u00f3n a mantenerse informada a trav\u00e9s de los canales oficiales y a seguir las recomendaciones emitidas por las autoridades correspondientes.<\/p>\n","protected":false},"excerpt":{"rendered":"<p>*Realizan firma de convenio entre DIF estatal y municipios *El gobernador Salom\u00f3n Jara, la titular del SNDIF Mar\u00eda del Roc\u00edo<\/p>\n","protected":false},"author":1,"featured_media":222884,"comment_status":"closed","ping_status":"closed","sticky":false,"template":"","format":"standard","meta":{"footnotes":""},"categories":[11,3,7,13],"tags":[],"class_list":["post-222883","post","type-post","status-publish","format-standard","has-post-thumbnail","hentry","category-capital","category-las-destacadas","category-municipal","category-nacional"],"_links":{"self":[{"href":"https:\/\/oaxacadiaadia.com\/index.php?rest_route=\/wp\/v2\/posts\/222883","targetHints":{"allow":["GET"]}}],"collection":[{"href":"https:\/\/oaxacadiaadia.com\/index.php?rest_route=\/wp\/v2\/posts"}],"about":[{"href":"https:\/\/oaxacadiaadia.com\/index.php?rest_route=\/wp\/v2\/types\/post"}],"author":[{"embeddable":true,"href":"https:\/\/oaxacadiaadia.com\/index.php?rest_route=\/wp\/v2\/users\/1"}],"replies":[{"embeddable":true,"href":"https:\/\/oaxacadiaadia.com\/index.php?rest_route=%2Fwp%2Fv2%2Fcomments&post=222883"}],"version-history":[{"count":1,"href":"https:\/\/oaxacadiaadia.com\/index.php?rest_route=\/wp\/v2\/posts\/222883\/revisions"}],"predecessor-version":[{"id":222885,"href":"https:\/\/oaxacadiaadia.com\/index.php?rest_route=\/wp\/v2\/posts\/222883\/revisions\/222885"}],"wp:featuredmedia":[{"embeddable":true,"href":"https:\/\/oaxacadiaadia.com\/index.php?rest_route=\/wp\/v2\/media\/222884"}],"wp:attachment":[{"href":"https:\/\/oaxacadiaadia.com\/index.php?rest_route=%2Fwp%2Fv2%2Fmedia&parent=222883"}],"wp:term":[{"taxonomy":"category","embeddable":true,"href":"https:\/\/oaxacadiaadia.com\/index.php?rest_route=%2Fwp%2Fv2%2Fcategories&post=222883"},{"taxonomy":"post_tag","embeddable":true,"href":"https:\/\/oaxacadiaadia.com\/index.php?rest_route=%2Fwp%2Fv2%2Ftags&post=222883"}],"curies":[{"name":"wp","href":"https:\/\/api.w.org\/{rel}","templated":true}]}}