{"id":222880,"date":"2026-04-29T17:26:23","date_gmt":"2026-04-29T23:26:23","guid":{"rendered":"https:\/\/oaxacadiaadia.com\/?p=222880"},"modified":"2026-04-29T17:26:24","modified_gmt":"2026-04-29T23:26:24","slug":"tras-cateos-en-la-costa-aseguran-droga-y-detienen-a-cinco","status":"publish","type":"post","link":"https:\/\/oaxacadiaadia.com\/?p=222880","title":{"rendered":"Tras cateos en la Costa aseguran droga y detienen a cinco"},"content":{"rendered":"\n<figure class=\"wp-block-image size-full\"><a href=\"https:\/\/oaxacadiaadia.com\/wp-content\/uploads\/2026\/04\/Tras-cateos-en-la-Costa-aseguran-droga-y-detienen-a-cinco.jpg\"><img loading=\"lazy\" decoding=\"async\" width=\"405\" height=\"266\" src=\"https:\/\/oaxacadiaadia.com\/wp-content\/uploads\/2026\/04\/Tras-cateos-en-la-Costa-aseguran-droga-y-detienen-a-cinco.jpg\" alt=\"\" class=\"wp-image-222881\" srcset=\"https:\/\/oaxacadiaadia.com\/wp-content\/uploads\/2026\/04\/Tras-cateos-en-la-Costa-aseguran-droga-y-detienen-a-cinco.jpg 405w, https:\/\/oaxacadiaadia.com\/wp-content\/uploads\/2026\/04\/Tras-cateos-en-la-Costa-aseguran-droga-y-detienen-a-cinco-300x197.jpg 300w\" sizes=\"auto, (max-width: 405px) 100vw, 405px\" \/><\/a><\/figure>\n\n\n\n<!--more-->\n\n\n\n<p>Oaxaca, Oaxaca, Mi\u00e9rcoles 29 de Abril, 2026, (Fuente: Comunicado).- Como resultado de trabajos de investigaci\u00f3n ministerial, la Fiscal\u00eda General del Estado de Oaxaca (FGEO) ejecut\u00f3 tres \u00f3rdenes de cateo en la regi\u00f3n de la Costa, logrando el aseguramiento de diversas dosis de drogas y la detenci\u00f3n de cinco personas, por el delito contra la salud en su hip\u00f3tesis de posesi\u00f3n de metanfetamina y marihuana con fines de comercio.&nbsp;<\/p>\n\n\n\n<p>En estos operativos, la FGEO, a trav\u00e9s de la Vicefiscal\u00eda Regional de la Costa y la Agencia Estatal de Investigaciones (AEI), trabaj\u00f3 en estrecha coordinaci\u00f3n con la Secretar\u00eda de la Defensa Nacional (DEFENSA), la Guardia Nacional, la Secretar\u00eda de Marina (SEMAR) y la Polic\u00eda Estatal. Las acciones se realizaron en inmuebles ubicados en los municipios de San Pedro Jicay\u00e1n y Pinotepa de Don Luis, en la regi\u00f3n de la Costa.<\/p>\n\n\n\n<p>El primer cateo se llev\u00f3 a cabo en un domicilio ubicado en la calle Miguel Hidalgo, en San Pedro Jicay\u00e1n, donde se aseguraron diversas bolsas que conten\u00edan una sustancia granulada con caracter\u00edsticas de la droga conocida como cristal, as\u00ed como marihuana, adem\u00e1s de una b\u00e1scula gramera y diversos tel\u00e9fonos celulares.<\/p>\n\n\n\n<p>En el lugar, tambi\u00e9n detuvieron a una persona del sexo masculino identificado como M.M.M.<\/p>\n\n\n\n<p>Mientras que, en el segundo mandato judicial efectuado en un inmueble ubicado en la calle Ricardo Flores Mag\u00f3n, en San Pedro Jicay\u00e1n, se logr\u00f3 la detenci\u00f3n de una persona del sexo masculino identificada como V.G.L., as\u00ed como el aseguramiento de diversas bolsas con cristal, adem\u00e1s de un paquete envuelto que conten\u00eda marihuana y material para el empaque de droga.<\/p>\n\n\n\n<p>En tanto que, el tercer cateo se realiz\u00f3 en un inmueble ubicado en el barrio El Manguito, en Pinotepa de Don Luis, donde aseguraron diversas dosis de cristal y un tel\u00e9fono celular.<\/p>\n\n\n\n<p>Asimismo, fueron detenidas tres personas del sexo masculino identificadas como N.M.M., O.M.L. y N.M.L.<\/p>\n\n\n\n<p>Las personas detenidas y los objetos asegurados fueron puestos a disposici\u00f3n de la autoridad competente, quien determinar\u00e1 su situaci\u00f3n jur\u00eddica legal.<\/p>\n\n\n\n<p>Con estas acciones, la Fiscal\u00eda de Oaxaca refrenda su compromiso de combatir los delitos contra la salud, as\u00ed como garantizar la seguridad de la sociedad oaxaque\u00f1a.<\/p>\n\n\n\n<p><strong>Fiscal\u00eda de Oaxaca y Gabinete de Seguridad detienen a dos personas por homicidio de s\u00edndico municipal de la Mixteca<\/strong><\/p>\n\n\n\n<p>Por otra parte, como resultado de una intervenci\u00f3n t\u00e1ctica y la suma de capacidades operativas, la Fiscal\u00eda General del Estado de Oaxaca (FGEO) y el Gabinete de Seguridad lograron la detenci\u00f3n de L. \u00c1. M. R. y J. R. F. o J. M. G. M., se\u00f1alados como probables responsables del homicidio de F.C.G., quien se desempe\u00f1aba como S\u00edndico de Zaragoza Yucunicoco.<\/p>\n\n\n\n<p>La respuesta institucional se activ\u00f3 tras los hechos registrados el 12 de abril de 2026, en la carretera local n\u00famero 15, tramo Santiago Juxtlahuaca-Putla de Guerrero, donde la v\u00edctima fue interceptada y agredida con armas de fuego largas.<\/p>\n\n\n\n<p>Gracias a la eficacia de la investigaci\u00f3n criminal, la Vicefiscal\u00eda Regional de la Mixteca obtuvo las \u00f3rdenes de aprehensi\u00f3n que permitieron la detenci\u00f3n legal de L. \u00c1. M. R. y J. R. F. o J. M. G. M.<\/p>\n\n\n\n<p>Tras ser presentados ante el Juez de Control, los imputados fueron vinculados a proceso bajo la medida cautelar de prisi\u00f3n preventiva, reafirmando el compromiso del Estado de garantizar justicia pronta y expedita en delitos de alto impacto.<\/p>\n\n\n\n<p><strong>FGEO ejecuta orden de aprehensi\u00f3n por tentativa de homicidio, en colaboraci\u00f3n con autoridades de Morelos<\/strong><\/p>\n\n\n\n<p>En tanto, la Fiscal\u00eda General del Estado de Oaxaca (FGEO), en colaboraci\u00f3n interinstitucional con la Fiscal\u00eda General del Estado de Morelos, ejecutaron una orden de aprehensi\u00f3n en contra de una persona del sexo masculino identificado como N.C.R., por su probable responsabilidad en el delito de homicidio calificado en grado de tentativa.<\/p>\n\n\n\n<p>De acuerdo con la causa penal, N.C.R., fue detenido por hechos cometidos en agravio de la v\u00edctima identificada como U.A.H.<\/p>\n\n\n\n<p>La detenci\u00f3n de N.C.R., la efectuaron elementos de la Agencia Estatal de Investigaciones (AEI), derivado de la solicitud de colaboraci\u00f3n de autoridades de Morelos que reportaron que el hoy detenido hab\u00eda salido de aquella entidad para evadir la acci\u00f3n de la justicia.<\/p>\n\n\n\n<p>Tras las labores de investigaci\u00f3n y b\u00fasqueda de la Vicefiscal\u00eda Regional de la Costa, elementos AEI lograron dar con el paradero de N.C.R., siendo detenido en la colonia Brisas de Zicatela, perteneciente a Santa Mar\u00eda Colotepec, en la regi\u00f3n de la Costa de Oaxaca.<\/p>\n\n\n\n<p>Tras su detenci\u00f3n, fue puesto a disposici\u00f3n de la autoridad ministerial correspondiente para determinar su situaci\u00f3n jur\u00eddica conforme a derecho.<\/p>\n\n\n\n<p>La Fiscal\u00eda General del Estado de Oaxaca refrenda su compromiso de fortalecer la coordinaci\u00f3n interinstitucional para garantizar la procuraci\u00f3n de justicia y combatir los delitos de alto impacto en la entidad.<\/p>\n\n\n\n<p><strong>Fiscal\u00eda de Oaxaca detiene a una persona por violencia patrimonial, cometido en establecimiento denominado \u201cLos Combinados\u201d<\/strong><\/p>\n\n\n\n<p>En otra acci\u00f3n, la Fiscal\u00eda General del Estado de Oaxaca (FGEO) dio cumplimiento a una orden de aprehensi\u00f3n en contra de una persona del sexo masculino identificada por las iniciales R.R.G., por el delito de violencia familiar en su vertiente patrimonial, en hechos ocurridos en la ciudad de Oaxaca.<\/p>\n\n\n\n<p>La detenci\u00f3n de R.R.G., se realiz\u00f3 este 28 de abril de 2026, derivado de hechos denunciados por la v\u00edctima, lo que permiti\u00f3 iniciar las investigaciones correspondientes a trav\u00e9s de la Fiscal\u00eda Especializada para la Atenci\u00f3n a Delitos contra la Mujer por Raz\u00f3n de G\u00e9nero y obtener el mandato judicial.<\/p>\n\n\n\n<p>De acuerdo con el expediente penal, los hechos se registraron el 30 de abril de 2025, en un establecimiento comercial denominado \u201cLos Combinados\u201d ubicado sobre la calle Emilio Carranza, en la colonia Reforma, en Oaxaca de Ju\u00e1rez.<\/p>\n\n\n\n<p>Seg\u00fan la denuncia presentada, la v\u00edctima -una mujer identificada como E.J.L.-, intent\u00f3 ingresar a una oficina localizada al interior del negocio, momento en el que se percat\u00f3 que los candados hab\u00edan sido cambiados, lo que le habr\u00eda impedido recuperar diversos bienes materiales y herramientas de trabajo que se encontraban en el lugar.<\/p>\n\n\n\n<p>Entre los objetos referidos se encuentran equipos y materiales de mantenimiento, cuyo valor estimado asciende a m\u00e1s de un mill\u00f3n de pesos.<\/p>\n\n\n\n<p>Tras su detenci\u00f3n, R.R.G., fue puesto a disposici\u00f3n de la autoridad correspondiente para determinar su situaci\u00f3n jur\u00eddica legal.<\/p>\n\n\n\n<p>La Fiscal\u00eda General del Estado de Oaxaca est\u00e1 comprometida con procurar justicia en forma eficaz, por ello, realiza investigaciones integrales con el fin de garantizar a las v\u00edctimas un adecuado acceso a la justicia.<\/p>\n\n\n\n<p><strong>Cumple FGEO orden de aprehensi\u00f3n por el delito de violencia familiar en el Istmo<\/strong><\/p>\n\n\n\n<p>En otro hecho, como parte de las labores de investigaci\u00f3n ministerial para el combate a delitos contra la mujer por raz\u00f3n de g\u00e9nero, la Fiscal\u00eda General del Estado de Oaxaca (FGEO), dio cumplimiento a una orden de aprehensi\u00f3n en contra de una persona del sexo masculino identificado como V.L.S., por su probable responsabilidad en el delito de violencia familiar, en hechos ocurridos en la regi\u00f3n del Istmo de Tehuantepec.<\/p>\n\n\n\n<p>De acuerdo con las investigaciones ministeriales, la detenci\u00f3n de V.L.S., se efectu\u00f3 en calles de la Primera Secci\u00f3n del municipio de Santa Mar\u00eda Xadani.<\/p>\n\n\n\n<p>El expediente penal integrado por las investigaciones de la Vicefiscal\u00eda Regional del Istmo detalla que V.L.S., contaba con una orden de aprehensi\u00f3n vigente, por el delito de violencia familiar en contra de una mujer.<\/p>\n\n\n\n<p>Una vez ubicado, elementos de la Agencia Estatal de Investigaciones AEI en coordinaci\u00f3n con la Secretar\u00eda de la Defensa Nacional (DEFENSA) efectuaron la detenci\u00f3n de V.L.S., para posteriormente, trasladarlo a las instalaciones ministeriales de la Vicefiscal\u00eda Regional del Istmo, donde fue puesto a disposici\u00f3n de la autoridad ministerial competente, quien determinar\u00e1 su situaci\u00f3n jur\u00eddica conforme a Derecho.<\/p>\n\n\n\n<p>La Fiscal\u00eda de Oaxaca reitera su compromiso de actuar con firmeza para garantizar el acceso a la justicia a las v\u00edctimas, especialmente en casos de violencia familiar.<\/p>\n","protected":false},"excerpt":{"rendered":"","protected":false},"author":1,"featured_media":222881,"comment_status":"closed","ping_status":"closed","sticky":false,"template":"","format":"standard","meta":{"footnotes":""},"categories":[11,3,7,4],"tags":[],"class_list":["post-222880","post","type-post","status-publish","format-standard","has-post-thumbnail","hentry","category-capital","category-las-destacadas","category-municipal","category-policiaca"],"_links":{"self":[{"href":"https:\/\/oaxacadiaadia.com\/index.php?rest_route=\/wp\/v2\/posts\/222880","targetHints":{"allow":["GET"]}}],"collection":[{"href":"https:\/\/oaxacadiaadia.com\/index.php?rest_route=\/wp\/v2\/posts"}],"about":[{"href":"https:\/\/oaxacadiaadia.com\/index.php?rest_route=\/wp\/v2\/types\/post"}],"author":[{"embeddable":true,"href":"https:\/\/oaxacadiaadia.com\/index.php?rest_route=\/wp\/v2\/users\/1"}],"replies":[{"embeddable":true,"href":"https:\/\/oaxacadiaadia.com\/index.php?rest_route=%2Fwp%2Fv2%2Fcomments&post=222880"}],"version-history":[{"count":1,"href":"https:\/\/oaxacadiaadia.com\/index.php?rest_route=\/wp\/v2\/posts\/222880\/revisions"}],"predecessor-version":[{"id":222882,"href":"https:\/\/oaxacadiaadia.com\/index.php?rest_route=\/wp\/v2\/posts\/222880\/revisions\/222882"}],"wp:featuredmedia":[{"embeddable":true,"href":"https:\/\/oaxacadiaadia.com\/index.php?rest_route=\/wp\/v2\/media\/222881"}],"wp:attachment":[{"href":"https:\/\/oaxacadiaadia.com\/index.php?rest_route=%2Fwp%2Fv2%2Fmedia&parent=222880"}],"wp:term":[{"taxonomy":"category","embeddable":true,"href":"https:\/\/oaxacadiaadia.com\/index.php?rest_route=%2Fwp%2Fv2%2Fcategories&post=222880"},{"taxonomy":"post_tag","embeddable":true,"href":"https:\/\/oaxacadiaadia.com\/index.php?rest_route=%2Fwp%2Fv2%2Ftags&post=222880"}],"curies":[{"name":"wp","href":"https:\/\/api.w.org\/{rel}","templated":true}]}}