{"id":222874,"date":"2026-04-29T17:24:46","date_gmt":"2026-04-29T23:24:46","guid":{"rendered":"https:\/\/oaxacadiaadia.com\/?p=222874"},"modified":"2026-04-29T17:24:47","modified_gmt":"2026-04-29T23:24:47","slug":"la-huelga-indefinida-ya-es-un-hecho","status":"publish","type":"post","link":"https:\/\/oaxacadiaadia.com\/?p=222874","title":{"rendered":"\u201cLa huelga indefinida ya es un hecho\u201d"},"content":{"rendered":"\n<figure class=\"wp-block-image size-full\"><a href=\"https:\/\/oaxacadiaadia.com\/wp-content\/uploads\/2026\/04\/La-huelga-indefinida-ya-es-un-hecho.jpg\"><img loading=\"lazy\" decoding=\"async\" width=\"405\" height=\"270\" src=\"https:\/\/oaxacadiaadia.com\/wp-content\/uploads\/2026\/04\/La-huelga-indefinida-ya-es-un-hecho.jpg\" alt=\"\" class=\"wp-image-222875\" srcset=\"https:\/\/oaxacadiaadia.com\/wp-content\/uploads\/2026\/04\/La-huelga-indefinida-ya-es-un-hecho.jpg 405w, https:\/\/oaxacadiaadia.com\/wp-content\/uploads\/2026\/04\/La-huelga-indefinida-ya-es-un-hecho-300x200.jpg 300w\" sizes=\"auto, (max-width: 405px) 100vw, 405px\" \/><\/a><\/figure>\n\n\n\n<p>*La CNTE alista una ruta de movilizaciones escalonadas en la CDMX y en el interior del pa\u00eds para presionar a la presidenta Sheinbaum antes del inicio formal de una huelga nacional indefinida<\/p>\n\n\n\n<!--more-->\n\n\n\n<p>Oaxaca, Oaxaca, Mi\u00e9rcoles 29 de Abril, 2026, (Fuente: X: @jaimeguerrero08 y Agencia Zona Roja).- La Coordinadora Nacional de Trabajadores de la Educaci\u00f3n (CNTE) alista una ruta de movilizaciones escalonadas en la Ciudad de M\u00e9xico y en el interior del pa\u00eds, con las que busca presionar al gobierno de la presidenta Claudia Sheinbaum antes del inicio formal de una huelga nacional indefinida que el magisterio disidente ha advertido podr\u00eda estallar en pleno Mundial de Futbol 2026.<\/p>\n\n\n\n<p>En su m\u00e1s reciente Asamblea Nacional Representativa (ANR), celebrada el pasado 25 de abril con la participaci\u00f3n de m\u00e1s de 200 representantes de secciones el magisterio acord\u00f3 ratificar el estallamiento del paro.<\/p>\n\n\n\n<p>El acuerdo se\u00f1ala que la suspensi\u00f3n de clases por tiempo indefinido se activar\u00eda como una \u201cnecesidad pol\u00edtica ante la falta de respuestas a las demandas de abrogaci\u00f3n de la reforma educativa Pe\u00f1a-AMLO y la Ley del ISSSTE de 2007\u201d.<\/p>\n\n\n\n<p>Hist\u00f3ricamente la CNTE ha iniciado sus acciones de paro el 15 de mayo, D\u00eda del Maestro, pero la Coordinadora decidi\u00f3 reajustar el calendario en funci\u00f3n del contexto del Mundial.<\/p>\n\n\n\n<p>La l\u00edder de la Secci\u00f3n 22 de Oaxaca, Yenny P\u00e9rez Mart\u00ednez, explic\u00f3 en conferencia de prensa que la fecha de arranque se someter\u00e1 a consulta entre las secciones y se definir\u00e1 en una nueva asamblea el pr\u00f3ximo 16 de mayo.<\/p>\n\n\n\n<p>Su hom\u00f3logo de la Secci\u00f3n 7 de Chiapas, Isael Gonz\u00e1lez, fue m\u00e1s directo al se\u00f1alar que el paro es ya una decisi\u00f3n tomada.<\/p>\n\n\n\n<p>\u201cLa huelga ya es un hecho, lo que hace falta es definir la fecha. Hay contingentes que ya propusieron, pero se definir\u00e1 como CNTE nacional en la Asamblea Nacional el 16 de mayo\u201d, afirm\u00f3.<\/p>\n\n\n\n<p>La primera jornada del calendario est\u00e1 programada para este mi\u00e9rcoles 1 de mayo, D\u00eda Internacional del Trabajo.<\/p>\n\n\n\n<p>La delegada de la Secci\u00f3n 13 de Michoac\u00e1n, Eva Hinojosa, detall\u00f3 que la movilizaci\u00f3n partir\u00e1 a las 9:00 horas desde el \u00c1ngel de la Independencia con destino al Z\u00f3calo capitalino, donde se entregar\u00e1 el pliego petitorio nacional 2026 en Palacio Nacional.<\/p>\n\n\n\n<p>La CNTE ratific\u00f3 dicho pliego centrado en cinco demandas: derogaci\u00f3n de la Ley del ISSSTE de 2007, abrogaci\u00f3n de la reforma educativa, incremento salarial directo, democracia sindical y reinstalaci\u00f3n de trabajadores cesados, y mayor presupuesto para la educaci\u00f3n p\u00fablica.<\/p>\n\n\n\n<p>La movilizaci\u00f3n del 1 de mayo tendr\u00e1 r\u00e9plicas en los estados, y que el 15 de mayo se repetir\u00eda la jornada de protestas, para que un d\u00eda despu\u00e9s la ANR resuelva la fecha formal de inicio del paro.<\/p>\n\n\n\n<p>El conflicto es la negativa del gobierno federal a abrogar la Ley del ISSSTE reformada en 2007 durante la administraci\u00f3n de Felipe Calder\u00f3n, que traslad\u00f3 al trabajador la responsabilidad de su retiro.<\/p>\n\n\n\n<p>La administraci\u00f3n federal propuso mantener la edad de jubilaci\u00f3n en 56 a\u00f1os para mujeres y 58 para hombres, con un esquema para reducir un a\u00f1o de edad cada tres a\u00f1os hacia 2028, pero rechaz\u00f3 derogar la ley argumentando falta de recursos.&nbsp;<\/p>\n\n\n\n<p>Para la CNTE, esa respuesta es insuficiente.<\/p>\n\n\n\n<p>La estrategia de vincular el paro con el Mundial de Futbol, que arranca el 11 de junio en M\u00e9xico, Estados Unidos y Canad\u00e1, responde a una decisi\u00f3n t\u00e1ctica.<\/p>\n\n\n\n<p>De acuerdo con la dirigencia, la decisi\u00f3n de vincular la huelga con la justa deportiva internacional responde a la exposici\u00f3n medi\u00e1tica que implica el Mundial 2026.&nbsp;<\/p>\n\n\n\n<p>El secretario general de la Secci\u00f3n 34 de Zacatecas, Filiberto Frausto Orozco, aclar\u00f3 que su movimiento no est\u00e1 en contra de que las infancias y la ciudadan\u00eda disfruten del torneo, sino que buscan utilizar el escaparate mundialista para evidenciar las fallas del gobierno y posicionarse en contra del que llaman \u201cMundial del despojo\u201d.<\/p>\n\n\n\n<p><strong>La CNTE alista paro indefinido durante el Mundial y marchas para el 1 y 15 de mayo<\/strong><\/p>\n\n\n\n<p>Es as\u00ed que, la Coordinadora Nacional de Trabajadores de la Educaci\u00f3n (CNTE) confirm\u00f3 que estallar\u00e1 en paro indefinido en el marco del Mundial de Futbol, que albergar\u00e1 M\u00e9xico a partir de junio.<\/p>\n\n\n\n<p>Sin embargo, la fecha para el inicio del paro se definir\u00e1 en la pr\u00f3xima asamblea nacional representativa del 16 de mayo, en la que se reunir\u00e1n las 27 secciones sindicales de los casi 20 estados en los que tiene presencia la coordinadora.<\/p>\n\n\n\n<p>En esta protesta masiva, exigir\u00e1 nuevamente que el gobierno de la presidenta Claudia Sheinbaum Pardo abrogue la Ley del ISSSTE del 2007 y la reforma educativa; tambi\u00e9n, que atienda otras demandas centrales y espec\u00edficas de la gremial.<\/p>\n\n\n\n<p>Rumbo al paro indefinido, con el que se retomar\u00e1 la huelga de mayo-junio del 2025, la CNTE tambi\u00e9n ha preparado una serie de movilizaciones junto con organizaciones y otros sindicatos, resultado de la reciente asamblea nacional del 25 de abril.<\/p>\n\n\n\n<p>La primera movilizaci\u00f3n ser\u00e1 el 1 de mayo, D\u00eda del Trabajo, con una marcha que partir\u00e1 a las 09:00 horas del \u00c1ngel de la Independencia al z\u00f3calo de la Ciudad de M\u00e9xico y tras la cual entregar\u00e1 su pliego petitorio al ejecutivo federal.<\/p>\n\n\n\n<p>La marcha tambi\u00e9n se har\u00e1 en la ciudad de Oaxaca, en donde la Secci\u00f3n 22 entregar\u00e1 el pliego petitorio correspondiente al gobierno estatal.<\/p>\n\n\n\n<p>El 15 de mayo, en el d\u00eda de las y los maestros, tambi\u00e9n realizar\u00e1 su habitual marcha nacional de la Normal Superior al z\u00f3calo de la Ciudad de M\u00e9xico. Ese d\u00eda habr\u00e1 r\u00e9plicas en los estados.<\/p>\n\n\n\n<p>Este martes, en conferencia de prensa virtual, los secretarios generales de varias secciones del Sindicato Nacional de Trabajadores de la Educaci\u00f3n y de la CNTE, reiteraron que las demandas centrales como la abrogaci\u00f3n de la ley del ISSSTE del 2007 sigue, por lo que tambi\u00e9n esperan la suma de otros sindicatos y trabajadores afectados por esta ley.<\/p>\n\n\n\n<p>Yenny Araceli P\u00e9rez Mart\u00ednez, secretaria general de la Secci\u00f3n 22 en Oaxaca, explic\u00f3 que e algunas secciones ya tienen su propuesta de fecha para el paro o huelga nacional indefinidos, pero que, en el caso de otras, como la 22, se someter\u00e1 a votaci\u00f3n en asamblea estatal. La Secci\u00f3n 22 ha previsto retomar su asamblea estatal el 1 de mayo, despu\u00e9s de la marcha por el D\u00eda del Trabajo.<\/p>\n\n\n\n<p>Los alcances de la nueva huelga nacional depender\u00e1n de la respuesta del gobierno federal, apunt\u00f3 la secretaria de la Secci\u00f3n 22, al recordar que en el paro de mayo-junio de 2025 acordaron un receso, pero en estos meses la respuesta del gobierno solamente ha sido la represi\u00f3n administrativa y econ\u00f3mica, as\u00ed como la persecuci\u00f3n pol\u00edtica y jur\u00eddica.<\/p>\n\n\n\n<p>La representante record\u00f3 que las demandas centrales han sido parte de sus exigencias hacia el gobierno del ex presidente Andr\u00e9s Manuel L\u00f3pez Obrador y ahora con el de Claudia Sheinbaum, por lo que exigen respuestas favorables.<\/p>\n","protected":false},"excerpt":{"rendered":"<p>*La CNTE alista una ruta de movilizaciones escalonadas en la CDMX y en el interior del pa\u00eds para presionar a<\/p>\n","protected":false},"author":1,"featured_media":222875,"comment_status":"closed","ping_status":"closed","sticky":false,"template":"","format":"standard","meta":{"footnotes":""},"categories":[11,3,12,13,14],"tags":[],"class_list":["post-222874","post","type-post","status-publish","format-standard","has-post-thumbnail","hentry","category-capital","category-las-destacadas","category-lo-de-siempre","category-nacional","category-titulares"],"_links":{"self":[{"href":"https:\/\/oaxacadiaadia.com\/index.php?rest_route=\/wp\/v2\/posts\/222874","targetHints":{"allow":["GET"]}}],"collection":[{"href":"https:\/\/oaxacadiaadia.com\/index.php?rest_route=\/wp\/v2\/posts"}],"about":[{"href":"https:\/\/oaxacadiaadia.com\/index.php?rest_route=\/wp\/v2\/types\/post"}],"author":[{"embeddable":true,"href":"https:\/\/oaxacadiaadia.com\/index.php?rest_route=\/wp\/v2\/users\/1"}],"replies":[{"embeddable":true,"href":"https:\/\/oaxacadiaadia.com\/index.php?rest_route=%2Fwp%2Fv2%2Fcomments&post=222874"}],"version-history":[{"count":1,"href":"https:\/\/oaxacadiaadia.com\/index.php?rest_route=\/wp\/v2\/posts\/222874\/revisions"}],"predecessor-version":[{"id":222876,"href":"https:\/\/oaxacadiaadia.com\/index.php?rest_route=\/wp\/v2\/posts\/222874\/revisions\/222876"}],"wp:featuredmedia":[{"embeddable":true,"href":"https:\/\/oaxacadiaadia.com\/index.php?rest_route=\/wp\/v2\/media\/222875"}],"wp:attachment":[{"href":"https:\/\/oaxacadiaadia.com\/index.php?rest_route=%2Fwp%2Fv2%2Fmedia&parent=222874"}],"wp:term":[{"taxonomy":"category","embeddable":true,"href":"https:\/\/oaxacadiaadia.com\/index.php?rest_route=%2Fwp%2Fv2%2Fcategories&post=222874"},{"taxonomy":"post_tag","embeddable":true,"href":"https:\/\/oaxacadiaadia.com\/index.php?rest_route=%2Fwp%2Fv2%2Ftags&post=222874"}],"curies":[{"name":"wp","href":"https:\/\/api.w.org\/{rel}","templated":true}]}}