{"id":222871,"date":"2026-04-29T17:23:57","date_gmt":"2026-04-29T23:23:57","guid":{"rendered":"https:\/\/oaxacadiaadia.com\/?p=222871"},"modified":"2026-04-29T17:23:58","modified_gmt":"2026-04-29T23:23:58","slug":"harfuch-y-salomon-dan-seguimiento-a-seguridad-en-oaxaca","status":"publish","type":"post","link":"https:\/\/oaxacadiaadia.com\/?p=222871","title":{"rendered":"Harfuch y Salom\u00f3n dan seguimiento a seguridad en Oaxaca"},"content":{"rendered":"\n<figure class=\"wp-block-image size-full\"><a href=\"https:\/\/oaxacadiaadia.com\/wp-content\/uploads\/2026\/04\/Harfuch-y-Salomon-dan-seguimiento-a-seguridad-en-Oaxaca.jpg\"><img loading=\"lazy\" decoding=\"async\" width=\"264\" height=\"410\" src=\"https:\/\/oaxacadiaadia.com\/wp-content\/uploads\/2026\/04\/Harfuch-y-Salomon-dan-seguimiento-a-seguridad-en-Oaxaca.jpg\" alt=\"\" class=\"wp-image-222872\" srcset=\"https:\/\/oaxacadiaadia.com\/wp-content\/uploads\/2026\/04\/Harfuch-y-Salomon-dan-seguimiento-a-seguridad-en-Oaxaca.jpg 264w, https:\/\/oaxacadiaadia.com\/wp-content\/uploads\/2026\/04\/Harfuch-y-Salomon-dan-seguimiento-a-seguridad-en-Oaxaca-193x300.jpg 193w\" sizes=\"auto, (max-width: 264px) 100vw, 264px\" \/><\/a><\/figure>\n\n\n\n<p>*Acuerdan la continuidad de acciones para fortalecer la seguridad en la entidad<\/p>\n\n\n\n<!--more-->\n\n\n\n<p>Ciudad de M\u00e9xico, Mi\u00e9rcoles 29 de Abril, 2026, (Fuente: Comunicado y X: @jaimeguerrero08).- El secretario de Seguridad y Protecci\u00f3n Ciudadana, Omar Garc\u00eda Harfuch, sostuvo una reuni\u00f3n con el Gobernador de Oaxaca, Salom\u00f3n Jara Cruz donde evaluaron y dieron seguimiento a las acciones de seguridad desempe\u00f1adas en la entidad.<\/p>\n\n\n\n<p>El titular de la Secretar\u00eda de Seguridad y Protecci\u00f3n Ciudadana (SSPC) y el Mandatario estatal dialogaron sobre los logros y alcances en este rubro, as\u00ed como las \u00e1reas de mejora para mantener, como hasta ahora, la seguridad en la entidad a favor de la ciudadan\u00eda.<\/p>\n\n\n\n<p>El secretario Omar Garc\u00eda Harfuch constat\u00f3 que la estrategia y acciones que se realizan desde el gobierno de Oaxaca son para brindar seguridad a todos sus habitantes y otorgar tranquilidad a cada uno de ellos para disminuir el \u00edndice delictivo en la entidad.<\/p>\n\n\n\n<p>Garc\u00eda Harfuch inform\u00f3 que, el estado de Oaxaca recibi\u00f3 poco m\u00e1s de 312 millones de pesos a trav\u00e9s de los fondos federales para la seguridad p\u00fablica y en coordinaci\u00f3n con el Secretariado Ejecutivo del Sistema Nacional de Seguridad P\u00fablica (SESNSP) se van a desarrollar 24 proyectos de inversi\u00f3n enfocados en fortalecer a las instituciones de seguridad y procuraci\u00f3n de justicia del estado, as\u00ed como en su profesionalizaci\u00f3n.<\/p>\n\n\n\n<p>El Gobernador Salom\u00f3n Jara afirm\u00f3 que Oaxaca respalda y se suma a la Estrategia Nacional de Seguridad P\u00fablica, a trav\u00e9s de un trabajo coordinado con la SSPC.<\/p>\n\n\n\n<p>Al finalizar la reuni\u00f3n, el secretario de Seguridad y el Gobernador de Oaxaca acordaron continuar con las acciones implementadas de la Estrategia Nacional de Seguridad en la entidad, a fin de fortalecer la seguridad en sus ocho regiones y mantener la coordinaci\u00f3n permanente con autoridades locales.<\/p>\n\n\n\n<p><strong>Por delitos de alto impacto, Oaxaca y federaci\u00f3n trazan l\u00edneas de acci\u00f3n<\/strong><\/p>\n\n\n\n<p>De este modo, el gobernador de Oaxaca, Salom\u00f3n Jara Cruz, encabez\u00f3 este martes una reuni\u00f3n con el secretario de Seguridad y Protecci\u00f3n Ciudadana del gobierno federal, Omar Garc\u00eda Harfuch, en la que participaron el secretario de Gobierno estatal Jes\u00fas Romero L\u00f3pez y el Fiscal General de Oaxaca, Bernardo Rodr\u00edguez Alamilla, adem\u00e1s del director del Centro de Control, Comando, Comunicaci\u00f3n, Coordinaci\u00f3n e Inteligencia (C5i) de Oaxaca, Jaime Gonz\u00e1lez Estudillo.<\/p>\n\n\n\n<p>El encuentro tuvo como prop\u00f3sito evaluar los avances de la Estrategia Nacional de Seguridad P\u00fablica en la entidad y trazar nuevas l\u00edneas de acci\u00f3n coordinadas entre el gobierno estatal y las instituciones federales.<\/p>\n\n\n\n<p>En la mesa de trabajo se abordaron tres ejes prioritarios: la optimizaci\u00f3n de los procesos de investigaci\u00f3n criminal, el fortalecimiento de la presencia operativa en zonas prioritarias y la incorporaci\u00f3n de tecnolog\u00eda en el combate al delito.<\/p>\n\n\n\n<p>Jara Cruz se\u00f1al\u00f3 que el encuentro refrenda el respaldo a la estrategia de seguridad que se impulsa en Oaxaca y que se continuar\u00e1 dando seguimiento a las acciones desarrolladas en la entidad, en el marco de la coordinaci\u00f3n entre el Gobierno de M\u00e9xico y el Gobierno del Estado bajo el liderazgo de la presidenta Claudia Sheinbaum Pardo.<\/p>\n\n\n\n<p>Desde la perspectiva de la Fiscal\u00eda General del Estado (FGEO), la coordinaci\u00f3n con las instancias federales resulta indispensable para profesionalizar la procuraci\u00f3n de justicia.<\/p>\n\n\n\n<p>En ese sentido, Rodr\u00edguez Alamilla particip\u00f3 en la definici\u00f3n de acciones espec\u00edficas orientadas a mejorar la investigaci\u00f3n criminal y ampliar la presencia institucional en las regiones con mayor conflictividad.<\/p>\n\n\n\n<p>Garc\u00eda Harfuch se\u00f1al\u00f3 que las acciones realizadas est\u00e1n orientadas a brindar seguridad a los habitantes y disminuir el \u00edndice delictivo en la entidad.<\/p>\n\n\n\n<p>Adem\u00e1s, destac\u00f3 que Oaxaca recibi\u00f3 m\u00e1s de 312 millones de pesos de fondos federales para fortalecer la seguridad, y que junto al Secretariado Ejecutivo del Sistema Nacional de Seguridad P\u00fablica (SESNSP) se desarrollar\u00e1n 24 proyectos de inversi\u00f3n para mejorar las instituciones de seguridad y procuraci\u00f3n de justicia.<\/p>\n\n\n\n<p>La reuni\u00f3n se inscribe en el contexto de los resultados que el gobierno estatal atribuye a la denominada Primavera Oaxaque\u00f1a.<\/p>\n\n\n\n<p>Mediante el programa Oaxaca Segura, se presume a la entidad como el quinto estado m\u00e1s seguro del pa\u00eds, con una disminuci\u00f3n de la incidencia delictiva de 32.4 por ciento entre 2022 y 2025, y de los delitos de alto impacto en 36.6 por ciento.<\/p>\n\n\n\n<p>Para la seguridad p\u00fablica, la administraci\u00f3n estatal destin\u00f3 de 2023 a 2025 una inversi\u00f3n de 884 millones 430 mil 984 pesos, que ha permitido instalar 610 c\u00e1maras de videovigilancia, entregar 487 veh\u00edculos y 75 fusiles de asalto, 3 mil 213 equipos de protecci\u00f3n y 200 de radiocomunicaci\u00f3n, entre otros recursos.<\/p>\n\n\n\n<p>Los acuerdos alcanzados en la reuni\u00f3n apuntan a continuar con la Estrategia Nacional de Seguridad a fin de fortalecer las condiciones de paz en las ocho regiones del estado, con \u00e9nfasis en la coordinaci\u00f3n operativa entre la Fiscal\u00eda General estatal, la Secretar\u00eda de Seguridad y Protecci\u00f3n Ciudadana federal, la Guardia Nacional y las dem\u00e1s fuerzas del orden.<\/p>\n","protected":false},"excerpt":{"rendered":"<p>*Acuerdan la continuidad de acciones para fortalecer la seguridad en la entidad<\/p>\n","protected":false},"author":1,"featured_media":222872,"comment_status":"closed","ping_status":"closed","sticky":false,"template":"","format":"standard","meta":{"footnotes":""},"categories":[11,3,13,4,14],"tags":[],"class_list":["post-222871","post","type-post","status-publish","format-standard","has-post-thumbnail","hentry","category-capital","category-las-destacadas","category-nacional","category-policiaca","category-titulares"],"_links":{"self":[{"href":"https:\/\/oaxacadiaadia.com\/index.php?rest_route=\/wp\/v2\/posts\/222871","targetHints":{"allow":["GET"]}}],"collection":[{"href":"https:\/\/oaxacadiaadia.com\/index.php?rest_route=\/wp\/v2\/posts"}],"about":[{"href":"https:\/\/oaxacadiaadia.com\/index.php?rest_route=\/wp\/v2\/types\/post"}],"author":[{"embeddable":true,"href":"https:\/\/oaxacadiaadia.com\/index.php?rest_route=\/wp\/v2\/users\/1"}],"replies":[{"embeddable":true,"href":"https:\/\/oaxacadiaadia.com\/index.php?rest_route=%2Fwp%2Fv2%2Fcomments&post=222871"}],"version-history":[{"count":1,"href":"https:\/\/oaxacadiaadia.com\/index.php?rest_route=\/wp\/v2\/posts\/222871\/revisions"}],"predecessor-version":[{"id":222873,"href":"https:\/\/oaxacadiaadia.com\/index.php?rest_route=\/wp\/v2\/posts\/222871\/revisions\/222873"}],"wp:featuredmedia":[{"embeddable":true,"href":"https:\/\/oaxacadiaadia.com\/index.php?rest_route=\/wp\/v2\/media\/222872"}],"wp:attachment":[{"href":"https:\/\/oaxacadiaadia.com\/index.php?rest_route=%2Fwp%2Fv2%2Fmedia&parent=222871"}],"wp:term":[{"taxonomy":"category","embeddable":true,"href":"https:\/\/oaxacadiaadia.com\/index.php?rest_route=%2Fwp%2Fv2%2Fcategories&post=222871"},{"taxonomy":"post_tag","embeddable":true,"href":"https:\/\/oaxacadiaadia.com\/index.php?rest_route=%2Fwp%2Fv2%2Ftags&post=222871"}],"curies":[{"name":"wp","href":"https:\/\/api.w.org\/{rel}","templated":true}]}}