{"id":222856,"date":"2026-04-29T17:19:52","date_gmt":"2026-04-29T23:19:52","guid":{"rendered":"https:\/\/oaxacadiaadia.com\/?p=222856"},"modified":"2026-04-29T17:19:53","modified_gmt":"2026-04-29T23:19:53","slug":"encarcelan-a-empresario","status":"publish","type":"post","link":"https:\/\/oaxacadiaadia.com\/?p=222856","title":{"rendered":"Encarcelan a empresario"},"content":{"rendered":"\n<figure class=\"wp-block-image size-full\"><a href=\"https:\/\/oaxacadiaadia.com\/wp-content\/uploads\/2026\/04\/Encarcelan-a-empresario.jpg\"><img loading=\"lazy\" decoding=\"async\" width=\"282\" height=\"405\" src=\"https:\/\/oaxacadiaadia.com\/wp-content\/uploads\/2026\/04\/Encarcelan-a-empresario.jpg\" alt=\"\" class=\"wp-image-222857\" srcset=\"https:\/\/oaxacadiaadia.com\/wp-content\/uploads\/2026\/04\/Encarcelan-a-empresario.jpg 282w, https:\/\/oaxacadiaadia.com\/wp-content\/uploads\/2026\/04\/Encarcelan-a-empresario-209x300.jpg 209w\" sizes=\"auto, (max-width: 282px) 100vw, 282px\" \/><\/a><\/figure>\n\n\n\n<!--more-->\n\n\n\n<p>Oaxaca, Oaxaca, Mi\u00e9rcoles 29 de Abril, 2026, (Fuente: Facebook: Tom\u00e1s Mart\u00ednez).- El empresario \u00c1lvaro Xim\u00e9nez fue detenido por elementos de la polic\u00eda municipal de San Antonio de la Cal (cercano a la capital de Oaxaca), al ser se\u00f1alado de intentar apoderarse de un inmueble ubicado en la carretera federal 175 en jurisdicci\u00f3n de La Experimental y en el incidente tambi\u00e9n fueron golpeados los due\u00f1os del predio, quienes fueron retenidos por unos minutos y despu\u00e9s liberados.<\/p>\n\n\n\n<p>Los hechos ocurrieron durante la noche del pasado lunes, cuando \u00c1lvaro Xim\u00e9nez se encontraba en la bodega ubicada a la orilla de la carretera federal y dijo que estaba secuestrado, en tanto, su hija menor de edad sali\u00f3 para grabar un video y asegur\u00f3 que su padre fue baleado.<\/p>\n\n\n\n<p>Elementos policiacos arribaron al lugar y golpearon tanto a los due\u00f1os del inmueble, as\u00ed como al inquilino, \u00c1lvaro Xim\u00e9nez. Todos quedaron retenidos y despu\u00e9s la s\u00edndico orden\u00f3 la liberaci\u00f3n de las personas adultas, due\u00f1as del predio, quienes presentaban lesiones.<\/p>\n\n\n\n<p>Tras las rejas, \u00c1lvaro Xim\u00e9nez envi\u00f3 un video a las redes sociales y se\u00f1ala que fue v\u00edctima del abuso de autoridad de la s\u00edndica municipal.<\/p>\n\n\n\n<p>Relata que estuvo a punto de ser asesinado, los agresores le robaron dinero en efectivo, el cu\u00e1l ser\u00eda ocupado para festejar los XV a\u00f1os de su peque\u00f1a hija.<\/p>\n\n\n\n<p>Indic\u00f3 que la bodega en la que fue agredido, ubicada sobre Avenida S\u00edmbolos Patrios, a unos metros del crucero de La Experimental, fue tomada por los agresores, quienes se apoderaron de sus camionetas de trabajo, vajillas y mobiliario utilizado para renta en eventos especiales y fiestas.<\/p>\n\n\n\n<p>Tras la agresi\u00f3n, sufrir disparos en su contra, as\u00ed como amenazas de muerte, \u00c1lvaro Jim\u00e9nez fue detenido bajo \u00f3rdenes de la S\u00edndico Municipal de San Antonio de la Call.<\/p>\n\n\n\n<p>Es por ello que desde se encontraba preso.<\/p>\n\n\n\n<p>\u00c1lvaro Jim\u00e9nez solicit\u00f3 la acci\u00f3n inmediata de visitadores de la Coordinaci\u00f3n para la Atenci\u00f3n de los Derechos Humanos de Oaxaca y de la Fiscal\u00eda General de Oaxaca, pues adem\u00e1s de ser v\u00edctima de un intento de homicidio, fue privado de su libertad dentro de su bodega, fue encarcelado injustamente.<\/p>\n\n\n\n<p>Sobre el caso ha tomado conocimiento la autoridad ministerial que se encargar\u00e1 de deslindar responsabilidades, ya que los due\u00f1os del inmueble aseguran que \u00c1lvaro Xim\u00e9nez se quiere quedar con el predio.<\/p>\n\n\n\n<p>Por su parte, el empresario se\u00f1ala que ha pagado dos a\u00f1os adelantado de renta, pero no muestra los documentos que lo acrediten.<\/p>\n","protected":false},"excerpt":{"rendered":"","protected":false},"author":1,"featured_media":222857,"comment_status":"closed","ping_status":"closed","sticky":false,"template":"","format":"standard","meta":{"footnotes":""},"categories":[3,7,4],"tags":[],"class_list":["post-222856","post","type-post","status-publish","format-standard","has-post-thumbnail","hentry","category-las-destacadas","category-municipal","category-policiaca"],"_links":{"self":[{"href":"https:\/\/oaxacadiaadia.com\/index.php?rest_route=\/wp\/v2\/posts\/222856","targetHints":{"allow":["GET"]}}],"collection":[{"href":"https:\/\/oaxacadiaadia.com\/index.php?rest_route=\/wp\/v2\/posts"}],"about":[{"href":"https:\/\/oaxacadiaadia.com\/index.php?rest_route=\/wp\/v2\/types\/post"}],"author":[{"embeddable":true,"href":"https:\/\/oaxacadiaadia.com\/index.php?rest_route=\/wp\/v2\/users\/1"}],"replies":[{"embeddable":true,"href":"https:\/\/oaxacadiaadia.com\/index.php?rest_route=%2Fwp%2Fv2%2Fcomments&post=222856"}],"version-history":[{"count":1,"href":"https:\/\/oaxacadiaadia.com\/index.php?rest_route=\/wp\/v2\/posts\/222856\/revisions"}],"predecessor-version":[{"id":222858,"href":"https:\/\/oaxacadiaadia.com\/index.php?rest_route=\/wp\/v2\/posts\/222856\/revisions\/222858"}],"wp:featuredmedia":[{"embeddable":true,"href":"https:\/\/oaxacadiaadia.com\/index.php?rest_route=\/wp\/v2\/media\/222857"}],"wp:attachment":[{"href":"https:\/\/oaxacadiaadia.com\/index.php?rest_route=%2Fwp%2Fv2%2Fmedia&parent=222856"}],"wp:term":[{"taxonomy":"category","embeddable":true,"href":"https:\/\/oaxacadiaadia.com\/index.php?rest_route=%2Fwp%2Fv2%2Fcategories&post=222856"},{"taxonomy":"post_tag","embeddable":true,"href":"https:\/\/oaxacadiaadia.com\/index.php?rest_route=%2Fwp%2Fv2%2Ftags&post=222856"}],"curies":[{"name":"wp","href":"https:\/\/api.w.org\/{rel}","templated":true}]}}