{"id":222851,"date":"2026-04-29T17:18:19","date_gmt":"2026-04-29T23:18:19","guid":{"rendered":"https:\/\/oaxacadiaadia.com\/?p=222851"},"modified":"2026-04-29T17:18:20","modified_gmt":"2026-04-29T23:18:20","slug":"inicia-batalla-por-la-rectoria-de-la-uabjo","status":"publish","type":"post","link":"https:\/\/oaxacadiaadia.com\/?p=222851","title":{"rendered":"Inicia batalla por la Rector\u00eda de la UABJO"},"content":{"rendered":"\n<figure class=\"wp-block-image size-full\"><a href=\"http:\/\/oaxacadiaadia.com\/wp-content\/uploads\/2024\/04\/M\u00e1s-de-once-mil-aspiran-a-ingresar-a-la-UABJO.jpg\"><img loading=\"lazy\" decoding=\"async\" width=\"410\" height=\"231\" src=\"http:\/\/oaxacadiaadia.com\/wp-content\/uploads\/2024\/04\/M\u00e1s-de-once-mil-aspiran-a-ingresar-a-la-UABJO.jpg\" alt=\"\" class=\"wp-image-198416\" srcset=\"https:\/\/oaxacadiaadia.com\/wp-content\/uploads\/2024\/04\/M\u00e1s-de-once-mil-aspiran-a-ingresar-a-la-UABJO.jpg 410w, https:\/\/oaxacadiaadia.com\/wp-content\/uploads\/2024\/04\/M\u00e1s-de-once-mil-aspiran-a-ingresar-a-la-UABJO-300x169.jpg 300w\" sizes=\"auto, (max-width: 410px) 100vw, 410px\" \/><\/a><\/figure>\n\n\n\n<p>*Arranca la competencia entre tensiones y reglas bajo sospecha<\/p>\n\n\n\n<p>*La UABJO lanza convocatoria para elegir Rector\u00eda 2026\u20132030; proceso inicia el 30 de abril y votaci\u00f3n ser\u00e1 el 13 de mayo<\/p>\n\n\n\n<!--more-->\n\n\n\n<p>Oaxaca, Oaxaca, Mi\u00e9rcoles 29 de Abril, 2026, (Fuente: imparcialoaxaca.mx y X: @rojasayuzo).- La Universidad Aut\u00f3noma \u201cBenito Ju\u00e1rez\u201d de Oaxaca (UABJO) puso en marcha el proceso para renovar su Rector\u00eda en el periodo 2026\u20132030, en un contexto marcado por la creciente confrontaci\u00f3n pol\u00edtica entre aspirantes y grupos internos. La publicaci\u00f3n de la convocatoria formaliza una etapa clave para la vida institucional, donde no solo se definir\u00e1 un liderazgo, sino tambi\u00e9n el rumbo acad\u00e9mico y administrativo de la m\u00e1xima casa de estudios del estado.<\/p>\n\n\n\n<p>El registro de candidaturas est\u00e1 programado para el 30 de abril de 2026, en una jornada que se desarrollar\u00e1 de 09:00 a 18:00 horas en el Exconvento de San Jos\u00e9, en el Centro Hist\u00f3rico de Oaxaca de Ju\u00e1rez. A partir de la validaci\u00f3n de los registros por la Comisi\u00f3n Electoral, los aspirantes podr\u00e1n iniciar campa\u00f1as de manera inmediata.<\/p>\n\n\n\n<p>El periodo proselitista estar\u00e1 acotado por reglas estrictas: concluir\u00e1 dos d\u00edas antes de la elecci\u00f3n, y toda propaganda deber\u00e1 ser retirada al menos 24 horas antes de la jornada electoral.<\/p>\n\n\n\n<p>La elecci\u00f3n se llevar\u00e1 a cabo el 13 de mayo de 2026, de 08:00 a 18:00 horas, en todas las escuelas, facultades e instancias administrativas de la universidad. El voto ser\u00e1 universal, libre, directo y secreto, con participaci\u00f3n de estudiantes, acad\u00e9micos y trabajadores administrativos registrados en el padr\u00f3n electoral.<\/p>\n\n\n\n<p>Para garantizar la validez del sufragio, la convocatoria establece que \u201cpara emitir su voto, los integrantes de la comunidad deber\u00e1n exhibir identificaci\u00f3n oficial con fotograf\u00eda\u201d, lo que busca fortalecer la certeza del proceso.<\/p>\n\n\n\n<p>Este ejercicio democr\u00e1tico ser\u00e1 determinante no solo por su resultado, sino por la legitimidad que logre construir en medio de un ambiente de efervescencia pol\u00edtica que ha tensado la din\u00e1mica interna de la instituci\u00f3n.<\/p>\n\n\n\n<p><strong>Comisi\u00f3n electoral: poder y controversia<\/strong><\/p>\n\n\n\n<p>La Comisi\u00f3n Electoral se erige como el \u00f3rgano central del proceso, con amplias facultades para organizar, vigilar, calificar la elecci\u00f3n y resolver impugnaciones. Su integraci\u00f3n incluye representantes de los sectores acad\u00e9mico, estudiantil y administrativo, adem\u00e1s de un presidente con voto de calidad y un secretario fedatario. Seg\u00fan la propia convocatoria, \u201cla Comisi\u00f3n Electoral est\u00e1 integrada de la siguiente manera: un Presidente con voto de calidad, un Secretario Fedatario y representantes de los distintos sectores universitarios\u201d.<\/p>\n\n\n\n<p>Entre sus atribuciones m\u00e1s relevantes se encuentra realizar el c\u00f3mputo final y otorgar la constancia de mayor\u00eda al candidato ganador. No obstante, uno de los puntos que genera mayor debate es que \u201clas resoluciones que emita la Comisi\u00f3n Electoral deber\u00e1n ser tomadas por mayor\u00eda de votos y ser\u00e1n inapelables\u201d, lo que refuerza su papel como \u00e1rbitro absoluto, pero tambi\u00e9n limita los mecanismos de revisi\u00f3n.<\/p>\n\n\n\n<p>La convocatoria establece criterios espec\u00edficos para integrar el padr\u00f3n electoral, limitando la participaci\u00f3n a quienes tengan v\u00ednculos formales con la instituci\u00f3n. En el caso del personal administrativo, se exige una antig\u00fcedad m\u00ednima de un mes en n\u00f3mina.<\/p>\n\n\n\n<p>Quedan excluidos quienes participen \u00fanicamente en actividades acad\u00e9micas extracurriculares, como cursos o diplomados, medida que busca evitar irregularidades como el llamado \u201cturismo electoral\u201d.<\/p>\n\n\n\n<p>El proceso contempla un r\u00e9gimen riguroso de sanciones para garantizar la equidad. Se proh\u00edben pr\u00e1cticas como la compra o coacci\u00f3n del voto mediante d\u00e1divas, rifas o beneficios econ\u00f3micos, as\u00ed como cualquier forma de intimidaci\u00f3n.<\/p>\n\n\n\n<p>Asimismo, se establecen controles durante la jornada electoral, incluyendo restricciones en el uso de dispositivos m\u00f3viles durante el escrutinio, con el objetivo de evitar interferencias o manipulaci\u00f3n de resultados.<\/p>\n\n\n\n<p><strong>Un proceso bajo la lupa<\/strong><\/p>\n\n\n\n<p>M\u00e1s all\u00e1 de la normatividad, el proceso ocurre en un contexto de disputa pol\u00edtica interna que podr\u00eda poner a prueba la transparencia y legitimidad de la elecci\u00f3n. La participaci\u00f3n activa de la comunidad universitaria ser\u00e1 un factor clave para sostener la credibilidad del ejercicio democr\u00e1tico.<\/p>\n\n\n\n<p>La elecci\u00f3n de la Rector\u00eda no s\u00f3lo definir\u00e1 una administraci\u00f3n, sino tambi\u00e9n el equilibrio de fuerzas al interior de la universidad durante los pr\u00f3ximos cuatro a\u00f1os.<\/p>\n\n\n\n<p><strong>Farid Acevedo: La imposici\u00f3n que desaf\u00eda la ley en la UABJO, donde lo ilegal podr\u00eda ser costumbre<\/strong><\/p>\n\n\n\n<p>En tanto, la Universidad Aut\u00f3noma \u201cBenito Ju\u00e1rez\u201d de Oaxaca (UABJO) se encuentra en la v\u00edspera de un proceso electoral crucial, pero las sombras de la irregularidad parecen empa\u00f1ar la b\u00fasqueda de una verdadera autonom\u00eda.<\/p>\n\n\n\n<p>El registro de Farid Acevedo como aspirante a la rector\u00eda no es s\u00f3lo un movimiento pol\u00edtico impositivo; es un desaf\u00edo directo a la legalidad institucional y a los principios \u00e9ticos que deber\u00edan regir a la m\u00e1xima casa de estudios.<\/p>\n\n\n\n<p>La Ley Org\u00e1nica de la UABJO es clara y no admite interpretaciones a conveniencia.<\/p>\n\n\n\n<p>En su Art\u00edculo 41, establece como requisito indispensable para ser Rector: \u201cContar con una antig\u00fcedad m\u00ednima de cinco a\u00f1os consecutivos e inmediatos a la elecci\u00f3n en el servicio de la Universidad.\u201d<\/p>\n\n\n\n<p>Aqu\u00ed es donde la candidatura de Acevedo se desmorona frente al rigor jur\u00eddico.<\/p>\n\n\n\n<p>Los registros son p\u00fablicos y contundentes: Farid Acevedo present\u00f3 su renuncia el 13 de marzo de 2026 y, lo que es m\u00e1s grave, se alej\u00f3 de la din\u00e1mica universitaria desde diciembre de 2022.<\/p>\n\n\n\n<p>Esta interrupci\u00f3n rompe de tajo la \u00abcontinuidad\u00bb e \u00abinmediatez\u00bb que la ley exige.<\/p>\n\n\n\n<p>\u00bfC\u00f3mo puede alguien que abandon\u00f3 la vida institucional pretender hoy dirigirla, ignorando los candados legales dise\u00f1ados para asegurar que el Rector conozca y viva la realidad actual de la comunidad?<\/p>\n\n\n\n<p>Si la Comisi\u00f3n Electoral valida su registro, cualquier universitario (alumno o maestro) podr\u00eda interponer un juicio de amparo o un recurso de queja. Esto podr\u00eda judicializar la elecci\u00f3n, dejando a la UABJO en un limbo administrativo justo cuando m\u00e1s estabilidad necesita.<\/p>\n\n\n\n<p>No podemos olvidar el se\u00f1alamiento sobre los 101.9 millones de pesos que la Auditor\u00eda Superior de la Federaci\u00f3n (ASF) tiene bajo la lupa. Si la elegibilidad de Acevedo es cuestionable, su c\u00edrculo cercano tambi\u00e9n lo es. La menci\u00f3n de esquemas de outsourcing dentro de una universidad p\u00fablica es una \u00abbomba de tiempo\u00bb que cualquier auditor\u00eda seria har\u00eda estallar.<\/p>\n\n\n\n<p>M\u00e1s all\u00e1 de la falta de requisitos, preocupa el entorno que rodea esta postulaci\u00f3n. La utilizaci\u00f3n de la estructura universitaria para favorecer a un perfil que legalmente est\u00e1 impedido es un s\u00edntoma de la degradaci\u00f3n pol\u00edtica que algunos sectores pretenden perpetuar.<\/p>\n\n\n\n<p>Mientras la Facultad de Medicina enfrenta crisis por la falta de espacios para internados y los acad\u00e9micos son amedrentados con procesos administrativos injustos, la prioridad parece ser pavimentar el camino para un candidato \u00aba modo\u00bb.<\/p>\n\n\n\n<p>La imposici\u00f3n de Acevedo enviar\u00eda un mensaje desastroso: que, en la UABJO, la ley es un obst\u00e1culo negociable y que los favores pol\u00edticos valen m\u00e1s que el derecho universitario.<\/p>\n\n\n\n<p>La autonom\u00eda no se defiende solo con discursos, se defiende respetando las reglas del juego. Permitir que Farid Acevedo compita sin cumplir con la antig\u00fcedad requerida ser\u00eda validar un fraude a la ley.<\/p>\n\n\n\n<p>La comunidad estudiantil y acad\u00e9mica tiene el reto de actuar con dignidad. La UABJO no puede ser el bot\u00edn de quienes, tras a\u00f1os de ausencia, regresan con ambici\u00f3n de poder, pero sin solvencia legal.<\/p>\n\n\n\n<p>El pr\u00f3ximo 13 de mayo no solo se elige a un hombre; se elige si la Universidad se arrodilla ante la imposici\u00f3n o se levanta en defensa de su propia legalidad.<\/p>\n\n\n\n<p><strong>Arranca la disputa por la rector\u00eda de la UABJO: Farid Acevedo vs Enrique Mart\u00ednez<\/strong><\/p>\n\n\n\n<p>Por otra parte, con la publicaci\u00f3n de la convocatoria electoral este 28 de abril, la Universidad Aut\u00f3noma \u201cBenito Ju\u00e1rez\u201d de Oaxaca (UABJO) dio inicio formal a la sucesi\u00f3n de su rector\u00eda para el periodo 2026-2030, un proceso que ya muestra se\u00f1ales de alta tensi\u00f3n pol\u00edtica.<\/p>\n\n\n\n<p>Por un lado, el exsecretario de Finanzas del gobierno estatal, Farid Acevedo L\u00f3pez, quien goza del apoyo del \u201cGran Elector de Palacio\u201d; por el otro, el odont\u00f3logo y catedr\u00e1tico Enrique Mart\u00ednez Mart\u00ednez, respaldado por el Frente por la Defensa de la Autonom\u00eda Universitaria y ligado al Partido del Trabajo.<\/p>\n\n\n\n<p>La Comisi\u00f3n Electoral de la m\u00e1xima casa de estudios emiti\u00f3 la convocatoria con fundamento en la Ley Org\u00e1nica de la UABJO y los Lineamientos Generales para la Elecci\u00f3n de Rector, e invita a la comunidad universitaria \u2014alumnos, acad\u00e9micos y personal administrativo\u2014 a participar en el proceso mediante voto universal, libre, directo y secreto.<\/p>\n\n\n\n<p>La elecci\u00f3n est\u00e1 programada para el 13 de mayo de 2026, y representa el retorno a comicios directos tras nueve a\u00f1os de interinatos y cambios normativos, siendo el \u00faltimo proceso electivo completo el de 2017.&nbsp;<\/p>\n\n\n\n<p>La jornada se desarrollar\u00e1 en las Escuelas, Facultades, Institutos y Dependencias Administrativas de la UABJO, de 08:00 a 18:00 horas.<\/p>\n\n\n\n<p>El registro de candidaturas se realizar\u00e1 este 30 de abril, de 09:00 a 18:00 horas, en las instalaciones de la Facultad de Bellas Artes, ubicada en el Exconvento de San Jos\u00e9, en el Centro Hist\u00f3rico de Oaxaca de Ju\u00e1rez.<\/p>\n\n\n\n<p>En el plano pol\u00edtico, la disputa tiene dos protagonistas centrales. Farid Acevedo L\u00f3pez, exsecretario de Finanzas del gobierno de Salom\u00f3n Jara Cruz, renunci\u00f3 al cargo para buscar la rector\u00eda.<\/p>\n\n\n\n<p>Sectores universitarios lo se\u00f1alan como el candidato impulsado desde el Palacio de Gobierno, mientras el Frente por la Defensa de la Autonom\u00eda Universitaria acusa al gobernador de recurrir a actos de represi\u00f3n para favorecerlo.&nbsp;<\/p>\n\n\n\n<p>Jara Cruz, por su parte, ha negado cualquier intenci\u00f3n de intervenir en el proceso interno.<\/p>\n\n\n\n<p>Su principal contendiente es Enrique Mart\u00ednez Mart\u00ednez, odont\u00f3logo con m\u00e1s de cuatro d\u00e9cadas de trayectoria en la instituci\u00f3n, exdirector de la Facultad de Odontolog\u00eda y exsecretario general de la UABJO.<\/p>\n\n\n\n<p>Su candidatura est\u00e1 ligada al Partido del Trabajo, que en Oaxaca mantiene una postura cr\u00edtica frente al gobierno de la coalici\u00f3n MORENA-aliados.<\/p>\n\n\n\n<p>Docentes afiliados a sindicatos universitarios que respaldan a Mart\u00ednez Mart\u00ednez interpusieron amparos ante presuntas amenazas de \u00f3rdenes de aprehensi\u00f3n, que atribuyen a la Oficina del Abogado General de la universidad, supuestamente por instrucci\u00f3n del rector saliente, Cristian Eder Carre\u00f1o L\u00f3pez.<\/p>\n\n\n\n<p>La Comisi\u00f3n Electoral est\u00e1 integrada por diez consejeros universitarios: cuatro docentes, cuatro estudiantes y dos trabajadores, con el secretario general de la instituci\u00f3n como fedatario.&nbsp;<\/p>\n\n\n\n<p>El documento fue suscrito por el presidente del H. Consejo Universitario, Enrique Mayoral Guzm\u00e1n, y el secretario fedatario, Abraham Mart\u00ednez Helmes.<\/p>\n\n\n\n<p>Entre las prohibiciones expresas que establece la convocatoria figuran la colocaci\u00f3n de propaganda dentro de los recintos universitarios, la realizaci\u00f3n de ex\u00e1menes durante las campa\u00f1as, el ofrecimiento de d\u00e1divas a los votantes y la presencia de fuerza p\u00fablica en instalaciones universitarias sin autorizaci\u00f3n previa de la Comisi\u00f3n Electoral con al menos una semana de anticipaci\u00f3n a la jornada electoral.<\/p>\n","protected":false},"excerpt":{"rendered":"<p>*Arranca la competencia entre tensiones y reglas bajo sospecha *La UABJO lanza convocatoria para elegir Rector\u00eda 2026\u20132030; proceso inicia el<\/p>\n","protected":false},"author":1,"featured_media":198416,"comment_status":"closed","ping_status":"closed","sticky":false,"template":"","format":"standard","meta":{"footnotes":""},"categories":[11,3,5,14],"tags":[],"class_list":["post-222851","post","type-post","status-publish","format-standard","has-post-thumbnail","hentry","category-capital","category-las-destacadas","category-politica","category-titulares"],"_links":{"self":[{"href":"https:\/\/oaxacadiaadia.com\/index.php?rest_route=\/wp\/v2\/posts\/222851","targetHints":{"allow":["GET"]}}],"collection":[{"href":"https:\/\/oaxacadiaadia.com\/index.php?rest_route=\/wp\/v2\/posts"}],"about":[{"href":"https:\/\/oaxacadiaadia.com\/index.php?rest_route=\/wp\/v2\/types\/post"}],"author":[{"embeddable":true,"href":"https:\/\/oaxacadiaadia.com\/index.php?rest_route=\/wp\/v2\/users\/1"}],"replies":[{"embeddable":true,"href":"https:\/\/oaxacadiaadia.com\/index.php?rest_route=%2Fwp%2Fv2%2Fcomments&post=222851"}],"version-history":[{"count":1,"href":"https:\/\/oaxacadiaadia.com\/index.php?rest_route=\/wp\/v2\/posts\/222851\/revisions"}],"predecessor-version":[{"id":222852,"href":"https:\/\/oaxacadiaadia.com\/index.php?rest_route=\/wp\/v2\/posts\/222851\/revisions\/222852"}],"wp:featuredmedia":[{"embeddable":true,"href":"https:\/\/oaxacadiaadia.com\/index.php?rest_route=\/wp\/v2\/media\/198416"}],"wp:attachment":[{"href":"https:\/\/oaxacadiaadia.com\/index.php?rest_route=%2Fwp%2Fv2%2Fmedia&parent=222851"}],"wp:term":[{"taxonomy":"category","embeddable":true,"href":"https:\/\/oaxacadiaadia.com\/index.php?rest_route=%2Fwp%2Fv2%2Fcategories&post=222851"},{"taxonomy":"post_tag","embeddable":true,"href":"https:\/\/oaxacadiaadia.com\/index.php?rest_route=%2Fwp%2Fv2%2Ftags&post=222851"}],"curies":[{"name":"wp","href":"https:\/\/api.w.org\/{rel}","templated":true}]}}