{"id":222842,"date":"2026-04-29T17:15:03","date_gmt":"2026-04-29T23:15:03","guid":{"rendered":"https:\/\/oaxacadiaadia.com\/?p=222842"},"modified":"2026-04-29T17:15:03","modified_gmt":"2026-04-29T23:15:03","slug":"estudiantes-de-medicina-pierden-plazas-de-internado","status":"publish","type":"post","link":"https:\/\/oaxacadiaadia.com\/?p=222842","title":{"rendered":"Estudiantes de medicina pierden plazas de internado"},"content":{"rendered":"\n<figure class=\"wp-block-image size-full\"><a href=\"https:\/\/oaxacadiaadia.com\/wp-content\/uploads\/2026\/04\/Estudiantes-de-medicina-pierden-plazas-de-internado.jpg\"><img loading=\"lazy\" decoding=\"async\" width=\"410\" height=\"231\" src=\"https:\/\/oaxacadiaadia.com\/wp-content\/uploads\/2026\/04\/Estudiantes-de-medicina-pierden-plazas-de-internado.jpg\" alt=\"\" class=\"wp-image-222843\" srcset=\"https:\/\/oaxacadiaadia.com\/wp-content\/uploads\/2026\/04\/Estudiantes-de-medicina-pierden-plazas-de-internado.jpg 410w, https:\/\/oaxacadiaadia.com\/wp-content\/uploads\/2026\/04\/Estudiantes-de-medicina-pierden-plazas-de-internado-300x169.jpg 300w\" sizes=\"auto, (max-width: 410px) 100vw, 410px\" \/><\/a><\/figure>\n\n\n\n<p>*Alumnos de la Facultad de Medicina y Cirug\u00eda de la UABJO acusan de omisi\u00f3n a la m\u00e9dico Wendy Reyna Gonz\u00e1lez, encargada de la Coordinaci\u00f3n de Campos Cl\u00ednicos de la facultad<\/p>\n\n\n\n<!--more-->\n\n\n\n<p>Oaxaca, Oaxaca, Mi\u00e9rcoles 29 de Abril, 2026, (Fuente: X: @jaimeguerrero08).- Estudiantes de la Facultad de Medicina y Cirug\u00eda de la Universidad Aut\u00f3noma \u201cBenito Ju\u00e1rez\u201d de Oaxaca (UABJO), iniciaron este lunes un paro estudiantil desde las 06:30 horas, con el bloqueo de los accesos principales del plantel, ubicado en la Ex Hacienda de Aguilera, en la zona de San Felipe del Agua, en protesta por la reducci\u00f3n de plazas disponibles para el Internado M\u00e9dico de Pregrado.<\/p>\n\n\n\n<p>De acuerdo con una circular emitida por el Comit\u00e9 Estudiantil de la facultad, la movilizaci\u00f3n responde a lo que los inconformes califican como una p\u00e9rdida cr\u00edtica de espacios en unidades hospitalarias que hist\u00f3ricamente recib\u00edan a los pasantes, situaci\u00f3n que \u2014sostienen\u2014 vulnera su derecho a una formaci\u00f3n profesional adecuada y limita sus opciones acad\u00e9micas.<\/p>\n\n\n\n<p>El conflicto surgi\u00f3 tras denuncias p\u00fablicas en contra de la gesti\u00f3n de la m\u00e9dico Wendy Reyna Gonz\u00e1lez, encargada de la Coordinaci\u00f3n de Campos Cl\u00ednicos de la facultad, a quien los estudiantes se\u00f1alan por falta de diligencia y omisi\u00f3n de acciones administrativas para renovar los convenios con unidades hospitalarias que tradicionalmente acog\u00edan a alumnos en formaci\u00f3n.<\/p>\n\n\n\n<p>Los inconformes advirtieron que la situaci\u00f3n deja a los aspirantes al internado sin espacios suficientes para cubrir las seis rotaciones obligatorias que establece el plan de estudios de la Licenciatura en M\u00e9dico Cirujano, lo que compromete el avance y la titulaci\u00f3n oportuna de una generaci\u00f3n completa.<\/p>\n\n\n\n<p>Entre sus principales exigencias, los estudiantes demandan la restituci\u00f3n inmediata de los convenios perdidos, una rendici\u00f3n de cuentas detallada sobre el estado actual de las gestiones ante el sector salud, y la garant\u00eda de que todos los aspirantes al internado dispongan de una plaza suficiente y de calidad para concluir sus estudios.<\/p>\n\n\n\n<p>Los universitarios hicieron un llamado a la comunidad estudiantil a sumarse a la movilizaci\u00f3n de manera organizada y pac\u00edfica, y advirtieron que no permitir\u00e1n que la inacci\u00f3n administrativa comprometa su trayectoria profesional.<\/p>\n","protected":false},"excerpt":{"rendered":"<p>*Alumnos de la Facultad de Medicina y Cirug\u00eda de la UABJO acusan de omisi\u00f3n a la m\u00e9dico Wendy Reyna Gonz\u00e1lez,<\/p>\n","protected":false},"author":1,"featured_media":222843,"comment_status":"closed","ping_status":"closed","sticky":false,"template":"","format":"standard","meta":{"footnotes":""},"categories":[11,3,14],"tags":[],"class_list":["post-222842","post","type-post","status-publish","format-standard","has-post-thumbnail","hentry","category-capital","category-las-destacadas","category-titulares"],"_links":{"self":[{"href":"https:\/\/oaxacadiaadia.com\/index.php?rest_route=\/wp\/v2\/posts\/222842","targetHints":{"allow":["GET"]}}],"collection":[{"href":"https:\/\/oaxacadiaadia.com\/index.php?rest_route=\/wp\/v2\/posts"}],"about":[{"href":"https:\/\/oaxacadiaadia.com\/index.php?rest_route=\/wp\/v2\/types\/post"}],"author":[{"embeddable":true,"href":"https:\/\/oaxacadiaadia.com\/index.php?rest_route=\/wp\/v2\/users\/1"}],"replies":[{"embeddable":true,"href":"https:\/\/oaxacadiaadia.com\/index.php?rest_route=%2Fwp%2Fv2%2Fcomments&post=222842"}],"version-history":[{"count":1,"href":"https:\/\/oaxacadiaadia.com\/index.php?rest_route=\/wp\/v2\/posts\/222842\/revisions"}],"predecessor-version":[{"id":222844,"href":"https:\/\/oaxacadiaadia.com\/index.php?rest_route=\/wp\/v2\/posts\/222842\/revisions\/222844"}],"wp:featuredmedia":[{"embeddable":true,"href":"https:\/\/oaxacadiaadia.com\/index.php?rest_route=\/wp\/v2\/media\/222843"}],"wp:attachment":[{"href":"https:\/\/oaxacadiaadia.com\/index.php?rest_route=%2Fwp%2Fv2%2Fmedia&parent=222842"}],"wp:term":[{"taxonomy":"category","embeddable":true,"href":"https:\/\/oaxacadiaadia.com\/index.php?rest_route=%2Fwp%2Fv2%2Fcategories&post=222842"},{"taxonomy":"post_tag","embeddable":true,"href":"https:\/\/oaxacadiaadia.com\/index.php?rest_route=%2Fwp%2Fv2%2Ftags&post=222842"}],"curies":[{"name":"wp","href":"https:\/\/api.w.org\/{rel}","templated":true}]}}