{"id":222839,"date":"2026-04-29T17:14:27","date_gmt":"2026-04-29T23:14:27","guid":{"rendered":"https:\/\/oaxacadiaadia.com\/?p=222839"},"modified":"2026-04-29T17:14:28","modified_gmt":"2026-04-29T23:14:28","slug":"adelanta-salomon-alianza-con-el-verde","status":"publish","type":"post","link":"https:\/\/oaxacadiaadia.com\/?p=222839","title":{"rendered":"Adelanta Salom\u00f3n alianza con el Verde"},"content":{"rendered":"\n<figure class=\"wp-block-image size-full\"><a href=\"https:\/\/oaxacadiaadia.com\/wp-content\/uploads\/2026\/04\/Adelanta-Salomon-alianza-con-el-Verde.jpg\"><img loading=\"lazy\" decoding=\"async\" width=\"295\" height=\"393\" src=\"https:\/\/oaxacadiaadia.com\/wp-content\/uploads\/2026\/04\/Adelanta-Salomon-alianza-con-el-Verde.jpg\" alt=\"\" class=\"wp-image-222840\" srcset=\"https:\/\/oaxacadiaadia.com\/wp-content\/uploads\/2026\/04\/Adelanta-Salomon-alianza-con-el-Verde.jpg 295w, https:\/\/oaxacadiaadia.com\/wp-content\/uploads\/2026\/04\/Adelanta-Salomon-alianza-con-el-Verde-225x300.jpg 225w\" sizes=\"auto, (max-width: 295px) 100vw, 295px\" \/><\/a><\/figure>\n\n\n\n<p>*El gobernador Salom\u00f3n Jara Cruz, contrario al PVEM, con el PT dej\u00f3 en suspenso una posible alianza rumbo al 2027<\/p>\n\n\n\n<!--more-->\n\n\n\n<p>Oaxaca, Oaxaca, Mi\u00e9rcoles 29 de Abril, 2026, (Fuente: X: @jaimeguerrero08).- El gobernador Salom\u00f3n Jara Cruz anticip\u00f3 que MORENA continuar\u00e1 su alianza con el Partido Verde Ecologista de M\u00e9xico (PVEM) de cara a los comicios de 2027, luego de sostener una llamada telef\u00f3nica con el diputado federal Ra\u00fal Bola\u00f1os Cacho Cu\u00e9, reci\u00e9n nombrado delegado nacional electoral del PVEM en Oaxaca para el proceso 2026-2027.<\/p>\n\n\n\n<p>\u201cHablamos por tel\u00e9fono despu\u00e9s de su nombramiento y vamos a platicar. Yo creo que vamos a continuar con la alianza con el Verde Ecologista, eso s\u00ed lo s\u00e9\u201d, declar\u00f3 el mandatario estatal.<\/p>\n\n\n\n<p>Jara Cruz fue cuidadoso en precisar que la confirmaci\u00f3n formal depender\u00e1 de una reuni\u00f3n pendiente entre ambos.<\/p>\n\n\n\n<p>\u201cTenemos que platicar, no palomear, porque aqu\u00ed no se palomea; aqu\u00ed se hacen encuestas. Acu\u00e9rdense que ese es el procedimiento que hay en MORENA\u201d, dijo, en alusi\u00f3n al mecanismo interno del partido para la definici\u00f3n de candidaturas.<\/p>\n\n\n\n<p>Distinto fue el tono respecto al Partido del Trabajo. El gobernador reconoci\u00f3 abiertamente que la continuidad de esa alianza es incierta y que la decisi\u00f3n no est\u00e1 en sus manos.<\/p>\n\n\n\n<p>&nbsp;\u201cCon el PT no s\u00e9 todav\u00eda. Ah\u00ed nos va a decidir el comit\u00e9 ejecutivo nacional y estatal, ya en su momento\u201d.<\/p>\n\n\n\n<p>El nombramiento de Bola\u00f1os Cacho Cu\u00e9 como delegado del CEN del PVEM en Oaxaca tiene como encomienda revisar perfiles para las candidaturas del Verde a las diputaciones federales, diputaciones locales y presidencias municipales, y proponer prospectos para la decisi\u00f3n final de los \u00f3rganos competentes del partido.<\/p>\n\n\n\n<p>El gobernador felicit\u00f3 p\u00fablicamente a Bola\u00f1os Cacho Cu\u00e9 por el cargo y dej\u00f3 ver una relaci\u00f3n de interlocuci\u00f3n activa con el legislador, quien en el plano federal est\u00e1 llamado a asumir la presidencia de la C\u00e1mara de Diputados en septiembre de 2026, para el tercer y \u00faltimo a\u00f1o de la LXVI Legislatura.<\/p>\n\n\n\n<p>Jara Cruz refrend\u00f3 su confianza en que la coalici\u00f3n morenista llegar\u00e1 unida al proceso electoral, en el que Oaxaca renovar\u00e1 diputados federales, diputados locales y presidentes municipales de r\u00e9gimen de partidos. \u201cTengo la plena seguridad de que vamos a ir juntos\u201d, afirm\u00f3.<\/p>\n\n\n\n<p>En tanto, Jara Cruz consider\u00f3 muy probable que la secretaria de Bienestar federal, Ariadna Montiel, asuma la presidencia del Comit\u00e9 Ejecutivo Nacional (CEN) de MORENA, aunque aclar\u00f3 que no cuenta con informaci\u00f3n oficial al respecto.<\/p>\n\n\n\n<p>El pasado 22 de abril, Luisa Mar\u00eda Alcalde dej\u00f3 la dirigencia morenista para asumir la titularidad de la Consejer\u00eda Jur\u00eddica de la Presidencia de la Rep\u00fablica, por invitaci\u00f3n de la presidenta Claudia Sheinbaum.&nbsp;<\/p>\n\n\n\n<p>Jara Cruz celebr\u00f3 el nuevo encargo de Alcalde y utiliz\u00f3 la misma ret\u00f3rica con la que la propia exdirigente justific\u00f3 su salida: \u201cLos encargos duran un tiempecito, no toda la vida\u201d.<\/p>\n\n\n\n<p>MORENA convoc\u00f3 a su VIII Congreso Nacional Extraordinario con el objetivo de cubrir vacantes en la Presidencia y la Secretar\u00eda de Finanzas del CEN. El encuentro est\u00e1 programado para el domingo 3 de mayo a partir de las 11:00 horas en el World Trade Center de la Ciudad de M\u00e9xico.<\/p>\n\n\n\n<p>Ambos puestos tendr\u00e1n vigencia del 3 de mayo de 2026 al 10 de octubre de 2027. El cambio en la dirigencia ocurre justo antes de que inicie el proceso interno de Morena para la selecci\u00f3n de sus precandidatos, de cara al proceso electoral del 2027.<\/p>\n\n\n\n<p>La titular de la Secretar\u00eda de Bienestar, Ariadna Montiel Reyes, rechaz\u00f3 hablar sobre el inter\u00e9s en ocupar la dirigencia del partido.&nbsp;<\/p>\n\n\n\n<p>Sobre posibles aspiraciones electorales de funcionarios estatales y municipales \u2014entre ellos el Secretario de Gobierno, Jes\u00fas Romero L\u00f3pez; la subsecretaria de Tequio e Inclusi\u00f3n para el Bienestar, Fernanda Schmidt; y el presidente municipal de Oaxaca de Ju\u00e1rez, Raymundo Chagoya Villanueva\u2014 el gobernador evit\u00f3 pronunciarse sobre sus intenciones.<\/p>\n\n\n\n<p>\u201cNo s\u00e9 cu\u00e1les sean sus aspiraciones, pero est\u00e1n haciendo un buen trabajo y los felicito. Ya habr\u00e1 un momento, si ellos quieren ser candidatos\u201d, matiz\u00f3.<\/p>\n\n\n\n<p><strong>Jara Cruz y Bola\u00f1os Cacho Cu\u00e9 se re\u00fanen: dos piezas clave en la definici\u00f3n de candidaturas de la coalici\u00f3n Morena-PVEM en Oaxaca para 2027<\/strong><\/p>\n\n\n\n<p>Por otra parte, en una se\u00f1al de los tiempos que se avecinan, el gobernador Salom\u00f3n Jara Cruz y el diputado federal Ra\u00fal Bola\u00f1os Cacho Cu\u00e9 sostuvieron este martes una reuni\u00f3n que va m\u00e1s all\u00e1 del protocolo: en ella se tendieron los primeros puentes para lo que ser\u00e1 la negociaci\u00f3n de candidaturas que la coalici\u00f3n Morena-PVEM deber\u00e1 asignarse en Oaxaca para el proceso electoral de 2027.<\/p>\n\n\n\n<p>El propio legislador del Verde lo hizo p\u00fablico en redes sociales, donde describi\u00f3 el encuentro como \u201cmuy buena reuni\u00f3n\u201d con el mandatario oaxaque\u00f1o, en la que \u201creiteramos nuestro compromiso de seguir trabajando y construyendo por el desarrollo de nuestro estado\u201d.<\/p>\n\n\n\n<p>La frase, de cordialidad institucional, es el inicio de una negociaci\u00f3n que definir\u00e1 qui\u00e9n va en qu\u00e9 lugar en las boletas de diputaciones federales, diputaciones locales y presidencias municipales de r\u00e9gimen de partidos.<\/p>\n\n\n\n<p>Jara Cruz \u201cEl gran elector de Palacio\u201d y en consecuencia de Morena en la entidad, con capacidad de incidir en la distribuci\u00f3n de espacios dentro de la coalici\u00f3n.<\/p>\n\n\n\n<p>Bola\u00f1os Cacho Cu\u00e9, por su parte, fue nombrado recientemente por el CEN del PVEM como su Delegado Nacional Electoral para el proceso 2026-2027, lo que lo convierte en el interlocutor formal del Verde ante Morena para la asignaci\u00f3n de candidaturas.<\/p>\n\n\n\n<p>Su encomienda es revisar perfiles para las candidaturas del partido a las diputaciones federales, diputaciones locales y presidencias municipales, y proponer prospectos para la decisi\u00f3n final de los \u00f3rganos competentes.<\/p>\n\n\n\n<p>El gobernador ya hab\u00eda anticipado el resultado m\u00e1s probable de estas conversaciones: \u201cYo creo que vamos a continuar con la alianza con el Verde Ecologista, eso s\u00ed lo s\u00e9\u201d. Pero tambi\u00e9n dej\u00f3 claro el m\u00e9todo.<\/p>\n\n\n\n<p>La suerte del Partido del Trabajo en esa ecuaci\u00f3n es, por ahora, una inc\u00f3gnita.<\/p>\n\n\n\n<p>\u201cCon el PT no s\u00e9 todav\u00eda. Ah\u00ed nos va a decidir el comit\u00e9 ejecutivo nacional y estatal, ya en su momento\u201d, admiti\u00f3 Jara Cruz, lo que coloca al PT en una posici\u00f3n de espera mientras Morena y el Verde avanzan en su entendimiento.<\/p>\n\n\n\n<p>En el plano federal, Bola\u00f1os Cacho Cu\u00e9 est\u00e1 llamado a asumir la presidencia de la C\u00e1mara de Diputados en septiembre de 2026, para el tercer y \u00faltimo a\u00f1o de la LXVI Legislatura, lo que le otorga un perfil nacional que fortalece su posici\u00f3n negociadora frente a Morena en Oaxaca.<\/p>\n\n\n\n<p>El proceso electoral de 2027 definir\u00e1 en la entidad diputados federales, diputados locales y presidentes municipales de r\u00e9gimen de partidos. Jara Cruz no ocult\u00f3 su optimismo: \u201cTengo la plena seguridad de que vamos a ir juntos\u201d. La reuni\u00f3n de este martes sugiere que la maquinaria ya est\u00e1 en marcha.<\/p>\n","protected":false},"excerpt":{"rendered":"<p>*El gobernador Salom\u00f3n Jara Cruz, contrario al PVEM, con el PT dej\u00f3 en suspenso una posible alianza rumbo al 2027<\/p>\n","protected":false},"author":1,"featured_media":222840,"comment_status":"closed","ping_status":"closed","sticky":false,"template":"","format":"standard","meta":{"footnotes":""},"categories":[11,3,13,5],"tags":[],"class_list":["post-222839","post","type-post","status-publish","format-standard","has-post-thumbnail","hentry","category-capital","category-las-destacadas","category-nacional","category-politica"],"_links":{"self":[{"href":"https:\/\/oaxacadiaadia.com\/index.php?rest_route=\/wp\/v2\/posts\/222839","targetHints":{"allow":["GET"]}}],"collection":[{"href":"https:\/\/oaxacadiaadia.com\/index.php?rest_route=\/wp\/v2\/posts"}],"about":[{"href":"https:\/\/oaxacadiaadia.com\/index.php?rest_route=\/wp\/v2\/types\/post"}],"author":[{"embeddable":true,"href":"https:\/\/oaxacadiaadia.com\/index.php?rest_route=\/wp\/v2\/users\/1"}],"replies":[{"embeddable":true,"href":"https:\/\/oaxacadiaadia.com\/index.php?rest_route=%2Fwp%2Fv2%2Fcomments&post=222839"}],"version-history":[{"count":1,"href":"https:\/\/oaxacadiaadia.com\/index.php?rest_route=\/wp\/v2\/posts\/222839\/revisions"}],"predecessor-version":[{"id":222841,"href":"https:\/\/oaxacadiaadia.com\/index.php?rest_route=\/wp\/v2\/posts\/222839\/revisions\/222841"}],"wp:featuredmedia":[{"embeddable":true,"href":"https:\/\/oaxacadiaadia.com\/index.php?rest_route=\/wp\/v2\/media\/222840"}],"wp:attachment":[{"href":"https:\/\/oaxacadiaadia.com\/index.php?rest_route=%2Fwp%2Fv2%2Fmedia&parent=222839"}],"wp:term":[{"taxonomy":"category","embeddable":true,"href":"https:\/\/oaxacadiaadia.com\/index.php?rest_route=%2Fwp%2Fv2%2Fcategories&post=222839"},{"taxonomy":"post_tag","embeddable":true,"href":"https:\/\/oaxacadiaadia.com\/index.php?rest_route=%2Fwp%2Fv2%2Ftags&post=222839"}],"curies":[{"name":"wp","href":"https:\/\/api.w.org\/{rel}","templated":true}]}}