{"id":222830,"date":"2026-04-29T17:11:57","date_gmt":"2026-04-29T23:11:57","guid":{"rendered":"https:\/\/oaxacadiaadia.com\/?p=222830"},"modified":"2026-04-29T17:11:58","modified_gmt":"2026-04-29T23:11:58","slug":"mas-policias-para-combatir-la-delincuencia-en-juchitan","status":"publish","type":"post","link":"https:\/\/oaxacadiaadia.com\/?p=222830","title":{"rendered":"M\u00e1s polic\u00edas para combatir la delincuencia en Juchit\u00e1n"},"content":{"rendered":"\n<p><\/p>\n\n\n\n<figure class=\"wp-block-image size-full\"><a href=\"https:\/\/oaxacadiaadia.com\/wp-content\/uploads\/2026\/04\/Mas-policias-para-combatir-la-delincuencia-en-Juchitan.jpg\"><img loading=\"lazy\" decoding=\"async\" width=\"413\" height=\"306\" src=\"https:\/\/oaxacadiaadia.com\/wp-content\/uploads\/2026\/04\/Mas-policias-para-combatir-la-delincuencia-en-Juchitan.jpg\" alt=\"\" class=\"wp-image-222831\" srcset=\"https:\/\/oaxacadiaadia.com\/wp-content\/uploads\/2026\/04\/Mas-policias-para-combatir-la-delincuencia-en-Juchitan.jpg 413w, https:\/\/oaxacadiaadia.com\/wp-content\/uploads\/2026\/04\/Mas-policias-para-combatir-la-delincuencia-en-Juchitan-300x222.jpg 300w\" sizes=\"auto, (max-width: 413px) 100vw, 413px\" \/><\/a><\/figure>\n\n\n\n<p>*Este municipio de la regi\u00f3n Istmo de Oaxaca registra nuevo refuerzo de fuerzas federales y estatales con unidades t\u00e1cticas y dragones en motocicleta<\/p>\n\n\n\n<!--more-->\n\n\n\n<p>Oaxaca, Oaxaca, Mi\u00e9rcoles 29 de Abril, 2026, (Fuente: X: @jaimeguerrero08).- La Heroica Ciudad de Juchit\u00e1n de Zaragoza, en la regi\u00f3n Istmo de Oaxaca, registra un nuevo despliegue de elementos de seguridad, que incluye unidades t\u00e1cticas y grupos dragones en motocicleta, cuya funci\u00f3n es la detenci\u00f3n de objetivos prioritarios.<\/p>\n\n\n\n<p>El refuerzo se suma a la presencia institucional acumulada en el municipio desde el inicio de a\u00f1o, en el marco de una escalada de violencia que ha colocado a esta ciudad entre las de mayor incidencia delictiva del pa\u00eds.<\/p>\n\n\n\n<p>El arribo de las nuevas unidades eleva la presi\u00f3n operativa sobre grupos criminales que, seg\u00fan autoridades, han respondido con violencia a los golpes recientes de las corporaciones.<\/p>\n\n\n\n<p>Personal de la D\u00e9cima Regi\u00f3n Naval participa en la Mesa de Coordinaci\u00f3n Estatal y Regional para la Construcci\u00f3n de la Paz y Seguridad en Oaxaca, con acuerdos para fortalecer la presencia institucional y definir acciones espec\u00edficas orientadas a preservar el orden p\u00fablico en el Istmo.<\/p>\n\n\n\n<p>Las unidades dragones en motocicleta responden directamente al patr\u00f3n delictivo dominante en la zona.<\/p>\n\n\n\n<p>Ataques recientes en el municipio han sido ejecutados por sujetos que se desplazan en motocicleta, lo que ha generado despliegues de fuerzas federales y estatales tras cada incidente.&nbsp;<\/p>\n\n\n\n<p>En ese contexto, la proliferaci\u00f3n de mototaxis se ha identificado como uno de los ejes clave para entender la inseguridad: miles de unidades circulan de manera irregular y han sido se\u00f1aladas como veh\u00edculo para el narcomenudeo, el cobro de piso, las extorsiones y el halconeo.<\/p>\n\n\n\n<p>La presencia federal en Juchit\u00e1n se mantiene activa desde al menos febrero pasado.<\/p>\n\n\n\n<p>El Gabinete de Seguridad despleg\u00f3 m\u00e1s de mil elementos del Ej\u00e9rcito Mexicano, Guardia Nacional, Secretar\u00eda de Marina, Fiscal\u00eda General del Estado, Polic\u00eda Estatal, Agencia Estatal de Investigaciones y Polic\u00eda Vial Estatal en la regi\u00f3n, bajo el Operativo \u201cIstmo en Paz\u201d, con presencia permanente en calles, carreteras, accesos, zonas comerciales y puntos prioritarios, e incorporando 23 veh\u00edculos operativos, incluido un blindado t\u00e1ctico.<\/p>\n\n\n\n<p>Un d\u00eda antes, dentro del operativo \u201cOaxaca Segura\u201d, personal naval detuvo a dos hombres a quienes se les decomisaron dosis de cristal, un arma de fuego, cartuchos, cargadores y dos motocicletas; tambi\u00e9n se incautaron cartulinas y una lona con mensajes de amenaza firmados con el alias \u201ccomandante Cromo\u201d.<\/p>\n\n\n\n<p>El despliegue de este lunes se inscribe en la estrategia m\u00e1s amplia que el gobernador Salom\u00f3n Jara Cruz present\u00f3 el 15 de abril en la propia ciudad juchiteca.<\/p>\n\n\n\n<p>El \u201cPacto por la Paz de Juchit\u00e1n de Zaragoza\u201d se desarrollar\u00e1 en cuatro etapas \u2014socializaci\u00f3n y validaci\u00f3n con sectores sociales; diagn\u00f3stico con definici\u00f3n de metas y objetivos; implementaci\u00f3n de acciones en territorio; y cierre con evaluaci\u00f3n de resultados\u2014 con inicio el 15 de abril y conclusi\u00f3n el 8 de octubre del presente a\u00f1o.<\/p>\n\n\n\n<p>Entre las acciones anunciadas en el marco de dicho pacto destacan la instalaci\u00f3n de c\u00e1maras de videovigilancia, el despliegue de elementos de seguridad y la implementaci\u00f3n de evaluaciones trimestrales para medir resultados, as\u00ed como un proceso de ordenamiento del servicio de mototaxis que incluye censo, colocaci\u00f3n de c\u00f3digos QR, exigencia de permisos e instalaci\u00f3n de c\u00e1maras y sistemas GPS en las unidades.<\/p>\n","protected":false},"excerpt":{"rendered":"<p>*Este municipio de la regi\u00f3n Istmo de Oaxaca registra nuevo refuerzo de fuerzas federales y estatales con unidades t\u00e1cticas y<\/p>\n","protected":false},"author":1,"featured_media":222831,"comment_status":"closed","ping_status":"closed","sticky":false,"template":"","format":"standard","meta":{"footnotes":""},"categories":[3,7,4],"tags":[],"class_list":["post-222830","post","type-post","status-publish","format-standard","has-post-thumbnail","hentry","category-las-destacadas","category-municipal","category-policiaca"],"_links":{"self":[{"href":"https:\/\/oaxacadiaadia.com\/index.php?rest_route=\/wp\/v2\/posts\/222830","targetHints":{"allow":["GET"]}}],"collection":[{"href":"https:\/\/oaxacadiaadia.com\/index.php?rest_route=\/wp\/v2\/posts"}],"about":[{"href":"https:\/\/oaxacadiaadia.com\/index.php?rest_route=\/wp\/v2\/types\/post"}],"author":[{"embeddable":true,"href":"https:\/\/oaxacadiaadia.com\/index.php?rest_route=\/wp\/v2\/users\/1"}],"replies":[{"embeddable":true,"href":"https:\/\/oaxacadiaadia.com\/index.php?rest_route=%2Fwp%2Fv2%2Fcomments&post=222830"}],"version-history":[{"count":1,"href":"https:\/\/oaxacadiaadia.com\/index.php?rest_route=\/wp\/v2\/posts\/222830\/revisions"}],"predecessor-version":[{"id":222832,"href":"https:\/\/oaxacadiaadia.com\/index.php?rest_route=\/wp\/v2\/posts\/222830\/revisions\/222832"}],"wp:featuredmedia":[{"embeddable":true,"href":"https:\/\/oaxacadiaadia.com\/index.php?rest_route=\/wp\/v2\/media\/222831"}],"wp:attachment":[{"href":"https:\/\/oaxacadiaadia.com\/index.php?rest_route=%2Fwp%2Fv2%2Fmedia&parent=222830"}],"wp:term":[{"taxonomy":"category","embeddable":true,"href":"https:\/\/oaxacadiaadia.com\/index.php?rest_route=%2Fwp%2Fv2%2Fcategories&post=222830"},{"taxonomy":"post_tag","embeddable":true,"href":"https:\/\/oaxacadiaadia.com\/index.php?rest_route=%2Fwp%2Fv2%2Ftags&post=222830"}],"curies":[{"name":"wp","href":"https:\/\/api.w.org\/{rel}","templated":true}]}}